{"id":90036,"date":"2022-04-08T14:05:32","date_gmt":"2022-04-08T12:05:32","guid":{"rendered":"https:\/\/slovaklinesmagazin.sk\/cms\/?p=90036"},"modified":"2022-04-08T15:28:31","modified_gmt":"2022-04-08T13:28:31","slug":"chorvatsko-uvolnuje-podmienky-pre-vstup-do-krajiny","status":"publish","type":"post","link":"https:\/\/www.slovaklinesmagazin.sk\/cms\/2022\/04\/chorvatsko-uvolnuje-podmienky-pre-vstup-do-krajiny\/","title":{"rendered":"Chorv\u00e1tsko uvo\u013e\u0148uje podmienky pre vstup do krajiny"},"content":{"rendered":"<p><strong>S \u00fa\u010dinnos\u0165ou od soboty 9. apr\u00edla uvo\u013e\u0148uje Chorv\u00e1tsko pre osoby prich\u00e1dzaj\u00face z kraj\u00edn E\u00da, podmienky a obmedzenia pre vstup do krajiny vyhl\u00e1sen\u00e9 v s\u00favislosti s pand\u00e9miou Covid-19.<\/strong><\/p>\n<p>Pod\u013ea ozn\u00e1menia \u0160t\u00e1bu civilnej ochrany Chorv\u00e1tskej republiky, s prihliadnut\u00edm na aktu\u00e1lne trendy a epidemiologick\u00fa situ\u00e1ciu, sa <strong>od 9. apr\u00edla 2022 od os\u00f4b prich\u00e1dzaj\u00facich z kraj\u00edn Eur\u00f3pskej \u00fanie nebud\u00fa, pre vstup do republiky, vy\u017eadova\u0165 digit\u00e1lne certifik\u00e1ty E\u00da COVID alebo certifik\u00e1ty preukazuj\u00face o\u010dkovanie, negat\u00edvne v\u00fdsledky testu PCR\/BAT alebo prekonanie choroby COVID-19.<\/strong> Povinnos\u0165 nosi\u0165 r\u00fa\u0161ka na verejn\u00fdch miestach bude zru\u0161en\u00e1. Povinnos\u0165 predlo\u017ei\u0165 certifik\u00e1t COVID na\u010falej plat\u00ed pre cestuj\u00facich vstupuj\u00facich do Chorv\u00e1tskej republiky z tret\u00edch kraj\u00edn, vr\u00e1tane ob\u010danov E\u00da.<\/p>\n<p>Na\u010falej nebude povinn\u00e9 nosi\u0165 r\u00fa\u0161ka na verejn\u00fdch priestranstv\u00e1ch (povinnos\u0165 nosi\u0165 r\u00fa\u0161ka na\u010falej plat\u00ed na verejn\u00fdch miestach, kde sa vykon\u00e1va zdravotn\u00e1 a soci\u00e1lna starostlivos\u0165). Uvo\u013e\u0148uj\u00fa sa aj \u010fal\u0161ie obmedzenia, ako napr\u00edklad otv\u00e1racia doba stravovac\u00edch zariaden\u00ed, barov a klubov, ktor\u00e1 bude odteraz neobmedzen\u00e1.<\/p>\n<p>V nadv\u00e4znosti na vy\u0161\u0161ie uveden\u00e9, <strong>pre cestuj\u00facich z kraj\u00edn E\u00da u\u017e nebude nutn\u00e9 vyp\u013a\u0148a\u0165 formul\u00e1r \u201eEnter Croatia\u201c.<\/strong><\/p>\n<p><em>\u201eOd sam\u00e9ho za\u010diatku pand\u00e9mie COVID-19, venuje Chorv\u00e1tsko ve\u013ek\u00fa pozornos\u0165 bezpe\u010dnosti na\u0161ich host\u00ed a ob\u010danov a\u00a0bude to tak aj v bud\u00facnosti. Zru\u0161en\u00edm povinnosti predklada\u0165 COVID certifik\u00e1ty pri vstupe do Chorv\u00e1tska pre ob\u010danov Eur\u00f3pskej \u00fanie, je na\u0161im hos\u0165om \u010falej u\u013eah\u010den\u00fd proces cestovania. V\u00edtame v\u0161etk\u00fdch host\u00ed a prajeme pr\u00edjemn\u00fd pobyt v Chorv\u00e1tsku,\u201c<\/em> uviedla ministerka cestovn\u00e9ho ruchu a \u0161portu <strong>Nikolina Brnjac.<\/strong><\/p>\n<p><em>\u201eChorv\u00e1tsko patr\u00ed na Slovensku medzi najob\u013e\u00fabenej\u0161ie zahrani\u010dn\u00e9 destin\u00e1cie. Zru\u0161enie povinnosti preukazova\u0165 sa Covid pasom alebo in\u00fdmi dokladmi o bezinfek\u010dnosti a mo\u017enos\u0165 cestova\u0165 iba s ob\u010dianskym preukazom alebo pasom v\u00fdznamne zjednodu\u0161\u00ed cesty slovensk\u00fdch turistov do Chorv\u00e1tska a prispeje k rastu cestovn\u00e9ho ruchu a n\u00e1vratu k predcovidov\u00fdm trendom\u201c,<\/em> dod\u00e1va <strong>Dubravko Miholi\u0107<\/strong>, riadite\u013e zast\u00fapenia Chorv\u00e1tskeho turistick\u00e9ho zdru\u017eenia pre \u010cesk\u00fa republiku a Slovensko.<\/p>\n<p>&nbsp;<\/p>\n<p>&nbsp;<\/p>\n","protected":false},"excerpt":{"rendered":"<p>S \u00fa\u010dinnos\u0165ou od soboty 9. apr\u00edla uvo\u013e\u0148uje Chorv\u00e1tsko pre osoby prich\u00e1dzaj\u00face z kraj\u00edn E\u00da, podmienky a obmedzenia pre vstup do krajiny vyhl\u00e1sen\u00e9 v s\u00favislosti s pand\u00e9miou Covid-19. Pod\u013ea ozn\u00e1menia \u0160t\u00e1bu civilnej ochrany Chorv\u00e1tskej republiky, s prihliadnut\u00edm na aktu\u00e1lne trendy a epidemiologick\u00fa situ\u00e1ciu, sa od 9. apr\u00edla 2022 od os\u00f4b prich\u00e1dzaj\u00facich z kraj\u00edn Eur\u00f3pskej \u00fanie nebud\u00fa, [&hellip;]<\/p>\n","protected":false},"author":7,"featured_media":0,"comment_status":"closed","ping_status":"closed","sticky":false,"template":"","format":"standard","meta":{"footnotes":""},"categories":[321],"tags":[],"class_list":["post-90036","post","type-post","status-publish","format-standard","hentry","category-tlacova-sprava","eq-blocks"],"_links":{"self":[{"href":"https:\/\/www.slovaklinesmagazin.sk\/cms\/wp-json\/wp\/v2\/posts\/90036","targetHints":{"allow":["GET"]}}],"collection":[{"href":"https:\/\/www.slovaklinesmagazin.sk\/cms\/wp-json\/wp\/v2\/posts"}],"about":[{"href":"https:\/\/www.slovaklinesmagazin.sk\/cms\/wp-json\/wp\/v2\/types\/post"}],"author":[{"embeddable":true,"href":"https:\/\/www.slovaklinesmagazin.sk\/cms\/wp-json\/wp\/v2\/users\/7"}],"replies":[{"embeddable":true,"href":"https:\/\/www.slovaklinesmagazin.sk\/cms\/wp-json\/wp\/v2\/comments?post=90036"}],"version-history":[{"count":1,"href":"https:\/\/www.slovaklinesmagazin.sk\/cms\/wp-json\/wp\/v2\/posts\/90036\/revisions"}],"predecessor-version":[{"id":90037,"href":"https:\/\/www.slovaklinesmagazin.sk\/cms\/wp-json\/wp\/v2\/posts\/90036\/revisions\/90037"}],"wp:attachment":[{"href":"https:\/\/www.slovaklinesmagazin.sk\/cms\/wp-json\/wp\/v2\/media?parent=90036"}],"wp:term":[{"taxonomy":"category","embeddable":true,"href":"https:\/\/www.slovaklinesmagazin.sk\/cms\/wp-json\/wp\/v2\/categories?post=90036"},{"taxonomy":"post_tag","embeddable":true,"href":"https:\/\/www.slovaklinesmagazin.sk\/cms\/wp-json\/wp\/v2\/tags?post=90036"}],"curies":[{"name":"wp","href":"https:\/\/api.w.org\/{rel}","templated":true}]}}