{"id":90063,"date":"2022-04-25T17:45:43","date_gmt":"2022-04-25T15:45:43","guid":{"rendered":"https:\/\/slovaklinesmagazin.sk\/cms\/?p=90063"},"modified":"2022-04-25T17:45:43","modified_gmt":"2022-04-25T15:45:43","slug":"v-bratislave-sa-otvorila-vystava-cesko-bez-barier","status":"publish","type":"post","link":"https:\/\/www.slovaklinesmagazin.sk\/cms\/2022\/04\/v-bratislave-sa-otvorila-vystava-cesko-bez-barier\/","title":{"rendered":"V\u00a0Bratislave sa otvorila v\u00fdstava \u010cesko bez bari\u00e9r"},"content":{"rendered":"<p><strong>Po \u00faspe\u0161nej v\u00fdstave Olomouc z po(d)hledu prich\u00e1dzaj\u00fa po roku na Hviezdoslavovo n\u00e1mestie v Bratislave \u010fal\u0161ie fotografie Tom\u00e1\u0161a Hel\u00edska: \u010cesko bez bari\u00e9r. Autor precestoval na svojom voz\u00ed\u010dku \u0161es\u0165 \u010desk\u00fdch krajov, aby predstavil ich kr\u00e1sy slovensk\u00fdm turistom. V\u00fdstavu pripravilo zahrani\u010dn\u00e9 zast\u00fapenie agent\u00fary CzechTourism Slovensko v spolupr\u00e1ci s \u010cesk\u00fdm centrom Bratislava a \u010desk\u00fdmi regi\u00f3nmi. Z\u00e1\u0161titu prevzali Jeho Excelencia ve\u013evyslanec \u010ceskej republiky na Slovensku Tom\u00e1\u0161 Tuh\u00fd a starostka mestskej \u010dasti Bratislava-Star\u00e9 Mesto Zuzana Aufrichtov\u00e1.<\/strong><\/p>\n<p><strong>\u00a0<\/strong><\/p>\n<p>\u201e<em>Zd\u00e1 sa, \u017ee cestovn\u00fd ruch sa po dvoch nepriazniv\u00fdch rokoch vracia do formy a n\u00e1s te\u0161\u00ed, \u017ee Slov\u00e1ci nestr\u00e1caj\u00fa o \u010cesk\u00fa republiku z\u00e1ujem. Druh\u00fa prie\u010dku v pr\u00edjazdoch z cel\u00e9ho sveta si pevne dr\u017eia u\u017e od roku 2015. N\u00e1v\u0161tevn\u00edcka ponuka sa v \u010cesku neust\u00e1le roz\u0161iruje a skvalit\u0148uje tak, aby nikoho nediskriminovala. Sme radi, \u017ee sa na\u0161ej v\u00fdzvy zmapova\u0165 regi\u00f3ny z poh\u013eadu vozi\u010dk\u00e1ra zhostil fotograf Tom\u00e1\u0161 Hel\u00edsek, ktor\u00e9ho olomouck\u00fa v\u00fdstavu sme \u00faspe\u0161ne predstavili slovensk\u00e9mu publiku v minulom roku,<\/em>\u201c hovor\u00ed <strong>Nora Gill, riadite\u013eka CzechTourism Slovensko<\/strong>.<\/p>\n<p>&nbsp;<\/p>\n<p>V lete 2021 podnikol autor fotografick\u00e9 cesty do r\u00f4znych z\u00e1kut\u00ed \u010ciech, Moravy a Sliezska, kde sa mu plne venovali region\u00e1lni partneri projektu. \u201e<em>Spojenie fotografie a cestovania po \u010desk\u00fdch regi\u00f3noch pre m\u0148a malo obrovsk\u00fd v\u00fdznam! U\u017e\u00edva\u0165 si kr\u00e1sne miesta, objavova\u0165 lokality, mest\u00e1, kde som e\u0161te nebol, bolo niekedy aj dobrodru\u017estvom. Navy\u0161e cennou sk\u00fasenos\u0165ou z poh\u013eadu vozi\u010dk\u00e1ra a rie\u0161enia bezbari\u00e9rovosti<\/em>,\u201d opisuje <strong>fotograf Tom\u00e1\u0161 Hel\u00edsek<\/strong>.<\/p>\n<p>&nbsp;<\/p>\n<div id='gallery-1' class='gallery galleryid-90063 gallery-columns-2 gallery-size-large'><figure class='gallery-item'>\n\t\t\t<div class='gallery-icon landscape'>\n\t\t\t\t<a href='https:\/\/www.slovaklinesmagazin.sk\/cms\/2022\/04\/v-bratislave-sa-otvorila-vystava-cesko-bez-barier\/vystava-tomas-helisek_hviezdoslavovo-namestie-2022-1\/'><img loading=\"lazy\" decoding=\"async\" width=\"640\" height=\"427\" src=\"https:\/\/www.slovaklinesmagazin.sk\/cms\/wp-content\/uploads\/2022\/04\/Vystava-Tomas-Helisek_Hviezdoslavovo-namestie-2022-1-1024x683.jpg\" class=\"attachment-large size-large\" alt=\"\" srcset=\"https:\/\/www.slovaklinesmagazin.sk\/cms\/wp-content\/uploads\/2022\/04\/Vystava-Tomas-Helisek_Hviezdoslavovo-namestie-2022-1-1024x683.jpg 1024w, https:\/\/www.slovaklinesmagazin.sk\/cms\/wp-content\/uploads\/2022\/04\/Vystava-Tomas-Helisek_Hviezdoslavovo-namestie-2022-1-300x200.jpg 300w, https:\/\/www.slovaklinesmagazin.sk\/cms\/wp-content\/uploads\/2022\/04\/Vystava-Tomas-Helisek_Hviezdoslavovo-namestie-2022-1-768x512.jpg 768w, https:\/\/www.slovaklinesmagazin.sk\/cms\/wp-content\/uploads\/2022\/04\/Vystava-Tomas-Helisek_Hviezdoslavovo-namestie-2022-1-600x400.jpg 600w, https:\/\/www.slovaklinesmagazin.sk\/cms\/wp-content\/uploads\/2022\/04\/Vystava-Tomas-Helisek_Hviezdoslavovo-namestie-2022-1-1536x1024.jpg 1536w, https:\/\/www.slovaklinesmagazin.sk\/cms\/wp-content\/uploads\/2022\/04\/Vystava-Tomas-Helisek_Hviezdoslavovo-namestie-2022-1-2048x1365.jpg 2048w\" sizes=\"auto, (max-width: 640px) 100vw, 640px\" \/><\/a>\n\t\t\t<\/div><\/figure><figure class='gallery-item'>\n\t\t\t<div class='gallery-icon landscape'>\n\t\t\t\t<a href='https:\/\/www.slovaklinesmagazin.sk\/cms\/2022\/04\/v-bratislave-sa-otvorila-vystava-cesko-bez-barier\/vystava-tomas-helisek_hviezdoslavovo-namestie-2022-2-2\/'><img loading=\"lazy\" decoding=\"async\" width=\"640\" height=\"427\" src=\"https:\/\/www.slovaklinesmagazin.sk\/cms\/wp-content\/uploads\/2022\/04\/Vystava-Tomas-Helisek_Hviezdoslavovo-namestie-2022-2-1-1024x683.jpg\" class=\"attachment-large size-large\" alt=\"\" srcset=\"https:\/\/www.slovaklinesmagazin.sk\/cms\/wp-content\/uploads\/2022\/04\/Vystava-Tomas-Helisek_Hviezdoslavovo-namestie-2022-2-1-1024x683.jpg 1024w, https:\/\/www.slovaklinesmagazin.sk\/cms\/wp-content\/uploads\/2022\/04\/Vystava-Tomas-Helisek_Hviezdoslavovo-namestie-2022-2-1-300x200.jpg 300w, https:\/\/www.slovaklinesmagazin.sk\/cms\/wp-content\/uploads\/2022\/04\/Vystava-Tomas-Helisek_Hviezdoslavovo-namestie-2022-2-1-768x512.jpg 768w, https:\/\/www.slovaklinesmagazin.sk\/cms\/wp-content\/uploads\/2022\/04\/Vystava-Tomas-Helisek_Hviezdoslavovo-namestie-2022-2-1-600x400.jpg 600w, https:\/\/www.slovaklinesmagazin.sk\/cms\/wp-content\/uploads\/2022\/04\/Vystava-Tomas-Helisek_Hviezdoslavovo-namestie-2022-2-1-1536x1024.jpg 1536w, https:\/\/www.slovaklinesmagazin.sk\/cms\/wp-content\/uploads\/2022\/04\/Vystava-Tomas-Helisek_Hviezdoslavovo-namestie-2022-2-1-2048x1365.jpg 2048w\" sizes=\"auto, (max-width: 640px) 100vw, 640px\" \/><\/a>\n\t\t\t<\/div><\/figure><figure class='gallery-item'>\n\t\t\t<div class='gallery-icon landscape'>\n\t\t\t\t<a href='https:\/\/www.slovaklinesmagazin.sk\/cms\/2022\/04\/v-bratislave-sa-otvorila-vystava-cesko-bez-barier\/vystava-tomas-helisek_hviezdoslavovo-namestie-2022-3\/'><img loading=\"lazy\" decoding=\"async\" width=\"640\" height=\"427\" src=\"https:\/\/www.slovaklinesmagazin.sk\/cms\/wp-content\/uploads\/2022\/04\/Vystava-Tomas-Helisek_Hviezdoslavovo-namestie-2022-3-1024x683.jpg\" class=\"attachment-large size-large\" alt=\"\" srcset=\"https:\/\/www.slovaklinesmagazin.sk\/cms\/wp-content\/uploads\/2022\/04\/Vystava-Tomas-Helisek_Hviezdoslavovo-namestie-2022-3-1024x683.jpg 1024w, https:\/\/www.slovaklinesmagazin.sk\/cms\/wp-content\/uploads\/2022\/04\/Vystava-Tomas-Helisek_Hviezdoslavovo-namestie-2022-3-300x200.jpg 300w, https:\/\/www.slovaklinesmagazin.sk\/cms\/wp-content\/uploads\/2022\/04\/Vystava-Tomas-Helisek_Hviezdoslavovo-namestie-2022-3-768x512.jpg 768w, https:\/\/www.slovaklinesmagazin.sk\/cms\/wp-content\/uploads\/2022\/04\/Vystava-Tomas-Helisek_Hviezdoslavovo-namestie-2022-3-600x400.jpg 600w, https:\/\/www.slovaklinesmagazin.sk\/cms\/wp-content\/uploads\/2022\/04\/Vystava-Tomas-Helisek_Hviezdoslavovo-namestie-2022-3-1536x1024.jpg 1536w, https:\/\/www.slovaklinesmagazin.sk\/cms\/wp-content\/uploads\/2022\/04\/Vystava-Tomas-Helisek_Hviezdoslavovo-namestie-2022-3-2048x1365.jpg 2048w\" sizes=\"auto, (max-width: 640px) 100vw, 640px\" \/><\/a>\n\t\t\t<\/div><\/figure><figure class='gallery-item'>\n\t\t\t<div class='gallery-icon landscape'>\n\t\t\t\t<a href='https:\/\/www.slovaklinesmagazin.sk\/cms\/2022\/04\/v-bratislave-sa-otvorila-vystava-cesko-bez-barier\/vystava-tomas-helisek_hviezdoslavovo-namestie-2022-4\/'><img loading=\"lazy\" decoding=\"async\" width=\"640\" height=\"427\" src=\"https:\/\/www.slovaklinesmagazin.sk\/cms\/wp-content\/uploads\/2022\/04\/Vystava-Tomas-Helisek_Hviezdoslavovo-namestie-2022-4-1024x683.jpg\" class=\"attachment-large size-large\" alt=\"\" srcset=\"https:\/\/www.slovaklinesmagazin.sk\/cms\/wp-content\/uploads\/2022\/04\/Vystava-Tomas-Helisek_Hviezdoslavovo-namestie-2022-4-1024x683.jpg 1024w, https:\/\/www.slovaklinesmagazin.sk\/cms\/wp-content\/uploads\/2022\/04\/Vystava-Tomas-Helisek_Hviezdoslavovo-namestie-2022-4-300x200.jpg 300w, https:\/\/www.slovaklinesmagazin.sk\/cms\/wp-content\/uploads\/2022\/04\/Vystava-Tomas-Helisek_Hviezdoslavovo-namestie-2022-4-768x512.jpg 768w, https:\/\/www.slovaklinesmagazin.sk\/cms\/wp-content\/uploads\/2022\/04\/Vystava-Tomas-Helisek_Hviezdoslavovo-namestie-2022-4-600x400.jpg 600w, https:\/\/www.slovaklinesmagazin.sk\/cms\/wp-content\/uploads\/2022\/04\/Vystava-Tomas-Helisek_Hviezdoslavovo-namestie-2022-4-1536x1024.jpg 1536w, https:\/\/www.slovaklinesmagazin.sk\/cms\/wp-content\/uploads\/2022\/04\/Vystava-Tomas-Helisek_Hviezdoslavovo-namestie-2022-4-2048x1365.jpg 2048w\" sizes=\"auto, (max-width: 640px) 100vw, 640px\" \/><\/a>\n\t\t\t<\/div><\/figure><figure class='gallery-item'>\n\t\t\t<div class='gallery-icon landscape'>\n\t\t\t\t<a href='https:\/\/www.slovaklinesmagazin.sk\/cms\/2022\/04\/v-bratislave-sa-otvorila-vystava-cesko-bez-barier\/vystava-tomas-helisek_hviezdoslavovo-namestie-2022-5\/'><img loading=\"lazy\" decoding=\"async\" width=\"640\" height=\"427\" src=\"https:\/\/www.slovaklinesmagazin.sk\/cms\/wp-content\/uploads\/2022\/04\/Vystava-Tomas-Helisek_Hviezdoslavovo-namestie-2022-5-1024x683.jpg\" class=\"attachment-large size-large\" alt=\"\" srcset=\"https:\/\/www.slovaklinesmagazin.sk\/cms\/wp-content\/uploads\/2022\/04\/Vystava-Tomas-Helisek_Hviezdoslavovo-namestie-2022-5-1024x683.jpg 1024w, https:\/\/www.slovaklinesmagazin.sk\/cms\/wp-content\/uploads\/2022\/04\/Vystava-Tomas-Helisek_Hviezdoslavovo-namestie-2022-5-300x200.jpg 300w, https:\/\/www.slovaklinesmagazin.sk\/cms\/wp-content\/uploads\/2022\/04\/Vystava-Tomas-Helisek_Hviezdoslavovo-namestie-2022-5-768x512.jpg 768w, https:\/\/www.slovaklinesmagazin.sk\/cms\/wp-content\/uploads\/2022\/04\/Vystava-Tomas-Helisek_Hviezdoslavovo-namestie-2022-5-600x400.jpg 600w, https:\/\/www.slovaklinesmagazin.sk\/cms\/wp-content\/uploads\/2022\/04\/Vystava-Tomas-Helisek_Hviezdoslavovo-namestie-2022-5-1536x1024.jpg 1536w, https:\/\/www.slovaklinesmagazin.sk\/cms\/wp-content\/uploads\/2022\/04\/Vystava-Tomas-Helisek_Hviezdoslavovo-namestie-2022-5-2048x1365.jpg 2048w\" sizes=\"auto, (max-width: 640px) 100vw, 640px\" \/><\/a>\n\t\t\t<\/div><\/figure><figure class='gallery-item'>\n\t\t\t<div class='gallery-icon landscape'>\n\t\t\t\t<a href='https:\/\/www.slovaklinesmagazin.sk\/cms\/2022\/04\/v-bratislave-sa-otvorila-vystava-cesko-bez-barier\/vystava-tomas-helisek_hviezdoslavovo-namestie-2022-6\/'><img loading=\"lazy\" decoding=\"async\" width=\"640\" height=\"427\" src=\"https:\/\/www.slovaklinesmagazin.sk\/cms\/wp-content\/uploads\/2022\/04\/Vystava-Tomas-Helisek_Hviezdoslavovo-namestie-2022-6-1024x683.jpg\" class=\"attachment-large size-large\" alt=\"\" srcset=\"https:\/\/www.slovaklinesmagazin.sk\/cms\/wp-content\/uploads\/2022\/04\/Vystava-Tomas-Helisek_Hviezdoslavovo-namestie-2022-6-1024x683.jpg 1024w, https:\/\/www.slovaklinesmagazin.sk\/cms\/wp-content\/uploads\/2022\/04\/Vystava-Tomas-Helisek_Hviezdoslavovo-namestie-2022-6-300x200.jpg 300w, https:\/\/www.slovaklinesmagazin.sk\/cms\/wp-content\/uploads\/2022\/04\/Vystava-Tomas-Helisek_Hviezdoslavovo-namestie-2022-6-768x512.jpg 768w, https:\/\/www.slovaklinesmagazin.sk\/cms\/wp-content\/uploads\/2022\/04\/Vystava-Tomas-Helisek_Hviezdoslavovo-namestie-2022-6-600x400.jpg 600w, https:\/\/www.slovaklinesmagazin.sk\/cms\/wp-content\/uploads\/2022\/04\/Vystava-Tomas-Helisek_Hviezdoslavovo-namestie-2022-6-1536x1024.jpg 1536w, https:\/\/www.slovaklinesmagazin.sk\/cms\/wp-content\/uploads\/2022\/04\/Vystava-Tomas-Helisek_Hviezdoslavovo-namestie-2022-6-2048x1365.jpg 2048w\" sizes=\"auto, (max-width: 640px) 100vw, 640px\" \/><\/a>\n\t\t\t<\/div><\/figure>\n\t\t<\/div>\n\n<p>&nbsp;<\/p>\n<p>V\u00fdstava je pozv\u00e1nkou na n\u00e1v\u0161tevu Stredn\u00fdch \u010ciech, V\u00fdchodn\u00fdch \u010ciech, Ju\u017enej Moravy, Olomouck\u00e9ho kraja, V\u00fdchodnej Moravy a Severnej Moravy a\u00a0Sliezska. Fotografie ukazuj\u00fa <strong>UNESCO pamiatky, atrakt\u00edvne industri\u00e1lne a kult\u00farne dedi\u010dstvo<\/strong>, aj <strong>v\u00fdh\u013eady na krajinu z\u00a0unik\u00e1tnej rozh\u013eadne<\/strong>. In\u0161pir\u00e1ciu na cestovanie dostan\u00fa nielen handicapovan\u00ed n\u00e1v\u0161tevn\u00edci, ale aj\u00a0rodiny s\u00a0mal\u00fdmi de\u0165mi, turisti so zn\u00ed\u017eenou pohyblivos\u0165ou a v\u0161etci potenci\u00e1lni v\u00fdletn\u00edci \u010di dovolenk\u00e1ri, ktor\u00ed si vyber\u00fa za svoj cie\u013e \u010cesko. \u201e<em>Ver\u00edm, \u017ee sa sn\u00edmky bud\u00fa p\u00e1\u010di\u0165 a in\u0161piruj\u00fa k n\u00e1v\u0161teve t\u00fdch, ktor\u00ed tieto miesta bu\u010f e\u0161te v\u00f4bec nepoznaj\u00fa alebo v nich u\u017e dlho neboli<\/em>,\u201c dod\u00e1va <strong>Nora Gill<\/strong>.<\/p>\n<p>&nbsp;<\/p>\n<p>Fotografie Tom\u00e1\u0161a Hel\u00edska si m\u00f4\u017eu n\u00e1v\u0161tevn\u00edci pozrie\u0165 <strong>na Hviezdoslavovom n\u00e1mest\u00ed v\u00a0Bratislave do 19. m\u00e1ja 2022<\/strong>. N\u00e1sledne sa presun\u00fa do <strong>Tren\u010d\u00edna<\/strong>, kde bud\u00fa vystaven\u00e9 na Mierovom n\u00e1mest\u00ed <strong>od 21. do 27. m\u00e1ja 2022<\/strong>. V\u00fdstavu \u010cesko bez bari\u00e9r dop\u013a\u0148a jej <strong>indoorov\u00e1 \u010das\u0165<\/strong>, ktor\u00e1 bude pr\u00edstupn\u00e1 pre z\u00e1ujemcov <strong>v\u00a0Zichyho pal\u00e1ci v Bratislave od 6. do 28. m\u00e1ja 2022<\/strong>.<\/p>\n<p>&nbsp;<\/p>\n<p><strong>Tom\u00e1\u0161 Hel\u00edsek<\/strong> (1. 3. 1986) je \u017eivotn\u00fd viacboj\u00e1r, jazdec na handbiku, fotograf a hlavne srdciar, ktor\u00fd pom\u00e1ha v neziskovom sektore. Od narodenia m\u00e1 mozgov\u00fa obrnu a prekonal 13 oper\u00e1ci\u00ed chrbtice. Poch\u00e1dza zo severu Moravy, ale v Olomouci \u017eije 10 rokov a toto mesto sa pre neho stalo srdcovou z\u00e1le\u017eitos\u0165ou. Miluje \u017eivot, svoju rodinu, \u013eud\u00ed a aj napriek svojmu handicapu sa sna\u017e\u00ed \u017ei\u0165 na maximum. Osud mu v \u017eivote nadelil zop\u00e1r nepr\u00edjemnost\u00ed a musel tvrdo bojova\u0165. Nesk\u00f4r si za\u010dal plni\u0165 sny a akt\u00edvne \u0161portova\u0165. K foteniu sa akt\u00edvne dostal v roku 2011, ale u\u017e ako die\u0165a ho fascinovali fotoapar\u00e1ty v\u0161etk\u00e9ho druhu. M\u00e1 za sebou \u00faspe\u0161n\u00fa v\u00fdstavu Olomouc z\u00a0po(d)hledu, ktor\u00e1 v\u00a0roku 2021 putovala po slovensk\u00fdch mest\u00e1ch, \u010falej semifin\u00e1le s\u00fa\u0165a\u017ee Fototalent 2019, ale aj dlhodob\u00fa spolupr\u00e1cu s\u00a0Academia Film Olomouc.<\/p>\n<p>&nbsp;<\/p>\n<p>Organiz\u00e1torom v\u00fdstavy je <strong>CzechTourism Slovensko<\/strong>.<\/p>\n<p>&nbsp;<\/p>\n<p><strong>Partneri v\u00fdstavy<\/strong>: Ve\u013evyslanectvo \u010ceskej republiky v Bratislave, Bratislava-Star\u00e9 Mesto, \u010cesk\u00e9 centrum Bratislava, Moravian-Silesian Tourism, Centr\u00e1la cestovn\u00edho ruchu V\u00fdchodn\u00ed Moravy, Centr\u00e1la cestovn\u00edho ruchu Olomouck\u00e9ho kraje, Centr\u00e1la cestovn\u00edho ruchu \u2013 Ji\u017en\u00ed Morava, Destina\u010dn\u00ed spole\u010dnost V\u00fdchodn\u00ed \u010cechy, St\u0159edo\u010desk\u00e1 centr\u00e1la cestovn\u00edho ruchu,\u00a0Turistick\u00e1 oblast Kutnohorsko Kol\u00ednsko a\u00a0Leo Express.<\/p>\n<p>&nbsp;<\/p>\n<p>Foto na titulke: V\u00fdstava Tomas Helisek_Hviezdoslavovo n\u00e1mestie 2022<\/p>\n<p>Zdroj: CzechTourism Slovensko<\/p>\n<p>&nbsp;<\/p>\n<p>&nbsp;<\/p>\n","protected":false},"excerpt":{"rendered":"<p>Po \u00faspe\u0161nej v\u00fdstave Olomouc z po(d)hledu prich\u00e1dzaj\u00fa po roku na Hviezdoslavovo n\u00e1mestie v Bratislave \u010fal\u0161ie fotografie Tom\u00e1\u0161a Hel\u00edska: \u010cesko bez bari\u00e9r. Autor precestoval na svojom voz\u00ed\u010dku \u0161es\u0165 \u010desk\u00fdch krajov, aby predstavil ich kr\u00e1sy slovensk\u00fdm turistom. V\u00fdstavu pripravilo zahrani\u010dn\u00e9 zast\u00fapenie agent\u00fary CzechTourism Slovensko v spolupr\u00e1ci s \u010cesk\u00fdm centrom Bratislava a \u010desk\u00fdmi regi\u00f3nmi. Z\u00e1\u0161titu prevzali Jeho Excelencia [&hellip;]<\/p>\n","protected":false},"author":7,"featured_media":90064,"comment_status":"closed","ping_status":"closed","sticky":false,"template":"","format":"standard","meta":{"footnotes":""},"categories":[13,5,52,321,48],"tags":[],"class_list":["post-90063","post","type-post","status-publish","format-standard","has-post-thumbnail","hentry","category-real-estate","category-celebrity-magazine","category-outdoor","category-tlacova-sprava","category-umenie-a-kultura","eq-blocks"],"_links":{"self":[{"href":"https:\/\/www.slovaklinesmagazin.sk\/cms\/wp-json\/wp\/v2\/posts\/90063","targetHints":{"allow":["GET"]}}],"collection":[{"href":"https:\/\/www.slovaklinesmagazin.sk\/cms\/wp-json\/wp\/v2\/posts"}],"about":[{"href":"https:\/\/www.slovaklinesmagazin.sk\/cms\/wp-json\/wp\/v2\/types\/post"}],"author":[{"embeddable":true,"href":"https:\/\/www.slovaklinesmagazin.sk\/cms\/wp-json\/wp\/v2\/users\/7"}],"replies":[{"embeddable":true,"href":"https:\/\/www.slovaklinesmagazin.sk\/cms\/wp-json\/wp\/v2\/comments?post=90063"}],"version-history":[{"count":1,"href":"https:\/\/www.slovaklinesmagazin.sk\/cms\/wp-json\/wp\/v2\/posts\/90063\/revisions"}],"predecessor-version":[{"id":90071,"href":"https:\/\/www.slovaklinesmagazin.sk\/cms\/wp-json\/wp\/v2\/posts\/90063\/revisions\/90071"}],"wp:featuredmedia":[{"embeddable":true,"href":"https:\/\/www.slovaklinesmagazin.sk\/cms\/wp-json\/wp\/v2\/media\/90064"}],"wp:attachment":[{"href":"https:\/\/www.slovaklinesmagazin.sk\/cms\/wp-json\/wp\/v2\/media?parent=90063"}],"wp:term":[{"taxonomy":"category","embeddable":true,"href":"https:\/\/www.slovaklinesmagazin.sk\/cms\/wp-json\/wp\/v2\/categories?post=90063"},{"taxonomy":"post_tag","embeddable":true,"href":"https:\/\/www.slovaklinesmagazin.sk\/cms\/wp-json\/wp\/v2\/tags?post=90063"}],"curies":[{"name":"wp","href":"https:\/\/api.w.org\/{rel}","templated":true}]}}