{"id":90144,"date":"2022-05-05T09:13:22","date_gmt":"2022-05-05T07:13:22","guid":{"rendered":"https:\/\/slovaklinesmagazin.sk\/cms\/?p=90144"},"modified":"2022-05-05T09:18:32","modified_gmt":"2022-05-05T07:18:32","slug":"na-dovolenku-do-spolocnosti-aj-do-kancelarie-so-stylom","status":"publish","type":"post","link":"https:\/\/www.slovaklinesmagazin.sk\/cms\/2022\/05\/na-dovolenku-do-spolocnosti-aj-do-kancelarie-so-stylom\/","title":{"rendered":"Na dovolenku, do spolo\u010dnosti aj do kancel\u00e1rie so \u0161t\u00fdlom"},"content":{"rendered":"<p>So \u0161panielskym v\u00fdrobcom okuliarov\u00fdch r\u00e1mov, ktor\u00fd sa vo svete m\u00f3dy pohybuje u\u017e dlh\u00e9 desa\u0165ro\u010dia, nem\u00f4\u017eete urobi\u0165 chybu a nech vyraz\u00edte kamko\u013evek, \u00a0\u013eudia v\u00e1\u0161 \u0161t\u00fdl ocenia.<\/p>\n<p>Zna\u010dka Etnia Barcelona sa opiera o tri z\u00e1kladn\u00e9 atrib\u00faty: kvalitu, farebnos\u0165 a umenie.<br \/>\nProdukty z jej kolekci\u00ed s\u00fa vo svete m\u00f3dy pojmom.<\/p>\n<p>V\u0161ak kto by nepoznal sl\u00e1vne ikony, ktor\u00e9 si na svojom imid\u017ei zakladaj\u00fa a ktor\u00e9 bez doplnku Etnia Barcelona neopustia svoj domov a kto by aspo\u0148 na chv\u00ed\u013eku nezat\u00fa\u017eil by\u0165 ako ony?<\/p>\n<p>Zara\u010fte sa medzi hviezdy Brada Pitta, Naomi Watts, Jay Z, Cate Blanchet \u010di Beyonc\u00e9 a majte svoj osobit\u00fd \u0161t\u00fdl.<\/p>\n<div id='gallery-1' class='gallery galleryid-90144 gallery-columns-2 gallery-size-large'><figure class='gallery-item'>\n\t\t\t<div class='gallery-icon landscape'>\n\t\t\t\t<a href='https:\/\/www.slovaklinesmagazin.sk\/cms\/2022\/05\/na-dovolenku-do-spolocnosti-aj-do-kancelarie-so-stylom\/vintage-10\/'><img loading=\"lazy\" decoding=\"async\" width=\"640\" height=\"640\" src=\"https:\/\/www.slovaklinesmagazin.sk\/cms\/wp-content\/uploads\/2022\/05\/VINTAGE-10-1024x1024.jpg\" class=\"attachment-large size-large\" alt=\"\" srcset=\"https:\/\/www.slovaklinesmagazin.sk\/cms\/wp-content\/uploads\/2022\/05\/VINTAGE-10-1024x1024.jpg 1024w, https:\/\/www.slovaklinesmagazin.sk\/cms\/wp-content\/uploads\/2022\/05\/VINTAGE-10-300x300.jpg 300w, https:\/\/www.slovaklinesmagazin.sk\/cms\/wp-content\/uploads\/2022\/05\/VINTAGE-10-150x150.jpg 150w, https:\/\/www.slovaklinesmagazin.sk\/cms\/wp-content\/uploads\/2022\/05\/VINTAGE-10-768x768.jpg 768w, https:\/\/www.slovaklinesmagazin.sk\/cms\/wp-content\/uploads\/2022\/05\/VINTAGE-10-600x600.jpg 600w, https:\/\/www.slovaklinesmagazin.sk\/cms\/wp-content\/uploads\/2022\/05\/VINTAGE-10.jpg 1080w\" sizes=\"auto, (max-width: 640px) 100vw, 640px\" \/><\/a>\n\t\t\t<\/div><\/figure><figure class='gallery-item'>\n\t\t\t<div class='gallery-icon portrait'>\n\t\t\t\t<a href='https:\/\/www.slovaklinesmagazin.sk\/cms\/2022\/05\/na-dovolenku-do-spolocnosti-aj-do-kancelarie-so-stylom\/vintage-11\/'><img loading=\"lazy\" decoding=\"async\" width=\"640\" height=\"640\" src=\"https:\/\/www.slovaklinesmagazin.sk\/cms\/wp-content\/uploads\/2022\/05\/VINTAGE-11-1024x1024.jpg\" class=\"attachment-large size-large\" alt=\"\" srcset=\"https:\/\/www.slovaklinesmagazin.sk\/cms\/wp-content\/uploads\/2022\/05\/VINTAGE-11-1024x1024.jpg 1024w, https:\/\/www.slovaklinesmagazin.sk\/cms\/wp-content\/uploads\/2022\/05\/VINTAGE-11-300x300.jpg 300w, https:\/\/www.slovaklinesmagazin.sk\/cms\/wp-content\/uploads\/2022\/05\/VINTAGE-11-150x150.jpg 150w, https:\/\/www.slovaklinesmagazin.sk\/cms\/wp-content\/uploads\/2022\/05\/VINTAGE-11-768x769.jpg 768w, https:\/\/www.slovaklinesmagazin.sk\/cms\/wp-content\/uploads\/2022\/05\/VINTAGE-11-600x601.jpg 600w, https:\/\/www.slovaklinesmagazin.sk\/cms\/wp-content\/uploads\/2022\/05\/VINTAGE-11.jpg 1079w\" sizes=\"auto, (max-width: 640px) 100vw, 640px\" \/><\/a>\n\t\t\t<\/div><\/figure><figure class='gallery-item'>\n\t\t\t<div class='gallery-icon landscape'>\n\t\t\t\t<a href='https:\/\/www.slovaklinesmagazin.sk\/cms\/2022\/05\/na-dovolenku-do-spolocnosti-aj-do-kancelarie-so-stylom\/vintage-12\/'><img loading=\"lazy\" decoding=\"async\" width=\"640\" height=\"640\" src=\"https:\/\/www.slovaklinesmagazin.sk\/cms\/wp-content\/uploads\/2022\/05\/VINTAGE-12-1024x1024.jpg\" class=\"attachment-large size-large\" alt=\"\" srcset=\"https:\/\/www.slovaklinesmagazin.sk\/cms\/wp-content\/uploads\/2022\/05\/VINTAGE-12-1024x1024.jpg 1024w, https:\/\/www.slovaklinesmagazin.sk\/cms\/wp-content\/uploads\/2022\/05\/VINTAGE-12-300x300.jpg 300w, https:\/\/www.slovaklinesmagazin.sk\/cms\/wp-content\/uploads\/2022\/05\/VINTAGE-12-150x150.jpg 150w, https:\/\/www.slovaklinesmagazin.sk\/cms\/wp-content\/uploads\/2022\/05\/VINTAGE-12-768x768.jpg 768w, https:\/\/www.slovaklinesmagazin.sk\/cms\/wp-content\/uploads\/2022\/05\/VINTAGE-12-600x600.jpg 600w, https:\/\/www.slovaklinesmagazin.sk\/cms\/wp-content\/uploads\/2022\/05\/VINTAGE-12.jpg 1080w\" sizes=\"auto, (max-width: 640px) 100vw, 640px\" \/><\/a>\n\t\t\t<\/div><\/figure><figure class='gallery-item'>\n\t\t\t<div class='gallery-icon landscape'>\n\t\t\t\t<a href='https:\/\/www.slovaklinesmagazin.sk\/cms\/2022\/05\/na-dovolenku-do-spolocnosti-aj-do-kancelarie-so-stylom\/vintage-13\/'><img loading=\"lazy\" decoding=\"async\" width=\"640\" height=\"640\" src=\"https:\/\/www.slovaklinesmagazin.sk\/cms\/wp-content\/uploads\/2022\/05\/VINTAGE-13-1024x1024.jpg\" class=\"attachment-large size-large\" alt=\"\" srcset=\"https:\/\/www.slovaklinesmagazin.sk\/cms\/wp-content\/uploads\/2022\/05\/VINTAGE-13-1024x1024.jpg 1024w, https:\/\/www.slovaklinesmagazin.sk\/cms\/wp-content\/uploads\/2022\/05\/VINTAGE-13-300x300.jpg 300w, https:\/\/www.slovaklinesmagazin.sk\/cms\/wp-content\/uploads\/2022\/05\/VINTAGE-13-150x150.jpg 150w, https:\/\/www.slovaklinesmagazin.sk\/cms\/wp-content\/uploads\/2022\/05\/VINTAGE-13-768x768.jpg 768w, https:\/\/www.slovaklinesmagazin.sk\/cms\/wp-content\/uploads\/2022\/05\/VINTAGE-13-600x600.jpg 600w, https:\/\/www.slovaklinesmagazin.sk\/cms\/wp-content\/uploads\/2022\/05\/VINTAGE-13.jpg 1080w\" sizes=\"auto, (max-width: 640px) 100vw, 640px\" \/><\/a>\n\t\t\t<\/div><\/figure>\n\t\t<\/div>\n\n<p><strong>Kvalita<\/strong><\/p>\n<p>Na kvalite si Etnia Barcelona zaklad\u00e1, a preto pou\u017e\u00edva na v\u00fdrobu len tie najkvalitnej\u0161ie materi\u00e1ly. Okuliare vyr\u00e1ba z pri\u0301rodne\u0301ho aceta\u0301tu od firmy Mazzucchellli, z materia\u0301lu, ktory\u0301 pocha\u0301dza z\u00a0bavlny, zreje 3 mesiace a vyznac\u030cuje sa komfortom a tva\u0301rnost\u030cou.<\/p>\n<p>Acet\u00e1t Mazzucchellli\u00a0 vyr\u00e1baj\u00fa v talianskej Castiglione Olona od roku 1849 a samozrejmos\u0165ou je 100% recyklovate\u013enos\u0165 a biologick\u00e1 odb\u00farate\u013enos\u0165 tohto materi\u00e1lu.<\/p>\n<div id='gallery-2' class='gallery galleryid-90144 gallery-columns-2 gallery-size-large'><figure class='gallery-item'>\n\t\t\t<div class='gallery-icon landscape'>\n\t\t\t\t<a href='https:\/\/www.slovaklinesmagazin.sk\/cms\/2022\/05\/na-dovolenku-do-spolocnosti-aj-do-kancelarie-so-stylom\/5_850\/'><img loading=\"lazy\" decoding=\"async\" width=\"640\" height=\"640\" src=\"https:\/\/www.slovaklinesmagazin.sk\/cms\/wp-content\/uploads\/2022\/05\/5_850-1024x1024.jpg\" class=\"attachment-large size-large\" alt=\"\" srcset=\"https:\/\/www.slovaklinesmagazin.sk\/cms\/wp-content\/uploads\/2022\/05\/5_850-1024x1024.jpg 1024w, https:\/\/www.slovaklinesmagazin.sk\/cms\/wp-content\/uploads\/2022\/05\/5_850-300x300.jpg 300w, https:\/\/www.slovaklinesmagazin.sk\/cms\/wp-content\/uploads\/2022\/05\/5_850-150x150.jpg 150w, https:\/\/www.slovaklinesmagazin.sk\/cms\/wp-content\/uploads\/2022\/05\/5_850-768x768.jpg 768w, https:\/\/www.slovaklinesmagazin.sk\/cms\/wp-content\/uploads\/2022\/05\/5_850-600x600.jpg 600w, https:\/\/www.slovaklinesmagazin.sk\/cms\/wp-content\/uploads\/2022\/05\/5_850.jpg 1080w\" sizes=\"auto, (max-width: 640px) 100vw, 640px\" \/><\/a>\n\t\t\t<\/div><\/figure><figure class='gallery-item'>\n\t\t\t<div class='gallery-icon landscape'>\n\t\t\t\t<a href='https:\/\/www.slovaklinesmagazin.sk\/cms\/2022\/05\/na-dovolenku-do-spolocnosti-aj-do-kancelarie-so-stylom\/3_669\/'><img loading=\"lazy\" decoding=\"async\" width=\"640\" height=\"640\" src=\"https:\/\/www.slovaklinesmagazin.sk\/cms\/wp-content\/uploads\/2022\/05\/3_669-1024x1024.jpg\" class=\"attachment-large size-large\" alt=\"\" srcset=\"https:\/\/www.slovaklinesmagazin.sk\/cms\/wp-content\/uploads\/2022\/05\/3_669-1024x1024.jpg 1024w, https:\/\/www.slovaklinesmagazin.sk\/cms\/wp-content\/uploads\/2022\/05\/3_669-300x300.jpg 300w, https:\/\/www.slovaklinesmagazin.sk\/cms\/wp-content\/uploads\/2022\/05\/3_669-150x150.jpg 150w, https:\/\/www.slovaklinesmagazin.sk\/cms\/wp-content\/uploads\/2022\/05\/3_669-768x768.jpg 768w, https:\/\/www.slovaklinesmagazin.sk\/cms\/wp-content\/uploads\/2022\/05\/3_669-600x600.jpg 600w, https:\/\/www.slovaklinesmagazin.sk\/cms\/wp-content\/uploads\/2022\/05\/3_669.jpg 1080w\" sizes=\"auto, (max-width: 640px) 100vw, 640px\" \/><\/a>\n\t\t\t<\/div><\/figure><figure class='gallery-item'>\n\t\t\t<div class='gallery-icon landscape'>\n\t\t\t\t<a href='https:\/\/www.slovaklinesmagazin.sk\/cms\/2022\/05\/na-dovolenku-do-spolocnosti-aj-do-kancelarie-so-stylom\/2_517\/'><img loading=\"lazy\" decoding=\"async\" width=\"640\" height=\"640\" src=\"https:\/\/www.slovaklinesmagazin.sk\/cms\/wp-content\/uploads\/2022\/05\/2_517-1024x1024.jpg\" class=\"attachment-large size-large\" alt=\"\" srcset=\"https:\/\/www.slovaklinesmagazin.sk\/cms\/wp-content\/uploads\/2022\/05\/2_517-1024x1024.jpg 1024w, https:\/\/www.slovaklinesmagazin.sk\/cms\/wp-content\/uploads\/2022\/05\/2_517-300x300.jpg 300w, https:\/\/www.slovaklinesmagazin.sk\/cms\/wp-content\/uploads\/2022\/05\/2_517-150x150.jpg 150w, https:\/\/www.slovaklinesmagazin.sk\/cms\/wp-content\/uploads\/2022\/05\/2_517-768x768.jpg 768w, https:\/\/www.slovaklinesmagazin.sk\/cms\/wp-content\/uploads\/2022\/05\/2_517-600x600.jpg 600w, https:\/\/www.slovaklinesmagazin.sk\/cms\/wp-content\/uploads\/2022\/05\/2_517.jpg 1080w\" sizes=\"auto, (max-width: 640px) 100vw, 640px\" \/><\/a>\n\t\t\t<\/div><\/figure><figure class='gallery-item'>\n\t\t\t<div class='gallery-icon landscape'>\n\t\t\t\t<a href='https:\/\/www.slovaklinesmagazin.sk\/cms\/2022\/05\/na-dovolenku-do-spolocnosti-aj-do-kancelarie-so-stylom\/1_343\/'><img loading=\"lazy\" decoding=\"async\" width=\"640\" height=\"640\" src=\"https:\/\/www.slovaklinesmagazin.sk\/cms\/wp-content\/uploads\/2022\/05\/1_343-1024x1024.jpg\" class=\"attachment-large size-large\" alt=\"\" srcset=\"https:\/\/www.slovaklinesmagazin.sk\/cms\/wp-content\/uploads\/2022\/05\/1_343-1024x1024.jpg 1024w, https:\/\/www.slovaklinesmagazin.sk\/cms\/wp-content\/uploads\/2022\/05\/1_343-300x300.jpg 300w, https:\/\/www.slovaklinesmagazin.sk\/cms\/wp-content\/uploads\/2022\/05\/1_343-150x150.jpg 150w, https:\/\/www.slovaklinesmagazin.sk\/cms\/wp-content\/uploads\/2022\/05\/1_343-768x768.jpg 768w, https:\/\/www.slovaklinesmagazin.sk\/cms\/wp-content\/uploads\/2022\/05\/1_343-600x600.jpg 600w, https:\/\/www.slovaklinesmagazin.sk\/cms\/wp-content\/uploads\/2022\/05\/1_343.jpg 1080w\" sizes=\"auto, (max-width: 640px) 100vw, 640px\" \/><\/a>\n\t\t\t<\/div><\/figure>\n\t\t<\/div>\n\n<p>V kolekcii slnec\u030cny\u0301ch okuliarov Etnia Barcelona pouz\u030ci\u0301va s\u030cos\u030covky od firmy Barberini. Su\u0301 z minera\u0301lneho skla s technolo\u0301giou HD Color, ktora\u0301 je najvyvinutejs\u030cia na svete. Okuliare tak ponu\u0301kaju\u0301 najleps\u030ci\u0301 farebny\u0301 za\u0301z\u030citok, dokonalu\u0301 kvalitu videnia s maxima\u0301lnou moz\u030cnou ochranou oc\u030ci\u0301. Jednou z najleps\u030ci\u0301ch charakteristi\u0301k okuliarov Etnia Barcelona je, z\u030ce su\u0301 s\u030cpecia\u0301lne navrhnute\u0301\u00a0\u00a0\u00a0\u00a0\u00a0 a vyrobene\u0301 tak, aby poskytovali maxima\u0301lne pohodlie. Ti\u0301m vlastny\u0301ch dizajne\u0301rov vytva\u0301ra v Barcelone kaz\u030cdu\u0301 kolekciu od same\u0301ho zac\u030ciatku, od prve\u0301ho na\u0301vrhu. Tova\u0301rne, ktore\u0301 okuliare vyra\u0301baju\u0301, vlastni\u0301 Etnia Barcelona, c\u030co umoz\u030cn\u030cuje kontrolovat\u030c celu\u0301 vy\u0301robu a to zaruc\u030cuje najvys\u030cs\u030ciu kvalitu produktov. Cel\u00fd proces v\u00fdroby od n\u00e1vrhu a\u017e po hotov\u00e9 okuliare trv\u00e1 9 mesiacov.<\/p>\n<p><strong>Farba<\/strong><\/p>\n<p>Etnia je priekopn\u00edkom v s\u030ctu\u0301diu a aplika\u0301cii farieb, m\u00e1 v\u00a0kolekcii viac ako 500 vlastny\u0301ch farieb ins\u030cpirovany\u0301mi svetom mo\u0301dy a umenia. Okrem jedine\u010dn\u00fdch farieb pou\u017e\u00edva aj unik\u00e1tne farebn\u00e9 \u0161trukt\u00fary. V\u00a0ka\u017edej sez\u00f3ne sa objavuj\u00fa nov\u00e9 a nov\u00e9 farebn\u00e9 kombin\u00e1cie.<\/p>\n<div id='gallery-3' class='gallery galleryid-90144 gallery-columns-2 gallery-size-large'><figure class='gallery-item'>\n\t\t\t<div class='gallery-icon landscape'>\n\t\t\t\t<a href='https:\/\/www.slovaklinesmagazin.sk\/cms\/2022\/05\/na-dovolenku-do-spolocnosti-aj-do-kancelarie-so-stylom\/producto01\/'><img loading=\"lazy\" decoding=\"async\" width=\"640\" height=\"640\" src=\"https:\/\/www.slovaklinesmagazin.sk\/cms\/wp-content\/uploads\/2022\/05\/producto01-1024x1024.jpg\" class=\"attachment-large size-large\" alt=\"\" srcset=\"https:\/\/www.slovaklinesmagazin.sk\/cms\/wp-content\/uploads\/2022\/05\/producto01-1024x1024.jpg 1024w, https:\/\/www.slovaklinesmagazin.sk\/cms\/wp-content\/uploads\/2022\/05\/producto01-300x300.jpg 300w, https:\/\/www.slovaklinesmagazin.sk\/cms\/wp-content\/uploads\/2022\/05\/producto01-150x150.jpg 150w, https:\/\/www.slovaklinesmagazin.sk\/cms\/wp-content\/uploads\/2022\/05\/producto01-768x768.jpg 768w, https:\/\/www.slovaklinesmagazin.sk\/cms\/wp-content\/uploads\/2022\/05\/producto01-600x600.jpg 600w, https:\/\/www.slovaklinesmagazin.sk\/cms\/wp-content\/uploads\/2022\/05\/producto01.jpg 1080w\" sizes=\"auto, (max-width: 640px) 100vw, 640px\" \/><\/a>\n\t\t\t<\/div><\/figure><figure class='gallery-item'>\n\t\t\t<div class='gallery-icon landscape'>\n\t\t\t\t<a href='https:\/\/www.slovaklinesmagazin.sk\/cms\/2022\/05\/na-dovolenku-do-spolocnosti-aj-do-kancelarie-so-stylom\/producto02\/'><img loading=\"lazy\" decoding=\"async\" width=\"640\" height=\"640\" src=\"https:\/\/www.slovaklinesmagazin.sk\/cms\/wp-content\/uploads\/2022\/05\/producto02-1024x1024.jpg\" class=\"attachment-large size-large\" alt=\"\" srcset=\"https:\/\/www.slovaklinesmagazin.sk\/cms\/wp-content\/uploads\/2022\/05\/producto02-1024x1024.jpg 1024w, https:\/\/www.slovaklinesmagazin.sk\/cms\/wp-content\/uploads\/2022\/05\/producto02-300x300.jpg 300w, https:\/\/www.slovaklinesmagazin.sk\/cms\/wp-content\/uploads\/2022\/05\/producto02-150x150.jpg 150w, https:\/\/www.slovaklinesmagazin.sk\/cms\/wp-content\/uploads\/2022\/05\/producto02-768x768.jpg 768w, https:\/\/www.slovaklinesmagazin.sk\/cms\/wp-content\/uploads\/2022\/05\/producto02-600x600.jpg 600w, https:\/\/www.slovaklinesmagazin.sk\/cms\/wp-content\/uploads\/2022\/05\/producto02.jpg 1080w\" sizes=\"auto, (max-width: 640px) 100vw, 640px\" \/><\/a>\n\t\t\t<\/div><\/figure><figure class='gallery-item'>\n\t\t\t<div class='gallery-icon landscape'>\n\t\t\t\t<a href='https:\/\/www.slovaklinesmagazin.sk\/cms\/2022\/05\/na-dovolenku-do-spolocnosti-aj-do-kancelarie-so-stylom\/producto04\/'><img loading=\"lazy\" decoding=\"async\" width=\"640\" height=\"640\" src=\"https:\/\/www.slovaklinesmagazin.sk\/cms\/wp-content\/uploads\/2022\/05\/producto04-1024x1024.jpg\" class=\"attachment-large size-large\" alt=\"\" srcset=\"https:\/\/www.slovaklinesmagazin.sk\/cms\/wp-content\/uploads\/2022\/05\/producto04-1024x1024.jpg 1024w, https:\/\/www.slovaklinesmagazin.sk\/cms\/wp-content\/uploads\/2022\/05\/producto04-300x300.jpg 300w, https:\/\/www.slovaklinesmagazin.sk\/cms\/wp-content\/uploads\/2022\/05\/producto04-150x150.jpg 150w, https:\/\/www.slovaklinesmagazin.sk\/cms\/wp-content\/uploads\/2022\/05\/producto04-768x768.jpg 768w, https:\/\/www.slovaklinesmagazin.sk\/cms\/wp-content\/uploads\/2022\/05\/producto04-600x600.jpg 600w, https:\/\/www.slovaklinesmagazin.sk\/cms\/wp-content\/uploads\/2022\/05\/producto04.jpg 1080w\" sizes=\"auto, (max-width: 640px) 100vw, 640px\" \/><\/a>\n\t\t\t<\/div><\/figure><figure class='gallery-item'>\n\t\t\t<div class='gallery-icon landscape'>\n\t\t\t\t<a href='https:\/\/www.slovaklinesmagazin.sk\/cms\/2022\/05\/na-dovolenku-do-spolocnosti-aj-do-kancelarie-so-stylom\/producto05\/'><img loading=\"lazy\" decoding=\"async\" width=\"640\" height=\"640\" src=\"https:\/\/www.slovaklinesmagazin.sk\/cms\/wp-content\/uploads\/2022\/05\/producto05-1024x1024.jpg\" class=\"attachment-large size-large\" alt=\"\" srcset=\"https:\/\/www.slovaklinesmagazin.sk\/cms\/wp-content\/uploads\/2022\/05\/producto05-1024x1024.jpg 1024w, https:\/\/www.slovaklinesmagazin.sk\/cms\/wp-content\/uploads\/2022\/05\/producto05-300x300.jpg 300w, https:\/\/www.slovaklinesmagazin.sk\/cms\/wp-content\/uploads\/2022\/05\/producto05-150x150.jpg 150w, https:\/\/www.slovaklinesmagazin.sk\/cms\/wp-content\/uploads\/2022\/05\/producto05-768x768.jpg 768w, https:\/\/www.slovaklinesmagazin.sk\/cms\/wp-content\/uploads\/2022\/05\/producto05-600x600.jpg 600w, https:\/\/www.slovaklinesmagazin.sk\/cms\/wp-content\/uploads\/2022\/05\/producto05.jpg 1080w\" sizes=\"auto, (max-width: 640px) 100vw, 640px\" \/><\/a>\n\t\t\t<\/div><\/figure><figure class='gallery-item'>\n\t\t\t<div class='gallery-icon landscape'>\n\t\t\t\t<a href='https:\/\/www.slovaklinesmagazin.sk\/cms\/2022\/05\/na-dovolenku-do-spolocnosti-aj-do-kancelarie-so-stylom\/producto06\/'><img loading=\"lazy\" decoding=\"async\" width=\"640\" height=\"640\" src=\"https:\/\/www.slovaklinesmagazin.sk\/cms\/wp-content\/uploads\/2022\/05\/producto06-1024x1024.jpg\" class=\"attachment-large size-large\" alt=\"\" srcset=\"https:\/\/www.slovaklinesmagazin.sk\/cms\/wp-content\/uploads\/2022\/05\/producto06-1024x1024.jpg 1024w, https:\/\/www.slovaklinesmagazin.sk\/cms\/wp-content\/uploads\/2022\/05\/producto06-300x300.jpg 300w, https:\/\/www.slovaklinesmagazin.sk\/cms\/wp-content\/uploads\/2022\/05\/producto06-150x150.jpg 150w, https:\/\/www.slovaklinesmagazin.sk\/cms\/wp-content\/uploads\/2022\/05\/producto06-768x768.jpg 768w, https:\/\/www.slovaklinesmagazin.sk\/cms\/wp-content\/uploads\/2022\/05\/producto06-600x600.jpg 600w, https:\/\/www.slovaklinesmagazin.sk\/cms\/wp-content\/uploads\/2022\/05\/producto06.jpg 1080w\" sizes=\"auto, (max-width: 640px) 100vw, 640px\" \/><\/a>\n\t\t\t<\/div><\/figure><figure class='gallery-item'>\n\t\t\t<div class='gallery-icon landscape'>\n\t\t\t\t<a href='https:\/\/www.slovaklinesmagazin.sk\/cms\/2022\/05\/na-dovolenku-do-spolocnosti-aj-do-kancelarie-so-stylom\/producto07\/'><img loading=\"lazy\" decoding=\"async\" width=\"640\" height=\"640\" src=\"https:\/\/www.slovaklinesmagazin.sk\/cms\/wp-content\/uploads\/2022\/05\/producto07-1024x1024.jpg\" class=\"attachment-large size-large\" alt=\"\" srcset=\"https:\/\/www.slovaklinesmagazin.sk\/cms\/wp-content\/uploads\/2022\/05\/producto07-1024x1024.jpg 1024w, https:\/\/www.slovaklinesmagazin.sk\/cms\/wp-content\/uploads\/2022\/05\/producto07-300x300.jpg 300w, https:\/\/www.slovaklinesmagazin.sk\/cms\/wp-content\/uploads\/2022\/05\/producto07-150x150.jpg 150w, https:\/\/www.slovaklinesmagazin.sk\/cms\/wp-content\/uploads\/2022\/05\/producto07-768x768.jpg 768w, https:\/\/www.slovaklinesmagazin.sk\/cms\/wp-content\/uploads\/2022\/05\/producto07-600x600.jpg 600w, https:\/\/www.slovaklinesmagazin.sk\/cms\/wp-content\/uploads\/2022\/05\/producto07.jpg 1080w\" sizes=\"auto, (max-width: 640px) 100vw, 640px\" \/><\/a>\n\t\t\t<\/div><\/figure><figure class='gallery-item'>\n\t\t\t<div class='gallery-icon landscape'>\n\t\t\t\t<a href='https:\/\/www.slovaklinesmagazin.sk\/cms\/2022\/05\/na-dovolenku-do-spolocnosti-aj-do-kancelarie-so-stylom\/producto08\/'><img loading=\"lazy\" decoding=\"async\" width=\"640\" height=\"640\" src=\"https:\/\/www.slovaklinesmagazin.sk\/cms\/wp-content\/uploads\/2022\/05\/producto08-1024x1024.jpg\" class=\"attachment-large size-large\" alt=\"\" srcset=\"https:\/\/www.slovaklinesmagazin.sk\/cms\/wp-content\/uploads\/2022\/05\/producto08-1024x1024.jpg 1024w, https:\/\/www.slovaklinesmagazin.sk\/cms\/wp-content\/uploads\/2022\/05\/producto08-300x300.jpg 300w, https:\/\/www.slovaklinesmagazin.sk\/cms\/wp-content\/uploads\/2022\/05\/producto08-150x150.jpg 150w, https:\/\/www.slovaklinesmagazin.sk\/cms\/wp-content\/uploads\/2022\/05\/producto08-768x768.jpg 768w, https:\/\/www.slovaklinesmagazin.sk\/cms\/wp-content\/uploads\/2022\/05\/producto08-600x600.jpg 600w, https:\/\/www.slovaklinesmagazin.sk\/cms\/wp-content\/uploads\/2022\/05\/producto08.jpg 1080w\" sizes=\"auto, (max-width: 640px) 100vw, 640px\" \/><\/a>\n\t\t\t<\/div><\/figure><figure class='gallery-item'>\n\t\t\t<div class='gallery-icon landscape'>\n\t\t\t\t<a href='https:\/\/www.slovaklinesmagazin.sk\/cms\/2022\/05\/na-dovolenku-do-spolocnosti-aj-do-kancelarie-so-stylom\/producto09\/'><img loading=\"lazy\" decoding=\"async\" width=\"640\" height=\"640\" src=\"https:\/\/www.slovaklinesmagazin.sk\/cms\/wp-content\/uploads\/2022\/05\/producto09-1024x1024.jpg\" class=\"attachment-large size-large\" alt=\"\" srcset=\"https:\/\/www.slovaklinesmagazin.sk\/cms\/wp-content\/uploads\/2022\/05\/producto09-1024x1024.jpg 1024w, https:\/\/www.slovaklinesmagazin.sk\/cms\/wp-content\/uploads\/2022\/05\/producto09-300x300.jpg 300w, https:\/\/www.slovaklinesmagazin.sk\/cms\/wp-content\/uploads\/2022\/05\/producto09-150x150.jpg 150w, https:\/\/www.slovaklinesmagazin.sk\/cms\/wp-content\/uploads\/2022\/05\/producto09-768x768.jpg 768w, https:\/\/www.slovaklinesmagazin.sk\/cms\/wp-content\/uploads\/2022\/05\/producto09-600x600.jpg 600w, https:\/\/www.slovaklinesmagazin.sk\/cms\/wp-content\/uploads\/2022\/05\/producto09.jpg 1080w\" sizes=\"auto, (max-width: 640px) 100vw, 640px\" \/><\/a>\n\t\t\t<\/div><\/figure>\n\t\t<\/div>\n\n<p><strong>\u00a0<\/strong><strong>Umenie<\/strong><\/p>\n<p>Etnia si vytv\u00e1ra vlastn\u00fa hist\u00f3riu a kult\u00faru v spolupr\u00e1ci s v\u00fdznamn\u00fdmi umelcami a fotografmi.<\/p>\n<p>Medzi fotografmi m\u00f4\u017eeme spomen\u00fa\u0165 kontroverzn\u00e9ho Japonca Noboyushi Arakiho, ktor\u00fd spolupracoval s Etniou na kampani kolekcie slne\u010dn\u00fdch okuliarov Etnia Paris-Tokyo, alebo Stevea McCurryho, sl\u00e1vneho dokument\u00e1rneho fotografa, spojen\u00e9ho s kampa\u0148ou Wild Love in Africa<\/p>\n<p>Medzi rebeluj\u00facimi umelcami je to franc\u00fazsky maliar a konceptu\u00e1lny umelec Yves Klein. Klein tvoril od roku 1947 monochr\u00f3mne obrazy, od roku 1956 v\u00e4\u010d\u0161inou v \u017eiarivej ultramar\u00ednovej farbe (nes\u00faci n\u00e1zov International Klein Blue). Etnia Barcelona z\u00edskala opr\u00e1vnenie t\u00fato patentovan\u00fa farbu pou\u017ei\u0165 na svoju limitovan\u00fa, ru\u010dne vyr\u00e1ban\u00fa kolekciu. Druh\u00fd rad tejto limitovanej kolekcie sa u\u017e \u010doskoro objav\u00ed medzi tohtoro\u010dn\u00fdmi novinkami.<\/p>\n<p style=\"text-align: center;\"><img loading=\"lazy\" decoding=\"async\" class=\"aligncenter size-full wp-image-90161\" src=\"https:\/\/slovaklinesmagazin.sk\/cms\/wp-content\/uploads\/2022\/05\/2019_11_Bowie_Redes_Fotos_07.jpg\" alt=\"\" width=\"1080\" height=\"1080\" srcset=\"https:\/\/www.slovaklinesmagazin.sk\/cms\/wp-content\/uploads\/2022\/05\/2019_11_Bowie_Redes_Fotos_07.jpg 1080w, https:\/\/www.slovaklinesmagazin.sk\/cms\/wp-content\/uploads\/2022\/05\/2019_11_Bowie_Redes_Fotos_07-300x300.jpg 300w, https:\/\/www.slovaklinesmagazin.sk\/cms\/wp-content\/uploads\/2022\/05\/2019_11_Bowie_Redes_Fotos_07-1024x1024.jpg 1024w, https:\/\/www.slovaklinesmagazin.sk\/cms\/wp-content\/uploads\/2022\/05\/2019_11_Bowie_Redes_Fotos_07-150x150.jpg 150w, https:\/\/www.slovaklinesmagazin.sk\/cms\/wp-content\/uploads\/2022\/05\/2019_11_Bowie_Redes_Fotos_07-768x768.jpg 768w, https:\/\/www.slovaklinesmagazin.sk\/cms\/wp-content\/uploads\/2022\/05\/2019_11_Bowie_Redes_Fotos_07-600x600.jpg 600w\" sizes=\"auto, (max-width: 1080px) 100vw, 1080px\" \/><\/p>\n<p>Rovnako z\u00edskala pr\u00e1va pou\u017ei\u0165 pre svoju limitovan\u00fa kolekciu obrazy Jeana-Michela Basquiata. V\u00fdrezy z Basquiatov\u00fdch obrazov Fallen Angel (1981), In This Case (1983) a Glenn (1984) s\u00fa na straniciach a ka\u017ed\u00fd model je tak origin\u00e1lom. \u010eal\u0161ou in\u0161pir\u00e1ciou pre limitovan\u00fa kolekciu bol David Bowie a tohtoro\u010dn\u00fa limitovan\u00fa kolekciu, u\u017e druh\u00fd rad, vytvorila Etnia spolo\u010dne s Ignasi Monrealom.<\/p>\n<p><strong>Hist\u00f3ria zna\u010dky<\/strong><\/p>\n<p>Etnia Barcelona je nez\u00e1visl\u00e1 zna\u010dka a stavia na sk\u00fasenostiach troch gener\u00e1ci\u00ed.<\/p>\n<p>Fulgencio Ramo, star\u00fd otec zakladate\u013ea Etnie, pracoval mnoho rokov vo v\u00fdrobe okuliarov. V 50. rokoch otvoril vlastn\u00fa tov\u00e1re\u0148 v barcelonskej \u0161tvrti Poble Sec. \u0160tafetu po \u0148om prevzal jeho za\u0165 Josep Pellicer. A kone\u010dne Josephov syn, David Pellicer v roku 2001 zalo\u017eil firmu Etnia Barcelona. Vo svojich 23 rokoch pri\u0161iel s prelomovou kolekciou plnou farieb. Dovtedy boli v\u0161etky modely \u010dierne, hned\u00e9, \u0161ed\u00e9&#8230; Sp\u00f4sobil revol\u00faciu. \u0164a\u017eko by ste v tom \u010dase na trhu o\u010dnej optiky na\u0161li farebnej\u0161ie a v\u00fdraznej\u0161ie modely, ne\u017e pr\u00e1ve Etnie. V minulom roku Etnia osl\u00e1vila dvadsiate narodeniny vytvoren\u00edm limitovanej kolekcie, v ktorej sa vracia k modelom a farebn\u00fdm vzorom svojej prvej kolekcie.<\/p>\n<p>Cie\u013eom zna\u010dky Etnia Barcelona je zv\u00fdrazni\u0165 vzh\u013ead a pod\u010diarknu\u0165 osobnos\u0165 ka\u017ed\u00e9ho, kto ich nos\u00ed, v okuliaroch Etnia Barcelona sa budete c\u00edti\u0165 skvele!<\/p>\n<p>Do va\u0161ich opt\u00edk ich prin\u00e1\u0161a firma Eikon, ktor\u00e1 sa venuje predaju kvalitn\u00fdch okuliarov u\u017e od roku 1993 a s Etniou spolupracuje od sam\u00e9ho za\u010diatku.<\/p>\n<p><strong>Nov\u00e1 kolekcia u\u017e je na ceste k v\u00e1m.<\/strong><\/p>\n<p><a href=\"http:\/\/www.etniabarcelona.com\">www.etniabarcelona.com<\/a><br \/>\n<a href=\"http:\/\/www.eikon.cz\">www.eikon.cz<\/a><\/p>\n<p>&nbsp;<\/p>\n","protected":false},"excerpt":{"rendered":"<p>So \u0161panielskym v\u00fdrobcom okuliarov\u00fdch r\u00e1mov, ktor\u00fd sa vo svete m\u00f3dy pohybuje u\u017e dlh\u00e9 desa\u0165ro\u010dia, nem\u00f4\u017eete urobi\u0165 chybu a nech vyraz\u00edte kamko\u013evek, \u00a0\u013eudia v\u00e1\u0161 \u0161t\u00fdl ocenia. Zna\u010dka Etnia Barcelona sa opiera o tri z\u00e1kladn\u00e9 atrib\u00faty: kvalitu, farebnos\u0165 a umenie. Produkty z jej kolekci\u00ed s\u00fa vo svete m\u00f3dy pojmom. V\u0161ak kto by nepoznal sl\u00e1vne ikony, ktor\u00e9 si [&hellip;]<\/p>\n","protected":false},"author":7,"featured_media":90162,"comment_status":"closed","ping_status":"closed","sticky":false,"template":"","format":"standard","meta":{"footnotes":""},"categories":[9,45,11,50],"tags":[],"class_list":["post-90144","post","type-post","status-publish","format-standard","has-post-thumbnail","hentry","category-lifestyle","category-nas-tip","category-news","category-radim-vam","eq-blocks"],"_links":{"self":[{"href":"https:\/\/www.slovaklinesmagazin.sk\/cms\/wp-json\/wp\/v2\/posts\/90144","targetHints":{"allow":["GET"]}}],"collection":[{"href":"https:\/\/www.slovaklinesmagazin.sk\/cms\/wp-json\/wp\/v2\/posts"}],"about":[{"href":"https:\/\/www.slovaklinesmagazin.sk\/cms\/wp-json\/wp\/v2\/types\/post"}],"author":[{"embeddable":true,"href":"https:\/\/www.slovaklinesmagazin.sk\/cms\/wp-json\/wp\/v2\/users\/7"}],"replies":[{"embeddable":true,"href":"https:\/\/www.slovaklinesmagazin.sk\/cms\/wp-json\/wp\/v2\/comments?post=90144"}],"version-history":[{"count":3,"href":"https:\/\/www.slovaklinesmagazin.sk\/cms\/wp-json\/wp\/v2\/posts\/90144\/revisions"}],"predecessor-version":[{"id":90166,"href":"https:\/\/www.slovaklinesmagazin.sk\/cms\/wp-json\/wp\/v2\/posts\/90144\/revisions\/90166"}],"wp:featuredmedia":[{"embeddable":true,"href":"https:\/\/www.slovaklinesmagazin.sk\/cms\/wp-json\/wp\/v2\/media\/90162"}],"wp:attachment":[{"href":"https:\/\/www.slovaklinesmagazin.sk\/cms\/wp-json\/wp\/v2\/media?parent=90144"}],"wp:term":[{"taxonomy":"category","embeddable":true,"href":"https:\/\/www.slovaklinesmagazin.sk\/cms\/wp-json\/wp\/v2\/categories?post=90144"},{"taxonomy":"post_tag","embeddable":true,"href":"https:\/\/www.slovaklinesmagazin.sk\/cms\/wp-json\/wp\/v2\/tags?post=90144"}],"curies":[{"name":"wp","href":"https:\/\/api.w.org\/{rel}","templated":true}]}}