{"id":90340,"date":"2022-05-24T14:18:52","date_gmt":"2022-05-24T12:18:52","guid":{"rendered":"https:\/\/slovaklinesmagazin.sk\/cms\/?p=90340"},"modified":"2022-05-24T14:18:52","modified_gmt":"2022-05-24T12:18:52","slug":"chorvatsko-sa-v-bratislave-prezentovalo-ako-jedna-z-najvyhladavanejsich-destinacii-v-stredomori","status":"publish","type":"post","link":"https:\/\/www.slovaklinesmagazin.sk\/cms\/2022\/05\/chorvatsko-sa-v-bratislave-prezentovalo-ako-jedna-z-najvyhladavanejsich-destinacii-v-stredomori\/","title":{"rendered":"Chorv\u00e1tsko sa v Bratislave prezentovalo ako jedna z najvyh\u013ead\u00e1vanej\u0161\u00edch destin\u00e1ci\u00ed v Stredomor\u00ed"},"content":{"rendered":"<p><strong><em>Pred za\u010diatkom sez\u00f3ny Slov\u00e1ci potvrdili ve\u013ek\u00fd z\u00e1ujem o Chorv\u00e1tsko <\/em><\/strong><\/p>\n<p><strong>Chorv\u00e1tske turistick\u00e9 zdru\u017eenie (HTZ)<\/strong> a <strong>Zast\u00fapenie HTZ v \u010ceskej republike<\/strong>, ktor\u00e9 zastre\u0161uje aj <strong>Slovensko<\/strong>, zorganizovali v centre <strong>Bratislavy<\/strong> prezent\u00e1ciu chorv\u00e1tskej turistickej ponuky pre najvplyvnej\u0161ie slovensk\u00e9 m\u00e9di\u00e1, a stretnutie s najv\u00fdznamnej\u0161\u00edmi partnermi, touroper\u00e1tormi a agent\u00farami z tohto pre chorv\u00e1tsky cestovn\u00fd ruch mimoriadne d\u00f4le\u017eit\u00e9ho trhu. Podujatia sa okrem in\u00fdch z\u00fa\u010dastnili aj riadite\u013e HTZ <strong>Kristjan Stani\u010di\u0107<\/strong>, riadite\u013e zast\u00fapenia <strong>Dubravko Miholi\u0107<\/strong>, ako aj v\u00fdkonn\u00e1 riadite\u013eka Asoci\u00e1cie jedine\u010dn\u00fdch chorv\u00e1tskych hotelov STORIES <strong>Antonija Urli\u0107<\/strong><\/p>\n<p style=\"text-align: center;\"><img loading=\"lazy\" decoding=\"async\" class=\"alignnone wp-image-90342 size-full\" src=\"https:\/\/slovaklinesmagazin.sk\/cms\/wp-content\/uploads\/2022\/05\/Stanicic_Heina_Urlic_Miholic.jpg\" alt=\"\" width=\"2527\" height=\"1908\" srcset=\"https:\/\/www.slovaklinesmagazin.sk\/cms\/wp-content\/uploads\/2022\/05\/Stanicic_Heina_Urlic_Miholic.jpg 2527w, https:\/\/www.slovaklinesmagazin.sk\/cms\/wp-content\/uploads\/2022\/05\/Stanicic_Heina_Urlic_Miholic-300x227.jpg 300w, https:\/\/www.slovaklinesmagazin.sk\/cms\/wp-content\/uploads\/2022\/05\/Stanicic_Heina_Urlic_Miholic-1024x773.jpg 1024w, https:\/\/www.slovaklinesmagazin.sk\/cms\/wp-content\/uploads\/2022\/05\/Stanicic_Heina_Urlic_Miholic-768x580.jpg 768w, https:\/\/www.slovaklinesmagazin.sk\/cms\/wp-content\/uploads\/2022\/05\/Stanicic_Heina_Urlic_Miholic-600x453.jpg 600w, https:\/\/www.slovaklinesmagazin.sk\/cms\/wp-content\/uploads\/2022\/05\/Stanicic_Heina_Urlic_Miholic-1536x1160.jpg 1536w, https:\/\/www.slovaklinesmagazin.sk\/cms\/wp-content\/uploads\/2022\/05\/Stanicic_Heina_Urlic_Miholic-2048x1546.jpg 2048w\" sizes=\"auto, (max-width: 2527px) 100vw, 2527px\" \/><\/p>\n<p style=\"text-align: center;\"><strong>Kristjan Stani\u010di\u0107<\/strong>, <strong>Aleksandar Heina<\/strong>, <strong>Antonija Urli\u0107, Dubravko Miholi\u0107<br \/>\n<\/strong>\/z\u013eava \/<\/p>\n<p style=\"text-align: center;\">\n<p>Po\u010das tla\u010dovej konferencie, na ktorej sa z\u00fa\u010dastnilo <strong>viac ako 25 slovensk\u00fdch novin\u00e1rov a z\u00e1stupcov najpopul\u00e1rnej\u0161\u00edch m\u00e9di\u00ed<\/strong>, riadite\u013e <strong>Stani\u010di\u0107<\/strong> predstavil celkov\u00e9 v\u00fdsledky turizmu Chorv\u00e1tska s\u00a0pr\u00edzvukom na v\u00fdsledky dosiahnut\u00e9 na slovenskom trhu, pri\u010dom osobitn\u00fd d\u00f4raz bol kladen\u00fd na bud\u00face trendy a postavenie Chorv\u00e1tska, ktor\u00e9 chce dosiahnu\u0165 na slovenskom trhu.<\/p>\n<p><em>\u201eSlovensko je jedn\u00fdm z na\u0161ich top 10 emituj\u00facich trhov s najvy\u0161\u0161\u00edm turistick\u00fdm obratom, a\u00a0s\u00a0hlavnou letnou sez\u00f3nou pred nami by sme chceli zaradi\u0165 Chorv\u00e1tsko do poz\u00edcie jednej z najvyh\u013ead\u00e1vanej\u0161\u00edch a naj\u00faspe\u0161nej\u0161\u00edch turistick\u00fdch destin\u00e1ci\u00ed v Stredomor\u00ed. Toto je pre n\u00e1s tie\u017e v\u00fdborn\u00e1 pr\u00edle\u017eitos\u0165 stretn\u00fa\u0165 sa a porozpr\u00e1va\u0165 sa s najv\u00fdznamnej\u0161\u00edmi partnermi o roz\u0161\u00edren\u00ed existuj\u00facej spolupr\u00e1ce, aby sme aj tento rok spolo\u010dne dosiahli \u010do najlep\u0161ie v\u00fdsledky. Aktu\u00e1lna sez\u00f3na, ako aj ohlasy na zvy\u0161ok roka n\u00e1m dod\u00e1vaj\u00fa optimizmus, Slov\u00e1ci s\u00fa na\u0161imi v\u00edtan\u00fdmi a vern\u00fdmi hos\u0165ami, a o\u010dak\u00e1vame siln\u00fd pr\u00ednos tohto trhu k na\u0161im celkov\u00fdm v\u00fdsledkom\u201c<\/em>, povedal <strong>riadite\u013e Stani\u010di\u0107<\/strong> s t\u00fdm, \u017ee dlhodob\u00e9 ciele na tomto trhu zah\u0155\u0148aj\u00fa rast po\u010dtu krat\u0161\u00edch v\u00edkendov\u00fdch pobytov a pr\u00edchodov v predsez\u00f3nnom a posez\u00f3nnom obdob\u00ed, ale aj pril\u00e1kanie v\u00e4\u010d\u0161ieho po\u010dtu host\u00ed r\u00f4znych vekov\u00fdch skup\u00edn s osobitn\u00fdm d\u00f4razom na mlad\u00fdch \u013eud\u00ed.<\/p>\n<p style=\"text-align: center;\"><img loading=\"lazy\" decoding=\"async\" class=\"alignnone wp-image-90343 size-full\" src=\"https:\/\/slovaklinesmagazin.sk\/cms\/wp-content\/uploads\/2022\/05\/Bratislava_konferencija-2.jpg\" alt=\"\" width=\"2016\" height=\"909\" srcset=\"https:\/\/www.slovaklinesmagazin.sk\/cms\/wp-content\/uploads\/2022\/05\/Bratislava_konferencija-2.jpg 2016w, https:\/\/www.slovaklinesmagazin.sk\/cms\/wp-content\/uploads\/2022\/05\/Bratislava_konferencija-2-300x135.jpg 300w, https:\/\/www.slovaklinesmagazin.sk\/cms\/wp-content\/uploads\/2022\/05\/Bratislava_konferencija-2-1024x462.jpg 1024w, https:\/\/www.slovaklinesmagazin.sk\/cms\/wp-content\/uploads\/2022\/05\/Bratislava_konferencija-2-768x346.jpg 768w, https:\/\/www.slovaklinesmagazin.sk\/cms\/wp-content\/uploads\/2022\/05\/Bratislava_konferencija-2-600x271.jpg 600w, https:\/\/www.slovaklinesmagazin.sk\/cms\/wp-content\/uploads\/2022\/05\/Bratislava_konferencija-2-1536x693.jpg 1536w\" sizes=\"auto, (max-width: 2016px) 100vw, 2016px\" \/><\/p>\n<p>Po tla\u010dovej konferencii riadite\u013e <strong>Stani\u010di\u0107<\/strong> vyst\u00fapil s prezent\u00e1ciou pre <strong>15 subjektov<\/strong> a <strong>partnerov<\/strong> zo slovensk\u00e9ho cestovn\u00e9ho ruchu, vr\u00e1tane najv\u00e4\u010d\u0161\u00edch touroper\u00e1torov a agent\u00far ako <strong>SATUR, Globtour, Aquamarin, TIP travel<\/strong> at\u010f., rovnako ako aj <strong>Antonija Urli\u0107<\/strong> z Asoci\u00e1cie jedine\u010dn\u00fdch chorv\u00e1tskych hotelov STORIES, ktor\u00e9, ako povedala, s\u00fa prim\u00e1rne ur\u010den\u00e9 pre spotrebite\u013eov, ktor\u00ed oce\u0148uj\u00fa v\u00fdnimo\u010dn\u00e9, jedine\u010dn\u00e9 z\u00e1\u017eitky a h\u013eadaj\u00fa vysokokvalitn\u00e9 slu\u017eby.<\/p>\n<p><em>\u201eS doteraj\u0161\u00edmi trendmi a v\u00fdsledkami dosiahnut\u00fdmi na slovenskom trhu v tomto roku mus\u00edme by\u0165 viac ne\u017e spokojn\u00ed. Toti\u017e \u0161trukt\u00fara slovensk\u00fdch host\u00ed, ktor\u00ed prich\u00e1dzaj\u00fa do chorv\u00e1tskych destin\u00e1ci\u00ed, sa pomaly men\u00ed, a tak n\u00e1m prib\u00fada \u013eud\u00ed, ktor\u00ed h\u013eadaj\u00fa kvalitn\u00fa slu\u017ebu, za ktor\u00fa s\u00fa ochotn\u00ed zaplati\u0165. Te\u0161ia n\u00e1s aj ukazovatele turistickej n\u00e1v\u0161tevnosti, pod\u013ea ktor\u00fdch Slov\u00e1ci dosiahli v tomto roku zatia\u013e o 25 a\u017e 30 percent viac prenocovan\u00ed ako v rovnakom obdob\u00ed rekordn\u00e9ho roka 2019. Do konca roka chceme udr\u017ea\u0165 tak\u00fato \u00farove\u0148 turistick\u00e9ho ruchu, teda chceme prekona\u0165 predpandemick\u00e9 v\u00fdsledky, preto\u017ee to bude znamena\u0165 \u00fapln\u00e9 zotavenie Chorv\u00e1tska na d\u00f4le\u017eitom slovenskom trhu,\u201c<\/em> uzavrel <strong>Dubravko Miholi\u0107<\/strong> a dodal, \u017ee Slov\u00e1ci v\u00a0tomto roku uskuto\u010dnili najviac prenocovan\u00ed v\u00a0Z\u00e1hrebe, Pore\u010di a Rovinji.<\/p>\n<p>Dodajme, \u017ee hne\u010f v \u00favode programu pozdravil v\u0161etk\u00fdch zhroma\u017eden\u00fdch ve\u013evyslanec Chorv\u00e1tskej republiky v SR <strong>Aleksandar Heina<\/strong>, pri\u010dom stretnutia so slovensk\u00fdmi partnermi sa z\u00fa\u010dastnil aj <strong>Darius Kraj\u010dir<\/strong>, starosta Dev\u00ednskej Novej Vsi, ktor\u00e1 je s\u00fa\u010das\u0165ou mesta Bratislava, a\u00a0v\u00a0ktorej sa <u>18. a\u00a019. j\u00fana<\/u> uskuto\u010dn\u00ed v porad\u00ed <strong>33. ro\u010dn\u00edk Festivalu chorv\u00e1tskej kult\u00fary<\/strong>. Pripom\u00edname, \u017ee v tejto obci sa nach\u00e1dza aj M\u00fazeum chorv\u00e1tskej kult\u00fary, ale aj Vukovarska ulica, v\u010faka \u010domu je Bratislava jedin\u00fdm hlavn\u00fdm mestom \u010dlensk\u00e9ho \u0161t\u00e1tu E\u00da, v ktorom sa nach\u00e1dza ulica pomenovan\u00e1 po chorv\u00e1tskom meste-hrdinu Vukovaru.<\/p>\n<p><strong>\u00a0<\/strong><\/p>\n<p><strong>\u00a0<\/strong><\/p>\n","protected":false},"excerpt":{"rendered":"<p>Pred za\u010diatkom sez\u00f3ny Slov\u00e1ci potvrdili ve\u013ek\u00fd z\u00e1ujem o Chorv\u00e1tsko Chorv\u00e1tske turistick\u00e9 zdru\u017eenie (HTZ) a Zast\u00fapenie HTZ v \u010ceskej republike, ktor\u00e9 zastre\u0161uje aj Slovensko, zorganizovali v centre Bratislavy prezent\u00e1ciu chorv\u00e1tskej turistickej ponuky pre najvplyvnej\u0161ie slovensk\u00e9 m\u00e9di\u00e1, a stretnutie s najv\u00fdznamnej\u0161\u00edmi partnermi, touroper\u00e1tormi a agent\u00farami z tohto pre chorv\u00e1tsky cestovn\u00fd ruch mimoriadne d\u00f4le\u017eit\u00e9ho trhu. Podujatia sa okrem [&hellip;]<\/p>\n","protected":false},"author":7,"featured_media":90341,"comment_status":"closed","ping_status":"closed","sticky":false,"template":"","format":"standard","meta":{"footnotes":""},"categories":[13,11,52],"tags":[],"class_list":["post-90340","post","type-post","status-publish","format-standard","has-post-thumbnail","hentry","category-real-estate","category-news","category-outdoor","eq-blocks"],"_links":{"self":[{"href":"https:\/\/www.slovaklinesmagazin.sk\/cms\/wp-json\/wp\/v2\/posts\/90340","targetHints":{"allow":["GET"]}}],"collection":[{"href":"https:\/\/www.slovaklinesmagazin.sk\/cms\/wp-json\/wp\/v2\/posts"}],"about":[{"href":"https:\/\/www.slovaklinesmagazin.sk\/cms\/wp-json\/wp\/v2\/types\/post"}],"author":[{"embeddable":true,"href":"https:\/\/www.slovaklinesmagazin.sk\/cms\/wp-json\/wp\/v2\/users\/7"}],"replies":[{"embeddable":true,"href":"https:\/\/www.slovaklinesmagazin.sk\/cms\/wp-json\/wp\/v2\/comments?post=90340"}],"version-history":[{"count":1,"href":"https:\/\/www.slovaklinesmagazin.sk\/cms\/wp-json\/wp\/v2\/posts\/90340\/revisions"}],"predecessor-version":[{"id":90344,"href":"https:\/\/www.slovaklinesmagazin.sk\/cms\/wp-json\/wp\/v2\/posts\/90340\/revisions\/90344"}],"wp:featuredmedia":[{"embeddable":true,"href":"https:\/\/www.slovaklinesmagazin.sk\/cms\/wp-json\/wp\/v2\/media\/90341"}],"wp:attachment":[{"href":"https:\/\/www.slovaklinesmagazin.sk\/cms\/wp-json\/wp\/v2\/media?parent=90340"}],"wp:term":[{"taxonomy":"category","embeddable":true,"href":"https:\/\/www.slovaklinesmagazin.sk\/cms\/wp-json\/wp\/v2\/categories?post=90340"},{"taxonomy":"post_tag","embeddable":true,"href":"https:\/\/www.slovaklinesmagazin.sk\/cms\/wp-json\/wp\/v2\/tags?post=90340"}],"curies":[{"name":"wp","href":"https:\/\/api.w.org\/{rel}","templated":true}]}}