{"id":90397,"date":"2022-05-30T09:55:05","date_gmt":"2022-05-30T07:55:05","guid":{"rendered":"https:\/\/slovaklinesmagazin.sk\/cms\/?p=90397"},"modified":"2022-05-30T09:55:05","modified_gmt":"2022-05-30T07:55:05","slug":"v-sumiaci-otvorili-demovu-kupielku-muzeum-sauny-na-slovensku","status":"publish","type":"post","link":"https:\/\/www.slovaklinesmagazin.sk\/cms\/2022\/05\/v-sumiaci-otvorili-demovu-kupielku-muzeum-sauny-na-slovensku\/","title":{"rendered":"V \u0160umiaci otvorili Demovu kupie\u013eku &#8211; m\u00fazeum sauny na Slovensku"},"content":{"rendered":"<p>V\u00a0obci \u0160umiac sl\u00e1vnostne otvorili najstar\u0161iu saunu na Slovensku, ktor\u00fa postavil v\u00a0roku 1919 Michal Demo v\u00a0\u00fast\u00ed \u0160umiackej doliny. Miestni obyvatelia ju naz\u00fdvali \u201ekupie\u013eka.\u201c Po\u010das n\u00e1v\u0161tev Horehronia sa sem chodil saunova\u0165 aj zn\u00e1my fotograf Karol Plicka. Zrekon\u0161truovan\u00fd objekt bude sl\u00fa\u017ei\u0165 ako miestne m\u00fazeum a pre n\u00e1v\u0161tevn\u00edkov bude spr\u00edstupnen\u00fd celoro\u010dne. Nav\u0161t\u00edvi\u0165 ju bud\u00fa m\u00f4c\u0165 aj so sprievodcom.<\/p>\n<p style=\"text-align: center;\"><img loading=\"lazy\" decoding=\"async\" class=\"alignright wp-image-90399 size-full\" src=\"https:\/\/slovaklinesmagazin.sk\/cms\/wp-content\/uploads\/2022\/05\/2022_05_27_TS_Otvorenie_demovej_kupielky_3.jpg\" alt=\"\" width=\"1500\" height=\"1000\" srcset=\"https:\/\/www.slovaklinesmagazin.sk\/cms\/wp-content\/uploads\/2022\/05\/2022_05_27_TS_Otvorenie_demovej_kupielky_3.jpg 1500w, https:\/\/www.slovaklinesmagazin.sk\/cms\/wp-content\/uploads\/2022\/05\/2022_05_27_TS_Otvorenie_demovej_kupielky_3-300x200.jpg 300w, https:\/\/www.slovaklinesmagazin.sk\/cms\/wp-content\/uploads\/2022\/05\/2022_05_27_TS_Otvorenie_demovej_kupielky_3-1024x683.jpg 1024w, https:\/\/www.slovaklinesmagazin.sk\/cms\/wp-content\/uploads\/2022\/05\/2022_05_27_TS_Otvorenie_demovej_kupielky_3-768x512.jpg 768w, https:\/\/www.slovaklinesmagazin.sk\/cms\/wp-content\/uploads\/2022\/05\/2022_05_27_TS_Otvorenie_demovej_kupielky_3-600x400.jpg 600w\" sizes=\"auto, (max-width: 1500px) 100vw, 1500px\" \/><\/p>\n<p>Sauna bola postaven\u00e1 po vzore parnej ruskej sauny. Jej stavite\u013e, Michal Demo, sa do tejto krajiny dostal po\u010das prvej svetovej vojny, kde padol do zajatia. Nesk\u00f4r bol pridelen\u00fd na pr\u00e1cu do mlyna ku gr\u00f3fovi Tolma\u010dovovi v Saratove. Po\u010das \u0161tyroch rokov str\u00e1ven\u00fdch v\u00a0zajat\u00ed sa priu\u010dil mlyn\u00e1rskemu remeslu a\u00a0obozn\u00e1mil sa aj s\u00a0miestnymi oby\u010dajami. Jednou z\u00a0nich bola dlhovek\u00e1 trad\u00edcia parn\u00e9ho saunovania s\u00a0pou\u017eit\u00edm brezov\u00fdch pr\u00fatov a\u00a0byl\u00edn, ktor\u00e1 siaha a\u017e do 11. storo\u010dia. Zmena pomerov v\u00a0krajine umo\u017enila Michalovi vr\u00e1ti\u0165 sa v\u00a0roku 1917 na Slovensko. Spolu s\u00a0jeho bud\u00facou man\u017eelkou M\u00e1riou Rostovskou sa podujali na nieko\u013ekomesa\u010dn\u00fd n\u00e1vrat domov. Na za\u010diatku \u0160umiackej doliny zasadili orech, postavili dom, mlyn a\u00a0ved\u013ea potoka parn\u00fa saunu.<\/p>\n<p style=\"text-align: center;\"><img loading=\"lazy\" decoding=\"async\" class=\"alignright size-full wp-image-90400\" src=\"https:\/\/slovaklinesmagazin.sk\/cms\/wp-content\/uploads\/2022\/05\/2022_05_27_Otvorenie_demovej_kupielky.jpg\" alt=\"\" width=\"1500\" height=\"1000\" srcset=\"https:\/\/www.slovaklinesmagazin.sk\/cms\/wp-content\/uploads\/2022\/05\/2022_05_27_Otvorenie_demovej_kupielky.jpg 1500w, https:\/\/www.slovaklinesmagazin.sk\/cms\/wp-content\/uploads\/2022\/05\/2022_05_27_Otvorenie_demovej_kupielky-300x200.jpg 300w, https:\/\/www.slovaklinesmagazin.sk\/cms\/wp-content\/uploads\/2022\/05\/2022_05_27_Otvorenie_demovej_kupielky-1024x683.jpg 1024w, https:\/\/www.slovaklinesmagazin.sk\/cms\/wp-content\/uploads\/2022\/05\/2022_05_27_Otvorenie_demovej_kupielky-768x512.jpg 768w, https:\/\/www.slovaklinesmagazin.sk\/cms\/wp-content\/uploads\/2022\/05\/2022_05_27_Otvorenie_demovej_kupielky-600x400.jpg 600w\" sizes=\"auto, (max-width: 1500px) 100vw, 1500px\" \/><\/p>\n<p>P\u00f4vodne bola budova sauny dreven\u00e1. V\u010faka jej bielej omietke ju bolo pri potoku vidie\u0165 u\u017e z\u00a0dia\u013eky. Pri jednej z\u00a0b\u00farok na \u0148u spadol strom a\u00a0v\u00e1\u017ene ju po\u0161kodil. Aby bola sauna pred vrtochmi po\u010dasia lep\u0161ie chr\u00e1nen\u00e1, rozhodol sa ju niekedy v\u00a060. rokoch Michal Demo prestava\u0165 na murovan\u00fa. Odvtedy st\u00e1la na svojom ikonickom mieste, pomali\u010dky ch\u00e1trala a\u00a0nakoniec bola obe\u0165ou vandalizmu. My\u0161lienka na jej rekon\u0161trukciu a\u00a0z\u00e1chranu za\u010dala v\u00a0roku 2019, ke\u010f sa obec s\u00a0odobren\u00edm potomkov Michala Dema rozhodla objekt\u00a0zlegalizova\u0165, v\u010faka \u010domu ho nesk\u00f4r mohla nadobudn\u00fa\u0165 do vlastn\u00edctva. Rekon\u0161trukcia sauny st\u00e1la takmer 10 000\u20ac,\u00a0obec z\u00edskala 8 300\u20ac na jej obnovu cez \u010dlensk\u00fd pr\u00edspevok Rozvojovej agent\u00fary BBSK.<\/p>\n<p style=\"text-align: center;\"><img loading=\"lazy\" decoding=\"async\" class=\"alignright size-full wp-image-90401\" src=\"https:\/\/slovaklinesmagazin.sk\/cms\/wp-content\/uploads\/2022\/05\/2022_05_27_TS_Otvorenie_demovej_kupielky_7.jpg\" alt=\"\" width=\"1500\" height=\"1000\" srcset=\"https:\/\/www.slovaklinesmagazin.sk\/cms\/wp-content\/uploads\/2022\/05\/2022_05_27_TS_Otvorenie_demovej_kupielky_7.jpg 1500w, https:\/\/www.slovaklinesmagazin.sk\/cms\/wp-content\/uploads\/2022\/05\/2022_05_27_TS_Otvorenie_demovej_kupielky_7-300x200.jpg 300w, https:\/\/www.slovaklinesmagazin.sk\/cms\/wp-content\/uploads\/2022\/05\/2022_05_27_TS_Otvorenie_demovej_kupielky_7-1024x683.jpg 1024w, https:\/\/www.slovaklinesmagazin.sk\/cms\/wp-content\/uploads\/2022\/05\/2022_05_27_TS_Otvorenie_demovej_kupielky_7-768x512.jpg 768w, https:\/\/www.slovaklinesmagazin.sk\/cms\/wp-content\/uploads\/2022\/05\/2022_05_27_TS_Otvorenie_demovej_kupielky_7-600x400.jpg 600w\" sizes=\"auto, (max-width: 1500px) 100vw, 1500px\" \/><\/p>\n<p>Ako uviedol J\u00e1n Lunter, predseda Banskobystrick\u00e9ho samospr\u00e1vneho kraja:\u00a0<em>\u201ePod Kr\u00e1\u013eovou ho\u013eou, kde s\u00fa moje korene, vznikol v\u010faka nesmiernemu historick\u00e9mu a\u00a0pr\u00edrodn\u00e9mu potenci\u00e1lu \u010fal\u0161\u00ed projekt, ktor\u00fd nielen pom\u00f4\u017ee uchova\u0165 kr\u00e1snu spomienku na na\u0161ich pracovit\u00fdch predkov, ale dopln\u00ed aj ponuku unik\u00e1tnych turistick\u00fdch z\u00e1\u017eitkov v\u00a0na\u0161om kraji.\u201c<\/em><\/p>\n<p>Pomocn\u00fa ruku tomuto projektu od prvotnej my\u0161lienky, a\u017e k\u00a0op\u00e4tovn\u00e9mu uvedeniu do \u017eivota vodou zo \u0160umiackeho potoka, pod\u00e1vala i\u00a0Oblastn\u00e1 organiz\u00e1cia cestovn\u00e9ho ruchu REGI\u00d3N HOREHRONIE.<\/p>\n<p><em>\u201eKrstili sme symbolicky metli\u010dkou z\u00a0brezov\u00fdch pr\u00fatov, ktor\u00e9 sa \u010dasto po\u010das parn\u00e9ho saunovania vyu\u017e\u00edvali. V\u00e1\u017eime si trad\u00edcie a\u00a0hist\u00f3riu Horehronia a\u00a0nesmierne n\u00e1s te\u0161\u00ed, \u017ee v\u010faka v\u00fdbornej spolupr\u00e1ci v\u00a0podkr\u00e1\u013eovoho\u013eskej \u010dasti regi\u00f3nu m\u00f4\u017eeme postupn\u00fdmi krokmi zachov\u00e1va\u0165 v\u00fdnimo\u010dnosti t\u00fdchto miest a rozv\u00edja\u0165 tak funguj\u00face produkty udr\u017eate\u013en\u00e9ho cestovn\u00e9ho ruchu,\u201c<\/em>\u00a0dod\u00e1va Ing. Petra Ridzo\u0148ov\u00e1 Hl\u00e1snikov\u00e1, v\u00fdkonn\u00e1 riadite\u013eka OOCR REGI\u00d3N HOREHRONIE.<\/p>\n<p style=\"text-align: center;\"><img loading=\"lazy\" decoding=\"async\" class=\"alignright size-full wp-image-90403\" src=\"https:\/\/slovaklinesmagazin.sk\/cms\/wp-content\/uploads\/2022\/05\/2022_05_27_TS_Otvorenie_demovej_kupielky_8.jpg\" alt=\"\" width=\"1500\" height=\"1000\" srcset=\"https:\/\/www.slovaklinesmagazin.sk\/cms\/wp-content\/uploads\/2022\/05\/2022_05_27_TS_Otvorenie_demovej_kupielky_8.jpg 1500w, https:\/\/www.slovaklinesmagazin.sk\/cms\/wp-content\/uploads\/2022\/05\/2022_05_27_TS_Otvorenie_demovej_kupielky_8-300x200.jpg 300w, https:\/\/www.slovaklinesmagazin.sk\/cms\/wp-content\/uploads\/2022\/05\/2022_05_27_TS_Otvorenie_demovej_kupielky_8-1024x683.jpg 1024w, https:\/\/www.slovaklinesmagazin.sk\/cms\/wp-content\/uploads\/2022\/05\/2022_05_27_TS_Otvorenie_demovej_kupielky_8-768x512.jpg 768w, https:\/\/www.slovaklinesmagazin.sk\/cms\/wp-content\/uploads\/2022\/05\/2022_05_27_TS_Otvorenie_demovej_kupielky_8-600x400.jpg 600w\" sizes=\"auto, (max-width: 1500px) 100vw, 1500px\" \/><\/p>\n<p>Sauna bude otvoren\u00e1 pre n\u00e1v\u0161tevn\u00edkov celoro\u010dne,\u00a0vo vybran\u00fdch term\u00ednoch ju bude mo\u017en\u00e9 nav\u0161t\u00edvi\u0165 so sprievodcom.<\/p>\n<p>Predsedn\u00ed\u010dka KOCR Banskobystrick\u00fd kraj Turizmus Daniela Chran\u010dokov\u00e1 vysvet\u013euje:\u00a0<em>\u201eZ\u00e1\u017eitok pod n\u00e1zvom\u00a0<strong>Za\u017ei \u0161umiacku kupie\u013eku\u00a0<\/strong>dopln\u00ed ponuku krajskej cestovnej kancel\u00e1rie. P\u00f4jde o\u00a0term\u00edny 1.7., 19.8., a\u00a026.8., kedy do tejto lokality jazd\u00ed Horehronsk\u00fd expres na trase Brezno \u2013 Dedinky. N\u00e1v\u0161tevn\u00edci regi\u00f3nu tak m\u00f4\u017eu spoji\u0165 cestu nostalgick\u00fdm vl\u00e1\u010dikom so spozn\u00e1van\u00edm hist\u00f3rie \u0160umiaca. Z\u00a0vlakovej stanice \u010cerven\u00e1 Skala, kde vl\u00e1\u010dik stoj\u00ed, bude v\u00a0tieto dni zabezpe\u010den\u00e1 doplnkov\u00e1 doprava do \u0160umiaca, aj za t\u00fdmto z\u00e1\u017eitkom.\u201c\u00a0<\/em><\/p>\n<p style=\"text-align: center;\"><img loading=\"lazy\" decoding=\"async\" class=\"alignright size-full wp-image-90402\" src=\"https:\/\/slovaklinesmagazin.sk\/cms\/wp-content\/uploads\/2022\/05\/2022_05_27_TS_Otvorenie_demovej_kupielky_5.jpg\" alt=\"\" width=\"1500\" height=\"1000\" srcset=\"https:\/\/www.slovaklinesmagazin.sk\/cms\/wp-content\/uploads\/2022\/05\/2022_05_27_TS_Otvorenie_demovej_kupielky_5.jpg 1500w, https:\/\/www.slovaklinesmagazin.sk\/cms\/wp-content\/uploads\/2022\/05\/2022_05_27_TS_Otvorenie_demovej_kupielky_5-300x200.jpg 300w, https:\/\/www.slovaklinesmagazin.sk\/cms\/wp-content\/uploads\/2022\/05\/2022_05_27_TS_Otvorenie_demovej_kupielky_5-1024x683.jpg 1024w, https:\/\/www.slovaklinesmagazin.sk\/cms\/wp-content\/uploads\/2022\/05\/2022_05_27_TS_Otvorenie_demovej_kupielky_5-768x512.jpg 768w, https:\/\/www.slovaklinesmagazin.sk\/cms\/wp-content\/uploads\/2022\/05\/2022_05_27_TS_Otvorenie_demovej_kupielky_5-600x400.jpg 600w\" sizes=\"auto, (max-width: 1500px) 100vw, 1500px\" \/><\/p>\n<p>P\u00f4vodn\u00e1 sauna bude sl\u00fa\u017ei\u0165 ako m\u00fazeum, no obec sa chyst\u00e1 postavi\u0165 aj jednu nov\u00fa, ktor\u00e1 by mohla by\u0165 v\u00a0prev\u00e1dzke v\u00a0podobnom re\u017eime ako sauna v\u00a0Spi\u0161skom Hrhove.<\/p>\n<p><em>\u201e\u0160umiacka sauna je exkluz\u00edvne miesto, nako\u013eko nikde inde na Slovensku sa nenach\u00e1dza podobn\u00e1 zauj\u00edmavos\u0165. Vyzdvihuje to na\u0161u obec a\u00a0rob\u00ed ju jedine\u010dnou. Rekon\u0161trukcia objektu n\u00e1s podnietila za\u010da\u0165 s\u00a0projektom novej lesnej sauny, ktor\u00e1 bude funk\u010dn\u00e1 a ktorou obnov\u00edme trad\u00edciu saunovania pod Kr\u00e1\u013eovou ho\u013eou. \u0160t\u00fadia novej sauny je u\u017e na svete, za n\u00e1vrh v\u010fa\u010d\u00edme architektovi Petrovi Jurkovi\u010dovi a\u00a0Krajskej organiz\u00e1cii cestovn\u00e9ho ruchu Banskobystrick\u00fd kraj Turizmus, ktor\u00e1 n\u00e1m \u0161t\u00fadiu darovala<\/em>,\u201c na z\u00e1ver dop\u013a\u0148a Jarmila Gordanov\u00e1, starostka obce \u0160umiac.<\/p>\n","protected":false},"excerpt":{"rendered":"<p>V\u00a0obci \u0160umiac sl\u00e1vnostne otvorili najstar\u0161iu saunu na Slovensku, ktor\u00fa postavil v\u00a0roku 1919 Michal Demo v\u00a0\u00fast\u00ed \u0160umiackej doliny. Miestni obyvatelia ju naz\u00fdvali \u201ekupie\u013eka.\u201c Po\u010das n\u00e1v\u0161tev Horehronia sa sem chodil saunova\u0165 aj zn\u00e1my fotograf Karol Plicka. Zrekon\u0161truovan\u00fd objekt bude sl\u00fa\u017ei\u0165 ako miestne m\u00fazeum a pre n\u00e1v\u0161tevn\u00edkov bude spr\u00edstupnen\u00fd celoro\u010dne. Nav\u0161t\u00edvi\u0165 ju bud\u00fa m\u00f4c\u0165 aj so sprievodcom. Sauna [&hellip;]<\/p>\n","protected":false},"author":7,"featured_media":90398,"comment_status":"closed","ping_status":"closed","sticky":false,"template":"","format":"standard","meta":{"footnotes":""},"categories":[13,321],"tags":[],"class_list":["post-90397","post","type-post","status-publish","format-standard","has-post-thumbnail","hentry","category-real-estate","category-tlacova-sprava","eq-blocks"],"_links":{"self":[{"href":"https:\/\/www.slovaklinesmagazin.sk\/cms\/wp-json\/wp\/v2\/posts\/90397","targetHints":{"allow":["GET"]}}],"collection":[{"href":"https:\/\/www.slovaklinesmagazin.sk\/cms\/wp-json\/wp\/v2\/posts"}],"about":[{"href":"https:\/\/www.slovaklinesmagazin.sk\/cms\/wp-json\/wp\/v2\/types\/post"}],"author":[{"embeddable":true,"href":"https:\/\/www.slovaklinesmagazin.sk\/cms\/wp-json\/wp\/v2\/users\/7"}],"replies":[{"embeddable":true,"href":"https:\/\/www.slovaklinesmagazin.sk\/cms\/wp-json\/wp\/v2\/comments?post=90397"}],"version-history":[{"count":1,"href":"https:\/\/www.slovaklinesmagazin.sk\/cms\/wp-json\/wp\/v2\/posts\/90397\/revisions"}],"predecessor-version":[{"id":90404,"href":"https:\/\/www.slovaklinesmagazin.sk\/cms\/wp-json\/wp\/v2\/posts\/90397\/revisions\/90404"}],"wp:featuredmedia":[{"embeddable":true,"href":"https:\/\/www.slovaklinesmagazin.sk\/cms\/wp-json\/wp\/v2\/media\/90398"}],"wp:attachment":[{"href":"https:\/\/www.slovaklinesmagazin.sk\/cms\/wp-json\/wp\/v2\/media?parent=90397"}],"wp:term":[{"taxonomy":"category","embeddable":true,"href":"https:\/\/www.slovaklinesmagazin.sk\/cms\/wp-json\/wp\/v2\/categories?post=90397"},{"taxonomy":"post_tag","embeddable":true,"href":"https:\/\/www.slovaklinesmagazin.sk\/cms\/wp-json\/wp\/v2\/tags?post=90397"}],"curies":[{"name":"wp","href":"https:\/\/api.w.org\/{rel}","templated":true}]}}