{"id":90880,"date":"2022-08-04T16:13:16","date_gmt":"2022-08-04T14:13:16","guid":{"rendered":"https:\/\/slovaklinesmagazin.sk\/cms\/?p=90880"},"modified":"2022-08-04T16:32:35","modified_gmt":"2022-08-04T14:32:35","slug":"velka-prazdninova-zabava-na-zamku-schloss-hof","status":"publish","type":"post","link":"https:\/\/www.slovaklinesmagazin.sk\/cms\/2022\/08\/velka-prazdninova-zabava-na-zamku-schloss-hof\/","title":{"rendered":"VE\u013dK\u00c1 PR\u00c1ZDNINOV\u00c1 Z\u00c1BAVA NA Z\u00c1MKU SCHLOSS HOF"},"content":{"rendered":"<p><strong>Od 6. augusta do 4. septembra sa dianie na z\u00e1mku Schloss Hof nesie v znamen\u00ed letn\u00fdch pr\u00e1zdnin. Po\u010das cel\u00e9ho jedn\u00e9ho mesiaca je k dispoz\u00edcii pestr\u00fd program s kreat\u00edvnymi workshopmi, divadeln\u00fdmi i hudobn\u00fdmi vyst\u00fapeniami. Na n\u00e1v\u0161tevu pr\u00edde ga\u0161parko aj k\u00fazeln\u00edk. \u00a0<\/strong><\/p>\n<p style=\"text-align: center;\"><img loading=\"lazy\" decoding=\"async\" class=\"aligncenter size-full wp-image-90882\" src=\"https:\/\/slovaklinesmagazin.sk\/cms\/wp-content\/uploads\/2022\/08\/Schloss-Hof_Kinder-springen-vor-SchlosscSKB_Foto-Astrid-Knie-scaled.jpg\" alt=\"\" width=\"2560\" height=\"1707\" srcset=\"https:\/\/www.slovaklinesmagazin.sk\/cms\/wp-content\/uploads\/2022\/08\/Schloss-Hof_Kinder-springen-vor-SchlosscSKB_Foto-Astrid-Knie-scaled.jpg 2560w, https:\/\/www.slovaklinesmagazin.sk\/cms\/wp-content\/uploads\/2022\/08\/Schloss-Hof_Kinder-springen-vor-SchlosscSKB_Foto-Astrid-Knie-300x200.jpg 300w, https:\/\/www.slovaklinesmagazin.sk\/cms\/wp-content\/uploads\/2022\/08\/Schloss-Hof_Kinder-springen-vor-SchlosscSKB_Foto-Astrid-Knie-1024x683.jpg 1024w, https:\/\/www.slovaklinesmagazin.sk\/cms\/wp-content\/uploads\/2022\/08\/Schloss-Hof_Kinder-springen-vor-SchlosscSKB_Foto-Astrid-Knie-768x512.jpg 768w, https:\/\/www.slovaklinesmagazin.sk\/cms\/wp-content\/uploads\/2022\/08\/Schloss-Hof_Kinder-springen-vor-SchlosscSKB_Foto-Astrid-Knie-600x400.jpg 600w, https:\/\/www.slovaklinesmagazin.sk\/cms\/wp-content\/uploads\/2022\/08\/Schloss-Hof_Kinder-springen-vor-SchlosscSKB_Foto-Astrid-Knie-1536x1024.jpg 1536w, https:\/\/www.slovaklinesmagazin.sk\/cms\/wp-content\/uploads\/2022\/08\/Schloss-Hof_Kinder-springen-vor-SchlosscSKB_Foto-Astrid-Knie-2048x1365.jpg 2048w\" sizes=\"auto, (max-width: 2560px) 100vw, 2560px\" \/><em>Schloss Hof Kinder springen vor Schloss(c)SKB Foto: Astrid Knie<\/em><\/p>\n<p>Ak sa rozhodnete pre n\u00e1v\u0161tevu z\u00e1mku Schloss Hof v druh\u00fd pr\u00e1zdninov\u00fd mesiac, nudi\u0165 sa rozhodne nebudete. Rozsiahly z\u00e1mock\u00fd are\u00e1l v\u00a0tomto obdob\u00ed pon\u00faka okrem skvel\u00fdch v\u00fdstav v\u00a0z\u00e1mock\u00fdch komnat\u00e1ch, ve\u013ekolep\u00fdch z\u00e1hrad a\u00a0mil\u00fdch zvieratiek na statku aj <a href=\"https:\/\/www.schlosshof.at\/sk\/podujatia\/vsetky-podujatia\/detail\/der-grosse-ferienspass\">\u201eVe\u013ek\u00fa pr\u00e1zdninov\u00fa z\u00e1bavu\u201c,<\/a> ktor\u00e1 bez pochyby prispeje k\u00a0dokonal\u00e9mu letn\u00e9mu v\u00fdletu.<\/p>\n<p>Ka\u017ed\u00fd de\u0148 v\u00a0\u010dase od 11:00 do 17:00 sa m\u00f4\u017eete te\u0161i\u0165 na kreat\u00edvne dielni\u010dky v\u00a0Detskom a\u00a0rodinnom svete. Vybran\u00e9 dni navy\u0161e pon\u00faknu detsk\u00e9 prehliadky s\u00a0prezliekan\u00edm do kost\u00fdmov i zauj\u00edmav\u00fd kult\u00farny program venovan\u00fd najmen\u0161\u00edm n\u00e1v\u0161tevn\u00edkom. Nechajte sa o\u010dari\u0165 magick\u00fdmi k\u00faskami k\u00fazeln\u00edka, vychutnajte si z\u00e1bavn\u00e9 divadeln\u00e9 \u010di hudobn\u00e9 vyst\u00fapenia, ktor\u00e9 vytvoria \u00fasmev na tv\u00e1rach v\u0161etk\u00fdch bez rozdielu veku.<\/p>\n<p style=\"text-align: center;\"><img loading=\"lazy\" decoding=\"async\" class=\"aligncenter size-full wp-image-90883\" src=\"https:\/\/slovaklinesmagazin.sk\/cms\/wp-content\/uploads\/2022\/08\/Schloss-Hof_Mal_Workshop_Kinder_AteliercSKB_Foto-Astrid-Knie-scaled.jpg\" alt=\"\" width=\"2560\" height=\"1707\" srcset=\"https:\/\/www.slovaklinesmagazin.sk\/cms\/wp-content\/uploads\/2022\/08\/Schloss-Hof_Mal_Workshop_Kinder_AteliercSKB_Foto-Astrid-Knie-scaled.jpg 2560w, https:\/\/www.slovaklinesmagazin.sk\/cms\/wp-content\/uploads\/2022\/08\/Schloss-Hof_Mal_Workshop_Kinder_AteliercSKB_Foto-Astrid-Knie-300x200.jpg 300w, https:\/\/www.slovaklinesmagazin.sk\/cms\/wp-content\/uploads\/2022\/08\/Schloss-Hof_Mal_Workshop_Kinder_AteliercSKB_Foto-Astrid-Knie-1024x683.jpg 1024w, https:\/\/www.slovaklinesmagazin.sk\/cms\/wp-content\/uploads\/2022\/08\/Schloss-Hof_Mal_Workshop_Kinder_AteliercSKB_Foto-Astrid-Knie-768x512.jpg 768w, https:\/\/www.slovaklinesmagazin.sk\/cms\/wp-content\/uploads\/2022\/08\/Schloss-Hof_Mal_Workshop_Kinder_AteliercSKB_Foto-Astrid-Knie-600x400.jpg 600w, https:\/\/www.slovaklinesmagazin.sk\/cms\/wp-content\/uploads\/2022\/08\/Schloss-Hof_Mal_Workshop_Kinder_AteliercSKB_Foto-Astrid-Knie-1536x1024.jpg 1536w, https:\/\/www.slovaklinesmagazin.sk\/cms\/wp-content\/uploads\/2022\/08\/Schloss-Hof_Mal_Workshop_Kinder_AteliercSKB_Foto-Astrid-Knie-2048x1365.jpg 2048w\" sizes=\"auto, (max-width: 2560px) 100vw, 2560px\" \/><em>Schloss Hof Mal Workshop Kinder Atelier(c)SKB Foto Astrid Knie<\/em><\/p>\n<p>Detsk\u00e9 ihrisko s\u00a0prvkami pre mal\u00fdch i\u00a0v\u00e4\u010d\u0161\u00edch dobrodruhov iste ulahod\u00ed nejedn\u00e9mu objavite\u013eovi.<br \/>\nPrech\u00e1dzka po statku v\u010faka Z\u00e1\u017eitkov\u00fdm okruhom rozpovie pr\u00edbehy star\u00fdch remesiel a\u00a0milovn\u00edkov zvierat obozn\u00e1mi so zauj\u00edmavos\u0165ami z\u00a0r\u00ed\u0161e miestnej fauny. Na \u010do sa chovali alpaky, ak\u00e9 star\u00e9 s\u00fa jakobove ovce, pre\u010do s\u00fa biele osl\u00edky takou vz\u00e1cnos\u0165ou a\u00a0maj\u00fa \u0161tvorroh\u00e9 kozi\u010dky naozaj \u0161tyri rohy?<br \/>\nVrcholom pr\u00e1zdninov\u00e9ho programu je \u201e<a href=\"https:\/\/www.schlosshof.at\/sk\/podujatia\/vsetky-podujatia\/detail\/das-grosse-pferdefest\">Ve\u013ek\u00e1 sl\u00e1vnos\u0165 kon\u00ed<\/a>\u201c, ktor\u00e1 je na programe posledn\u00fd augustov\u00fd v\u00edkend. \u0160tvornoh\u00ed obyvatelia z\u00e1mock\u00e9ho statku sa predved\u00fa v\u00a0plnej par\u00e1de na z\u00e1mockej l\u00fake. N\u00e1ro\u010dn\u00e9 i\u00a0z\u00e1bavn\u00e9 vyst\u00fapenia zvierac\u00edch predstavite\u013eov v\u00a0s\u00fahre s\u00a0akrobatick\u00fdmi jazdcami bud\u00fa tradi\u010dne ohuruj\u00facim z\u00e1\u017eitkom. Preb\u00e1dajte s\u00a0de\u0165mi rozsiahly barokov\u00fd are\u00e1l a\u00a0str\u00e1vte pr\u00edjemn\u00fd pr\u00e1zdninov\u00fd de\u0148 v\u00a0z\u00e1mockom komplexe Schloss Hof.<\/p>\n<p style=\"text-align: center;\"><img loading=\"lazy\" decoding=\"async\" class=\"aligncenter size-full wp-image-90884\" src=\"https:\/\/slovaklinesmagazin.sk\/cms\/wp-content\/uploads\/2022\/08\/Schloss-Hof_Kinder_Stroh_Hupfburg_LabyrinthcSKB_Foto-Astrid-Knie-scaled.jpg\" alt=\"\" width=\"2560\" height=\"1707\" srcset=\"https:\/\/www.slovaklinesmagazin.sk\/cms\/wp-content\/uploads\/2022\/08\/Schloss-Hof_Kinder_Stroh_Hupfburg_LabyrinthcSKB_Foto-Astrid-Knie-scaled.jpg 2560w, https:\/\/www.slovaklinesmagazin.sk\/cms\/wp-content\/uploads\/2022\/08\/Schloss-Hof_Kinder_Stroh_Hupfburg_LabyrinthcSKB_Foto-Astrid-Knie-300x200.jpg 300w, https:\/\/www.slovaklinesmagazin.sk\/cms\/wp-content\/uploads\/2022\/08\/Schloss-Hof_Kinder_Stroh_Hupfburg_LabyrinthcSKB_Foto-Astrid-Knie-1024x683.jpg 1024w, https:\/\/www.slovaklinesmagazin.sk\/cms\/wp-content\/uploads\/2022\/08\/Schloss-Hof_Kinder_Stroh_Hupfburg_LabyrinthcSKB_Foto-Astrid-Knie-768x512.jpg 768w, https:\/\/www.slovaklinesmagazin.sk\/cms\/wp-content\/uploads\/2022\/08\/Schloss-Hof_Kinder_Stroh_Hupfburg_LabyrinthcSKB_Foto-Astrid-Knie-600x400.jpg 600w, https:\/\/www.slovaklinesmagazin.sk\/cms\/wp-content\/uploads\/2022\/08\/Schloss-Hof_Kinder_Stroh_Hupfburg_LabyrinthcSKB_Foto-Astrid-Knie-1536x1024.jpg 1536w, https:\/\/www.slovaklinesmagazin.sk\/cms\/wp-content\/uploads\/2022\/08\/Schloss-Hof_Kinder_Stroh_Hupfburg_LabyrinthcSKB_Foto-Astrid-Knie-2048x1365.jpg 2048w\" sizes=\"auto, (max-width: 2560px) 100vw, 2560px\" \/><em>Schloss Hof Kinder Stroh H\u00fcpfburg Labyrinth(c)SKB Foto: Astrid Knie<\/em><\/p>\n<p>&nbsp;<\/p>\n<p><strong>Sprievodn\u00fd program:<br \/>\n<\/strong><strong>denne: kreat\u00edvne workshopy <\/strong><strong>\u01c0<\/strong><strong> 11:00 \u2013 17:00 hod.<br \/>\n<\/strong><br \/>\nsobota 6. augusta<strong>:\u00a0 \u00a0 \u00a0<\/strong><strong>Ga\u0161parko &amp; Co<\/strong> | \u010darovanie | 11:00, 13:00 a 15:00 hod.\u00a0<strong>Z\u00e1bava so zvieratkami\u00a0<\/strong>| 14:00 \u2013 17:00 hod. Divadlo z Au | 14:00 \u2013 17:00 hod.<\/p>\n<p>nede\u013ea 7. augusta:\u00a0 \u00a0 \u00a0 <strong>Gernot Kranner<\/strong> | Maugl\u00ed a Kniha D\u017eungl\u00ed | 11:00 a 15:00 hod.<strong>\u00a0Z\u00e1bava so zvieratkami <\/strong>| 14:00 \u2013 17:00 hod. Divadlo z Au | 14:00 \u2013 17:00 hod.<\/p>\n<p>sobota 13. augusta:\u00a0 \u00a0<strong>K\u00fazeln\u00edk Merlix<\/strong> | \u010darodejn\u00edcka \u0161ou | 11:00 a 15:00 hod Divadlo z Au | 14:00 \u2013 17:00 hod.<\/p>\n<p>nede\u013ea 14. augusta:\u00a0 \u00a0 <strong>Marko Simsa<\/strong> | klasick\u00e1 hudba pre deti | 11:00 hod. Mozart a 15:00 hod. Vivaldi Divadlo z Au | 14:00 \u2013 17:00 hod.<\/p>\n<p>pondelok 15. augusta: Marko Simsa | detsk\u00e9 piesne &#8211; truhlica pokladov\u00a0|\u00a011:00 a 15:00 hod.<\/p>\n<p>utorok 16. augusta:\u00a0 \u00a0 <strong>Ga\u0161parko &amp; Co<\/strong>\u00a0|\u00a011:00, 13:00 a 15:00 hod.<\/p>\n<p>streda 17. augusta:\u00a0 \u00a0 <strong>K\u00fazeln\u00edk Helmut\u00a0<\/strong>|\u00a0\u010darodejn\u00edcka \u0161ou |\u00a011:00 a 15:00 hod.<\/p>\n<p>\u0161tvrtok 18. augusta:\u00a0 <strong>B\u00e1bkov\u00e9 divadlo\u00a0<\/strong>| rozpr\u00e1vka \u2013 Trpasl\u00edk Nos\u00e1\u010dik\u00a0 | 11:00 a 15:00 hod. <strong>Martina &amp; Carmen<\/strong> | Cesta na lietaj\u00facom koberci \u201eNa magick\u00fd z\u00e1mok \u201c 14:00 \u2013 17:00 hod.<\/p>\n<p>piatok 19. augusta:\u00a0 \u00a0<strong>Tane\u010dn\u00e9 vyst\u00fapenie\u00a0<\/strong>| slima\u010d\u00ed dom\u010dek | 11:00 a 15:00 hod. <strong>Rodinn\u00fd workshop s bylinkami s\u00a0Christou Muhr\u00a0<\/strong>| 12:00, 13:00, 14:00 a 15:00 hod. | (je nutn\u00e9 prihl\u00e1si\u0165 sa vopred\u00a0 \u00a0 \u00a0 \u00a0 \u00a0 \u00a0 \u00a0 \u00a0 \u00a0 \u00a0 \u00a0 \u00a0 \u00a0 \u00a0 \u00a0 \u00a0 \u00a0 \u00a0 \u00a0 na office@schlosshof.at)<\/p>\n<p>sobota 20. augusta: <strong>Concilium musicum<\/strong>\u00a0| \u201eOcko Haydn rozpr\u00e1va\u201c |\u00a011:00 a 15:00 hod.<\/p>\n<p>nede\u013ea 21. augusta: <strong>Gernot Kranner<\/strong>\u00a0| Robin Hood |\u00a011:00 a 15:00 hod.<\/p>\n<p>sobota 27. augusta:\u00a0 <strong>Ve\u013ek\u00e1 sl\u00e1vnos\u0165 kon\u00ed\u00a0<\/strong>| 10:00 \u2013 18:00 hod.<br \/>\n<strong>K\u00fazeln\u00edk Flo<\/strong>\u00a0|\u00a0\u010darodejn\u00edcka \u0161ou | 11:00 a 15:00 hod.<\/p>\n<p>nede\u013ea 28. augusta:\u00a0 <strong>Ve\u013ek\u00e1 sl\u00e1vnos\u0165 kon\u00ed\u00a0<\/strong>| 10:00 \u2013 18:00 hod. <strong>Hudobn\u00e9 divadlo pre deti\u00a0<\/strong>| Klob\u00fak, pali\u010dka a d\u00e1mska spodni\u010dka | 11:00 a 15:00 hod.<\/p>\n<p>sobota 3. septembra: <strong>Marko Simsa\u00a0<\/strong>| Farebn\u00e1 \u0165ava |\u00a011:00 a 15:00 hod.<\/p>\n<p>nede\u013ea 4. septembra: <strong>Akad\u00e9mia umenia pre deti\u00a0\u00a0<\/strong>| pr\u00e1ca s porcel\u00e1nom, sklom, hlinou a \u00a0\u017eelezom\u00a0 | 13:00 \u2013 17:00 hod. <strong>Ga\u0161parko &amp; Co<\/strong>\u00a0| Rozpr\u00e1vkov\u00e1 svadba | 12:00, 13:30 a 15:00 hod.<\/p>\n<p>ka\u017ed\u00fa nede\u013eu:\u00a0 \u00a0 \u00a0 \u00a0 \u00a0 \u00a0jazdenie na pon\u00edkoch \u00a0| 14:00 -16:00 hod. (okruh 1,- \u20ac) detsk\u00e1 prehliadka v SJ \u201eParochne \u2013 vej\u00e1re \u2013 menuet\u201d | 15:00 hod.<\/p>\n<p>Kult\u00farny program je v nemeckom jazyku.<br \/>\nZmeny programu vyhraden\u00e9!<\/p>\n<p><strong>Term\u00edn:\u00a0<\/strong>6.8.2022 \u2013 4.9.2022<br \/>\n<strong>Miesto:<\/strong> Schloss Hof, 2294 Schlo\u00dfhof 1<\/p>\n<p>Vstupenka do z\u00e1mku Schloss Hof vr\u00e1tane z\u00e1mku Niederweiden: dospel\u00ed 19,- \u20ac \u00a0| deti (6\u201318 rokov) 11,- \u20ac | rodiny (2 dospel\u00ed + max. 3 deti) 49,- \u20ac<br \/>\nRo\u010dn\u00e1 vstupenka dospel\u00ed 40,-\u20ac \u00a0| deti 23,-\u20ac.<br \/>\nPrehliadka: dospel\u00ed 4,-\u20ac |deti 2,-\u20ac<br \/>\nPre \u00fa\u010das\u0165 na programovej ponuke je nutn\u00e9 zak\u00fapi\u0165 pre detsk\u00fdch n\u00e1v\u0161tevn\u00edkov k vstupn\u00e9mu aj zbern\u00fd pas: denn\u00fd pas: 4,-\u20ac | mesa\u010dn\u00fd pas:\u00a0 8,-\u00a0\u20ac die\u0165a na cel\u00e9 obdobie Ve\u013ekej pr\u00e1zdninovej z\u00e1bavy\u00a06.8. \u2013 4.9.2022<br \/>\n1 sprev\u00e1dzaj\u00faca osoba (so vstupn\u00fdm) je pri \u00fa\u010dasti na programovej ponuke gr\u00e1tis<\/p>\n<p><strong>Zbierajte n\u00e1lepky do zbern\u00e9ho pasu a pri odchode domov na v\u00e1s \u010dak\u00e1 mal\u00e9 prekvapenie!<\/strong><\/p>\n<p>Vstupenky si m\u00f4\u017eete zak\u00fapi\u0165 aj online na <a href=\"http:\/\/www.imperialtickets.com\">www.imperialtickets.com<\/a>.<br \/>\nBli\u017e\u0161ie inform\u00e1cie a rezerv\u00e1cie: <a href=\"http:\/\/www.schlosshof.at\/sk\">www.schlosshof.at\/sk<\/a><\/p>\n<p><em>Obr\u00e1zok na titulke:<\/em> <em>Schloss Hof Ferienspa\u00df Geste mit Daumen hoch(c)SKB Foto Astrid Knie\u00a0<\/em><\/p>\n","protected":false},"excerpt":{"rendered":"<p>Od 6. augusta do 4. septembra sa dianie na z\u00e1mku Schloss Hof nesie v znamen\u00ed letn\u00fdch pr\u00e1zdnin. Po\u010das cel\u00e9ho jedn\u00e9ho mesiaca je k dispoz\u00edcii pestr\u00fd program s kreat\u00edvnymi workshopmi, divadeln\u00fdmi i hudobn\u00fdmi vyst\u00fapeniami. Na n\u00e1v\u0161tevu pr\u00edde ga\u0161parko aj k\u00fazeln\u00edk. \u00a0 Schloss Hof Kinder springen vor Schloss(c)SKB Foto: Astrid Knie Ak sa rozhodnete pre n\u00e1v\u0161tevu z\u00e1mku [&hellip;]<\/p>\n","protected":false},"author":7,"featured_media":90881,"comment_status":"closed","ping_status":"closed","sticky":false,"template":"","format":"standard","meta":{"footnotes":""},"categories":[13,52,50],"tags":[],"class_list":["post-90880","post","type-post","status-publish","format-standard","has-post-thumbnail","hentry","category-real-estate","category-outdoor","category-radim-vam","eq-blocks"],"_links":{"self":[{"href":"https:\/\/www.slovaklinesmagazin.sk\/cms\/wp-json\/wp\/v2\/posts\/90880","targetHints":{"allow":["GET"]}}],"collection":[{"href":"https:\/\/www.slovaklinesmagazin.sk\/cms\/wp-json\/wp\/v2\/posts"}],"about":[{"href":"https:\/\/www.slovaklinesmagazin.sk\/cms\/wp-json\/wp\/v2\/types\/post"}],"author":[{"embeddable":true,"href":"https:\/\/www.slovaklinesmagazin.sk\/cms\/wp-json\/wp\/v2\/users\/7"}],"replies":[{"embeddable":true,"href":"https:\/\/www.slovaklinesmagazin.sk\/cms\/wp-json\/wp\/v2\/comments?post=90880"}],"version-history":[{"count":3,"href":"https:\/\/www.slovaklinesmagazin.sk\/cms\/wp-json\/wp\/v2\/posts\/90880\/revisions"}],"predecessor-version":[{"id":90887,"href":"https:\/\/www.slovaklinesmagazin.sk\/cms\/wp-json\/wp\/v2\/posts\/90880\/revisions\/90887"}],"wp:featuredmedia":[{"embeddable":true,"href":"https:\/\/www.slovaklinesmagazin.sk\/cms\/wp-json\/wp\/v2\/media\/90881"}],"wp:attachment":[{"href":"https:\/\/www.slovaklinesmagazin.sk\/cms\/wp-json\/wp\/v2\/media?parent=90880"}],"wp:term":[{"taxonomy":"category","embeddable":true,"href":"https:\/\/www.slovaklinesmagazin.sk\/cms\/wp-json\/wp\/v2\/categories?post=90880"},{"taxonomy":"post_tag","embeddable":true,"href":"https:\/\/www.slovaklinesmagazin.sk\/cms\/wp-json\/wp\/v2\/tags?post=90880"}],"curies":[{"name":"wp","href":"https:\/\/api.w.org\/{rel}","templated":true}]}}