{"id":90894,"date":"2022-08-11T14:34:11","date_gmt":"2022-08-11T12:34:11","guid":{"rendered":"https:\/\/slovaklinesmagazin.sk\/cms\/?p=90894"},"modified":"2022-08-11T14:41:14","modified_gmt":"2022-08-11T12:41:14","slug":"rok-v-skotsku-to-je-ina-divocina","status":"publish","type":"post","link":"https:\/\/www.slovaklinesmagazin.sk\/cms\/2022\/08\/rok-v-skotsku-to-je-ina-divocina\/","title":{"rendered":"Rok v\u00a0\u0160k\u00f3tsku, to je in\u00e1 divo\u010dina!"},"content":{"rendered":"<p>Pr\u00edmorsk\u00e9 podnebie predur\u010duje \u0160k\u00f3tsko k\u00a0tomu, aby bola tamoj\u0161ia pr\u00edroda rozmanit\u00e1\u00a0 a\u00a0kr\u00e1sna, ale z\u00e1rove\u0148 drsn\u00e1. Ak v\u00e1s v\u017edy pri\u0165ahovala t\u00e1to destin\u00e1cia, kv\u00f4li hist\u00f3rii, ru\u010d\u00edme v\u00e1m za to, \u017ee jej pr\u00edroda tie\u017e stoj\u00ed za to. Pripravte si v\u0161ak pr\u0161ipl\u00e1\u0161te a\u00a0d\u00e1\u017edniky, preto\u017ee ako v\u00e1m prezradia jej zvierac\u00ed obyvatelia, \u017eivot v\u00a0tamoj\u0161ej divo\u010dine nie je v\u00f4bec jednoduch\u00fd.<\/p>\n<p style=\"text-align: center;\"><img loading=\"lazy\" decoding=\"async\" class=\"aligncenter size-full wp-image-90895\" src=\"https:\/\/slovaklinesmagazin.sk\/cms\/wp-content\/uploads\/2022\/08\/WYS_Winter_Still_009@0.5x.png\" alt=\"\" width=\"3000\" height=\"2000\" srcset=\"https:\/\/www.slovaklinesmagazin.sk\/cms\/wp-content\/uploads\/2022\/08\/WYS_Winter_Still_009@0.5x.png 3000w, https:\/\/www.slovaklinesmagazin.sk\/cms\/wp-content\/uploads\/2022\/08\/WYS_Winter_Still_009@0.5x-300x200.png 300w, https:\/\/www.slovaklinesmagazin.sk\/cms\/wp-content\/uploads\/2022\/08\/WYS_Winter_Still_009@0.5x-1024x683.png 1024w, https:\/\/www.slovaklinesmagazin.sk\/cms\/wp-content\/uploads\/2022\/08\/WYS_Winter_Still_009@0.5x-768x512.png 768w, https:\/\/www.slovaklinesmagazin.sk\/cms\/wp-content\/uploads\/2022\/08\/WYS_Winter_Still_009@0.5x-600x400.png 600w, https:\/\/www.slovaklinesmagazin.sk\/cms\/wp-content\/uploads\/2022\/08\/WYS_Winter_Still_009@0.5x-1536x1024.png 1536w, https:\/\/www.slovaklinesmagazin.sk\/cms\/wp-content\/uploads\/2022\/08\/WYS_Winter_Still_009@0.5x-2048x1365.png 2048w\" sizes=\"auto, (max-width: 3000px) 100vw, 3000px\" \/><\/p>\n<p><strong>Kr\u00e1sna pr\u00edroda, ktor\u00e1 chyby neodp\u00fa\u0161\u0165a<\/strong><\/p>\n<p><img loading=\"lazy\" decoding=\"async\" class=\"alignleft wp-image-90896 \" src=\"https:\/\/slovaklinesmagazin.sk\/cms\/wp-content\/uploads\/2022\/08\/WYS_Autumn_Still_008@0.75x-1024x576.png\" alt=\"\" width=\"376\" height=\"212\" srcset=\"https:\/\/www.slovaklinesmagazin.sk\/cms\/wp-content\/uploads\/2022\/08\/WYS_Autumn_Still_008@0.75x-1024x576.png 1024w, https:\/\/www.slovaklinesmagazin.sk\/cms\/wp-content\/uploads\/2022\/08\/WYS_Autumn_Still_008@0.75x-300x169.png 300w, https:\/\/www.slovaklinesmagazin.sk\/cms\/wp-content\/uploads\/2022\/08\/WYS_Autumn_Still_008@0.75x-768x432.png 768w, https:\/\/www.slovaklinesmagazin.sk\/cms\/wp-content\/uploads\/2022\/08\/WYS_Autumn_Still_008@0.75x-600x338.png 600w, https:\/\/www.slovaklinesmagazin.sk\/cms\/wp-content\/uploads\/2022\/08\/WYS_Autumn_Still_008@0.75x-1536x864.png 1536w, https:\/\/www.slovaklinesmagazin.sk\/cms\/wp-content\/uploads\/2022\/08\/WYS_Autumn_Still_008@0.75x-2048x1152.png 2048w\" sizes=\"auto, (max-width: 376px) 100vw, 376px\" \/>U\u017e od \u010dias, kedy sa na\u0161i predkovia stret\u00e1vali pri ohni, m\u00e1me pred pr\u00edrodou ur\u010dit\u00fd prirodzen\u00fd re\u0161pekt.<\/p>\n<p>A aj ke\u010f sme si ako \u013eudstvo ist\u00fa \u010das\u0165 pr\u00edrody skrotili, st\u00e1le existuj\u00fa miesta, kde re\u0161pekt pretrv\u00e1va.<br \/>\nPr\u00e1ve \u0161k\u00f3tska divo\u010dina je toho pr\u00edkladom.<br \/>\nRozsiahle plochy zeme nepodmanen\u00e9 \u013eu\u010fmi s\u00fa n\u00e1dhern\u00e9, ale chyby rozhodne neodp\u00fa\u0161\u0165aj\u00fa.<br \/>\nA to ani \u010dloveku ani svojim prirodzen\u00fdm obyvate\u013eom, z\u00e1stupcom \u017eivo\u010d\u00ed\u0161nej r\u00ed\u0161e.<\/p>\n<p>Origin\u00e1lne nato\u010den\u00fd <strong>dokument\u00e1rny seri\u00e1l s n\u00e1zvom \u0160k\u00f3tsko: Rok v divo\u010dine<\/strong> m\u00e1 \u0161tyri epiz\u00f3dy, ktor\u00e9 akur\u00e1t pokr\u00fdvaj\u00fa ka\u017ed\u00e9 ro\u010dn\u00e9 obdobie. \u0160t\u00e1b pri nat\u00e1\u010dan\u00ed dokumentu nav\u0161t\u00edvil s\u00a0kamerou utajen\u00e9 miesta \u0161k\u00f3tskej divo\u010diny a\u00a0zvierat\u00e1, z\u00a0ktor\u00fdch niektor\u00e9 by sme v\u00a0t\u00fdchto oblastiach ani ne\u010dakali.<\/p>\n<p>V\u00a0jednotliv\u00fdch epiz\u00f3dach sa stretneme s\u00a0r\u00f4znymi z\u00e1stupcami \u0161k\u00f3tskej fauny, od jele\u0148ov eur\u00f3pskych cez orlov morsk\u00fdch, veverice oby\u010dajn\u00e9 a\u00a0kuny lesn\u00e9 a\u017e po fascinuj\u00face alky \u017eij\u00face na pobre\u017e\u00ed a\u017e po tulene, vydry \u010di dokonca kosatky. \u0160k\u00f3tska pr\u00edroda je skr\u00e1tka neskuto\u010dne rozmanit\u00e1 nie len v\u010faka \u0161pecifickej krajine, ale najm\u00e4 kv\u00f4li tomu, \u017ee jej regi\u00f3n je obklopen\u00fd morom zo v\u0161etk\u00fdch str\u00e1n.<\/p>\n<p><strong>\u0160k\u00f3tsko jednozna\u010dne nie je jednotv\u00e1rne<\/strong><\/p>\n<p style=\"text-align: center;\"><img loading=\"lazy\" decoding=\"async\" class=\"aligncenter wp-image-90902 size-full\" src=\"https:\/\/slovaklinesmagazin.sk\/cms\/wp-content\/uploads\/2022\/08\/WYS_Spring_Still_006@0.75x.png\" alt=\"\" width=\"2880\" height=\"1620\" srcset=\"https:\/\/www.slovaklinesmagazin.sk\/cms\/wp-content\/uploads\/2022\/08\/WYS_Spring_Still_006@0.75x.png 2880w, https:\/\/www.slovaklinesmagazin.sk\/cms\/wp-content\/uploads\/2022\/08\/WYS_Spring_Still_006@0.75x-300x169.png 300w, https:\/\/www.slovaklinesmagazin.sk\/cms\/wp-content\/uploads\/2022\/08\/WYS_Spring_Still_006@0.75x-1024x576.png 1024w, https:\/\/www.slovaklinesmagazin.sk\/cms\/wp-content\/uploads\/2022\/08\/WYS_Spring_Still_006@0.75x-768x432.png 768w, https:\/\/www.slovaklinesmagazin.sk\/cms\/wp-content\/uploads\/2022\/08\/WYS_Spring_Still_006@0.75x-600x338.png 600w, https:\/\/www.slovaklinesmagazin.sk\/cms\/wp-content\/uploads\/2022\/08\/WYS_Spring_Still_006@0.75x-1536x864.png 1536w, https:\/\/www.slovaklinesmagazin.sk\/cms\/wp-content\/uploads\/2022\/08\/WYS_Spring_Still_006@0.75x-2048x1152.png 2048w\" sizes=\"auto, (max-width: 2880px) 100vw, 2880px\" \/><\/p>\n<p>Aj napriek tomu, \u017ee z\u00a0mnoh\u00fdch in\u00fdch dokumentov m\u00f4\u017eu ma\u0165 div\u00e1ci pocit, \u017ee \u0160k\u00f3tsko je jednotv\u00e1rnou krajinou, nie je tomu tak. Aj preto \u0161t\u00e1b najnov\u0161ieho dokumentu nav\u0161t\u00edvil r\u00f4zne regi\u00f3ny zeme, od Shetlandsk\u00fdch ostrovov a\u017e po \u00fapln\u00fd juh, a ka\u017ed\u00e1 z epiz\u00f3d sa potom zameriava na to, ako si zvierat\u00e1 dok\u00e1\u017eu poradi\u0165 s\u00a0jednotliv\u00fdmi ro\u010dn\u00fdmi obdobiami a\u00a0pre\u017ei\u0165 v\u00a0pr\u00edmorskej kl\u00edme, ktor\u00e1 je o\u00a0dos\u0165 nepredv\u00eddanej\u0161ia ne\u017e je t\u00e1 na\u0161a. V\u00a0\u0160k\u00f3tsku s\u00fa \u017eivoty t\u00fdchto zvierat nie len ohrozen\u00e9 ich prirodzen\u00fdmi pred\u00e1tormi, ale s\u00fa priam vydan\u00e9 na milos\u0165 a\u00a0nemilos\u0165 pr\u00edrodn\u00fdm \u017eivlom, ktor\u00e9 tu \u00faraduj\u00fa.<\/p>\n<p><strong>Na jar sa \u017eivot preb\u00fadza<\/strong><\/p>\n<p><img loading=\"lazy\" decoding=\"async\" class=\"alignleft wp-image-90903\" src=\"https:\/\/slovaklinesmagazin.sk\/cms\/wp-content\/uploads\/2022\/08\/WYS_Spring_Still_005@0.5x-300x169.png\" alt=\"\" width=\"454\" height=\"256\" srcset=\"https:\/\/www.slovaklinesmagazin.sk\/cms\/wp-content\/uploads\/2022\/08\/WYS_Spring_Still_005@0.5x-300x169.png 300w, https:\/\/www.slovaklinesmagazin.sk\/cms\/wp-content\/uploads\/2022\/08\/WYS_Spring_Still_005@0.5x-1024x576.png 1024w, https:\/\/www.slovaklinesmagazin.sk\/cms\/wp-content\/uploads\/2022\/08\/WYS_Spring_Still_005@0.5x-768x432.png 768w, https:\/\/www.slovaklinesmagazin.sk\/cms\/wp-content\/uploads\/2022\/08\/WYS_Spring_Still_005@0.5x-600x338.png 600w, https:\/\/www.slovaklinesmagazin.sk\/cms\/wp-content\/uploads\/2022\/08\/WYS_Spring_Still_005@0.5x-1536x864.png 1536w, https:\/\/www.slovaklinesmagazin.sk\/cms\/wp-content\/uploads\/2022\/08\/WYS_Spring_Still_005@0.5x.png 1920w\" sizes=\"auto, (max-width: 454px) 100vw, 454px\" \/>Aj v\u00a0\u0160k\u00f3tsku sa na jar \u017eivot preb\u00fadza. Nie len teplej\u0161ie po\u010dasie, ale aj pudy motivuj\u00fa zvierat\u00e1 k\u00a0rozmno\u017eovaniu sa, aby mohli privies\u0165 na svet nov\u00e9 potomstvo.<\/p>\n<p>A to sa t\u00fdka celej plej\u00e1dy \u017eivo\u010d\u00edchov, od zajacov cez mot\u00fd\u013eov, mravcov a\u017e po alky \u010di ve\u013eryby.<br \/>\nV\u0161etky tieto \u017eivo\u010d\u00ed\u0161ne druhy pou\u017e\u00edvaj\u00fa k\u00a0udr\u017eaniu svojich rodov\u00fdch l\u00edni\u00ed \u0161pecifick\u00e9 strat\u00e9gie a\u00a0pr\u00e1ve tie sleduje prv\u00fd diel dokument\u00e1rneho seri\u00e1lu.<\/p>\n<p>Pozit\u00edvne naladen\u00e1 jarn\u00e1 epiz\u00f3da zaujme svojou kamerou s\u00a0dychber\u00facimi z\u00e1bermi na oblasti, ktor\u00e9 patria medzi najkraj\u0161ie v\u00a0Eur\u00f3pe.<\/p>\n<p><strong>Leto: Dlh\u00e9 dni a nadbytok jedla<\/strong><\/p>\n<p>V\u00a0lete sa pr\u00edroda do\u010dasne m\u00f4\u017ee te\u0161i\u0165 z\u00a0nadbytku jedla a\u00a0dlh\u00fdch dn\u00ed, ktor\u00e9 jednotliv\u00fdm zvierat\u00e1m dod\u00e1vaj\u00fa dostatok energie. Fauna si na chv\u00ed\u013eu m\u00f4\u017ee vyd\u00fdchnu\u0165, ale potravinov\u00fd re\u0165azec funguje aj v\u00a0tomto najk\u013eudnej\u0161om obdob\u00ed roka. Napr\u00edklad ml\u00e1\u010fat\u00e1 jele\u0148a eur\u00f3pskeho sa musia skr\u00fdva\u0165 v\u00a0papradiach, aby unikli ostr\u00e9mu zraku (a zob\u00e1ku) hladn\u00e9ho orla morsk\u00e9ho. Toho sa t\u00fdka aj \u010fal\u0161\u00ed smutn\u00fd pr\u00edbeh tejto epiz\u00f3dy, v\u00a0ktorej mlad\u00e1 orlica vyhadzuje z\u00a0hniezda svojho brata nako\u013eko im obom je u\u017e hniezdo primal\u00e9.<\/p>\n<p style=\"text-align: center;\"><img loading=\"lazy\" decoding=\"async\" class=\"aligncenter wp-image-90905 size-full\" src=\"https:\/\/slovaklinesmagazin.sk\/cms\/wp-content\/uploads\/2022\/08\/WYS_Summer_Still_008@0.75x.png\" alt=\"\" width=\"2880\" height=\"1620\" srcset=\"https:\/\/www.slovaklinesmagazin.sk\/cms\/wp-content\/uploads\/2022\/08\/WYS_Summer_Still_008@0.75x.png 2880w, https:\/\/www.slovaklinesmagazin.sk\/cms\/wp-content\/uploads\/2022\/08\/WYS_Summer_Still_008@0.75x-300x169.png 300w, https:\/\/www.slovaklinesmagazin.sk\/cms\/wp-content\/uploads\/2022\/08\/WYS_Summer_Still_008@0.75x-1024x576.png 1024w, https:\/\/www.slovaklinesmagazin.sk\/cms\/wp-content\/uploads\/2022\/08\/WYS_Summer_Still_008@0.75x-768x432.png 768w, https:\/\/www.slovaklinesmagazin.sk\/cms\/wp-content\/uploads\/2022\/08\/WYS_Summer_Still_008@0.75x-600x338.png 600w, https:\/\/www.slovaklinesmagazin.sk\/cms\/wp-content\/uploads\/2022\/08\/WYS_Summer_Still_008@0.75x-1536x864.png 1536w, https:\/\/www.slovaklinesmagazin.sk\/cms\/wp-content\/uploads\/2022\/08\/WYS_Summer_Still_008@0.75x-2048x1152.png 2048w\" sizes=\"auto, (max-width: 2880px) 100vw, 2880px\" \/><\/p>\n<p>Lovi\u0165 medzit\u00fdm za\u010d\u00ednaj\u00fa aj mlad\u00e9 vydry, ktor\u00e9 maj\u00fa na pl\u00e1\u017each Shetlandsk\u00fdch ostrovov ve\u013ea potenci\u00e1lnej koristi. U\u017e len sa nau\u010di\u0165, ako ju chyti\u0165. Lekciu ryb\u00e1r\u010denia im na posledn\u00fa chv\u00ed\u013eu d\u00e1va ich mama. V\u00a0mokradiach na juh od Cairngorms \u017eije zasa rodina bobrov, ktor\u00e1 tu rovnako ako aj inde, tr\u00e1vi \u010das budovan\u00edm hr\u00e1dz\u00ed.<\/p>\n<p><strong>Jese\u0148 v\u00a0znamen\u00ed pr\u00edprav na hor\u0161ie \u010dasy<\/strong><\/p>\n<p>Na jese\u0148 sa zvierat\u00e1 pomaly za\u010d\u00ednaj\u00fa pripravova\u0165 na krut\u00fa zimu. T\u00e1to pr\u00edprava spo\u010d\u00edva bu\u010f v\u00a0migr\u00e1cii alebo v\u00a0zbieran\u00ed s\u00edl na to, aby bolo mo\u017en\u00e9 zime \u010deli\u0165 priamo. Na najvy\u0161\u0161\u00edch kopcoch \u0161k\u00f3tskej vyso\u010diny za\u010d\u00edna sne\u017ei\u0165, a\u00a0to je neklamn\u00fd znak toho, \u017ee kto v\u00a0tomto obdob\u00ed nie\u010do zanedb\u00e1, nemus\u00ed sa do\u017ei\u0165 \u010fal\u0161ej jari.<\/p>\n<p>A\u00a0zatia\u013e \u010do niektor\u00e9 zvierat\u00e1 \u0160k\u00f3tsko op\u00fa\u0161\u0165aj\u00fa, in\u00e9 sa sem vracaj\u00fa. To je napr\u00edklad aj pr\u00edpad lososov, ktor\u00ed str\u00e1vili \u0161tyri roky na mori, pri\u010dom sa pudovo teraz vracaj\u00fa proti pr\u00fadu \u0161k\u00f3tskych riek do miest, kde sa sami vyliahli. Cesta je to n\u00e1ro\u010dn\u00e1 a\u00a0preto aj pre mnoh\u00fdch lososov posledn\u00e1 v\u00f4bec.<\/p>\n<p><strong>Zima, tentokr\u00e1t bola pr\u00edli\u0161 mierna<\/strong><\/p>\n<p>Zima, po\u010das ktorej sa tentokr\u00e1t nat\u00e1\u010dalo, bola pr\u00edli\u0161 mierna, \u010do so sebou prinieslo plej\u00e1du komplik\u00e1ci\u00ed. Koniec janu\u00e1ra bol neobvykle tepl\u00fd. O\u00a0to viac boli ohrozen\u00e9 druhy ako zajac bel\u00e1k, ktor\u00e9ho srs\u0165 sa na zimu men\u00ed na bielu. Av\u0161ak ako sa skryje pred pred\u00e1tormi ak okolie nie je biele? Pr\u00edli\u0161 tepl\u00e1 zima menila chovanie a\u00a0zvyklosti aj in\u00fdch zvierat, ako napr\u00edklad jele\u0148ov. Medzi samcami doch\u00e1dzalo k\u00a0pot\u00fd\u010dkam, ktor\u00e9 s\u00fa be\u017en\u00e9 sk\u00f4r pre in\u00e9 ro\u010dn\u00e9 obdobie.<\/p>\n<p>Pokia\u013e patr\u00edte medzi milovn\u00edkov pr\u00edrody alebo ste u\u017e p\u00e1rkr\u00e1t zva\u017eovali cestu do \u0160k\u00f3tska, ur\u010dite si nenechajte ujs\u0165 najnov\u0161\u00ed dokument o\u00a0tejto krajine s\u00a0n\u00e1zvom <strong>\u0160kotsko: rok v\u00a0divo\u010dine<\/strong>, ktor\u00fd prinesie na na\u0161e obrazovky telev\u00edzna stanica <strong>Viasat Nature<\/strong> od <strong>15.8 ve 20:00<\/strong>.<\/p>\n<p><iframe loading=\"lazy\" title=\"Skotsko: Rok v divo\u010din\u011b na Viasat Nature\" src=\"https:\/\/www.youtube.com\/embed\/93UE0tPEvwU\" width=\"1280\" height=\"720\" frameborder=\"0\" allowfullscreen=\"allowfullscreen\"><\/iframe><\/p>\n<p>&nbsp;<\/p>\n<p><strong>Trailer: <\/strong><a href=\"https:\/\/youtu.be\/93UE0tPEvwU\"><strong>https:\/\/youtu.be\/93UE0tPEvwU<\/strong><\/a><\/p>\n<p><strong>\u00a0<\/strong><\/p>\n<p><strong>\u00a0<\/strong><\/p>\n","protected":false},"excerpt":{"rendered":"<p>Pr\u00edmorsk\u00e9 podnebie predur\u010duje \u0160k\u00f3tsko k\u00a0tomu, aby bola tamoj\u0161ia pr\u00edroda rozmanit\u00e1\u00a0 a\u00a0kr\u00e1sna, ale z\u00e1rove\u0148 drsn\u00e1. Ak v\u00e1s v\u017edy pri\u0165ahovala t\u00e1to destin\u00e1cia, kv\u00f4li hist\u00f3rii, ru\u010d\u00edme v\u00e1m za to, \u017ee jej pr\u00edroda tie\u017e stoj\u00ed za to. Pripravte si v\u0161ak pr\u0161ipl\u00e1\u0161te a\u00a0d\u00e1\u017edniky, preto\u017ee ako v\u00e1m prezradia jej zvierac\u00ed obyvatelia, \u017eivot v\u00a0tamoj\u0161ej divo\u010dine nie je v\u00f4bec jednoduch\u00fd. Kr\u00e1sna pr\u00edroda, ktor\u00e1 [&hellip;]<\/p>\n","protected":false},"author":7,"featured_media":90910,"comment_status":"closed","ping_status":"closed","sticky":false,"template":"","format":"standard","meta":{"footnotes":""},"categories":[45,56],"tags":[],"class_list":["post-90894","post","type-post","status-publish","format-standard","has-post-thumbnail","hentry","category-nas-tip","category-priroda","eq-blocks"],"_links":{"self":[{"href":"https:\/\/www.slovaklinesmagazin.sk\/cms\/wp-json\/wp\/v2\/posts\/90894","targetHints":{"allow":["GET"]}}],"collection":[{"href":"https:\/\/www.slovaklinesmagazin.sk\/cms\/wp-json\/wp\/v2\/posts"}],"about":[{"href":"https:\/\/www.slovaklinesmagazin.sk\/cms\/wp-json\/wp\/v2\/types\/post"}],"author":[{"embeddable":true,"href":"https:\/\/www.slovaklinesmagazin.sk\/cms\/wp-json\/wp\/v2\/users\/7"}],"replies":[{"embeddable":true,"href":"https:\/\/www.slovaklinesmagazin.sk\/cms\/wp-json\/wp\/v2\/comments?post=90894"}],"version-history":[{"count":15,"href":"https:\/\/www.slovaklinesmagazin.sk\/cms\/wp-json\/wp\/v2\/posts\/90894\/revisions"}],"predecessor-version":[{"id":90916,"href":"https:\/\/www.slovaklinesmagazin.sk\/cms\/wp-json\/wp\/v2\/posts\/90894\/revisions\/90916"}],"wp:featuredmedia":[{"embeddable":true,"href":"https:\/\/www.slovaklinesmagazin.sk\/cms\/wp-json\/wp\/v2\/media\/90910"}],"wp:attachment":[{"href":"https:\/\/www.slovaklinesmagazin.sk\/cms\/wp-json\/wp\/v2\/media?parent=90894"}],"wp:term":[{"taxonomy":"category","embeddable":true,"href":"https:\/\/www.slovaklinesmagazin.sk\/cms\/wp-json\/wp\/v2\/categories?post=90894"},{"taxonomy":"post_tag","embeddable":true,"href":"https:\/\/www.slovaklinesmagazin.sk\/cms\/wp-json\/wp\/v2\/tags?post=90894"}],"curies":[{"name":"wp","href":"https:\/\/api.w.org\/{rel}","templated":true}]}}