{"id":90927,"date":"2022-08-18T11:48:59","date_gmt":"2022-08-18T09:48:59","guid":{"rendered":"https:\/\/slovaklinesmagazin.sk\/cms\/?p=90927"},"modified":"2022-08-18T11:51:52","modified_gmt":"2022-08-18T09:51:52","slug":"velka-slavnost-koni-na-zamku-schloss-hof","status":"publish","type":"post","link":"https:\/\/www.slovaklinesmagazin.sk\/cms\/2022\/08\/velka-slavnost-koni-na-zamku-schloss-hof\/","title":{"rendered":"Ve\u013ek\u00e1 sl\u00e1vnos\u0165 kon\u00ed na z\u00e1mku Schloss Hof"},"content":{"rendered":"<p>Z\u00e1mock\u00e1 l\u00faka p\u00f4vabn\u00e9ho vidieckeho are\u00e1lu Schloss Hof priv\u00edta po\u010das posledn\u00e9ho augustov\u00e9ho v\u00edkendu n\u00e1dhern\u00e9 a\u00a0\u0161ikovne tr\u00e9novan\u00e9 kone, roztomil\u00e9 pon\u00edky i mnoho \u010fal\u0161\u00edch \u0161tvornoh\u00fdch predstavite\u013eov zvieracej r\u00ed\u0161e v\u00a0p\u00f4sobiv\u00fdch vyst\u00fapeniach.<\/p>\n<p style=\"text-align: center;\"><img loading=\"lazy\" decoding=\"async\" class=\"alignleft wp-image-90929 size-full\" src=\"https:\/\/slovaklinesmagazin.sk\/cms\/wp-content\/uploads\/2022\/08\/Michael-Graf-MIKEs-FotoGRAFie-3-scaled.jpg\" alt=\"\" width=\"2560\" height=\"1920\" srcset=\"https:\/\/www.slovaklinesmagazin.sk\/cms\/wp-content\/uploads\/2022\/08\/Michael-Graf-MIKEs-FotoGRAFie-3-scaled.jpg 2560w, https:\/\/www.slovaklinesmagazin.sk\/cms\/wp-content\/uploads\/2022\/08\/Michael-Graf-MIKEs-FotoGRAFie-3-300x225.jpg 300w, https:\/\/www.slovaklinesmagazin.sk\/cms\/wp-content\/uploads\/2022\/08\/Michael-Graf-MIKEs-FotoGRAFie-3-1024x768.jpg 1024w, https:\/\/www.slovaklinesmagazin.sk\/cms\/wp-content\/uploads\/2022\/08\/Michael-Graf-MIKEs-FotoGRAFie-3-768x576.jpg 768w, https:\/\/www.slovaklinesmagazin.sk\/cms\/wp-content\/uploads\/2022\/08\/Michael-Graf-MIKEs-FotoGRAFie-3-600x450.jpg 600w, https:\/\/www.slovaklinesmagazin.sk\/cms\/wp-content\/uploads\/2022\/08\/Michael-Graf-MIKEs-FotoGRAFie-3-1536x1152.jpg 1536w, https:\/\/www.slovaklinesmagazin.sk\/cms\/wp-content\/uploads\/2022\/08\/Michael-Graf-MIKEs-FotoGRAFie-3-2048x1536.jpg 2048w\" sizes=\"auto, (max-width: 2560px) 100vw, 2560px\" \/><\/p>\n<p>&nbsp;<\/p>\n<p>&nbsp;<\/p>\n<p>&nbsp;<\/p>\n<p>&nbsp;<\/p>\n<p>&nbsp;<\/p>\n<p>&nbsp;<\/p>\n<p>&nbsp;<\/p>\n<p><strong>L\u00e1ska k zvierat\u00e1m<\/strong><br \/>\nNiekdaj\u0161ia majite\u013eka z\u00e1mku Schloss Hof, M\u00e1ria Ter\u00e9zia, sa presl\u00e1vila najm\u00e4 ako v\u00fdznamn\u00e1 a\u00a0uvedomel\u00e1 panovn\u00ed\u010dka, ale nesmieme zabudn\u00fa\u0165, ani na jej ve\u013ek\u00fa l\u00e1sku ku ko\u0148om. T\u00fdmto zvierat\u00e1m sa v\u00a0minulosti venovala ve\u013ek\u00e1 pozornos\u0165. Patrili medzi najv\u00e4\u010d\u0161\u00edch pomocn\u00edkov \u010dloveka, ke\u010f\u017ee poskytovali prepravu nielen \u013eud\u00ed samotn\u00fdch, ale predov\u0161etk\u00fdm i\u00a0potrav\u00edn, tovaru a mun\u00edcie.<br \/>\nIch sila sa vyu\u017e\u00edvala aj pri stavb\u00e1ch \u010di \u0165a\u017ebe. Vybran\u00e9 rasy boli tr\u00e9novan\u00e9 na jazdenie i po\u013eova\u010dky a\u00a0zara\u010fovali sa tak medzi najob\u013e\u00fabenej\u0161ie zvierat\u00e1. Talent, \u0161arm, p\u00f4sobiv\u00e9 dejiny a\u00a0najm\u00e4 dodnes pretrv\u00e1vaj\u00faci obdiv k t\u00fdmto u\u0161\u013eachtil\u00fdm tvorom, s\u00fa d\u00f4vody, pre\u010do im je na z\u00e1mku Schloss Hof venovan\u00e9 ve\u013ekolep\u00e9 podujatie \u201eVe\u013ek\u00e1 sl\u00e1vnos\u0165 kon\u00ed\u201c.<\/p>\n<p><strong>P\u00fatav\u00e1 \u0161ou pln\u00e1 z\u00e1bavy a\u00a0nap\u00e4tia<\/strong><\/p>\n<p>Skvel\u00fd pr\u00e1zdninov\u00fd program vyvrchol\u00ed ob\u013e\u00fabenou sl\u00e1vnos\u0165ou, ktor\u00e1 svojou rozmanitos\u0165ou pon\u00fakne nieko\u013eko hodinov\u00fd program prin\u00e1\u0161aj\u00faci skvel\u00e9 vyst\u00fapenia. Predstavitelia Drag\u00f3nskeho pluku sa vo svojich historick\u00fdch uniform\u00e1ch predved\u00fa na vypul\u00edrovan\u00fdch t\u00e1to\u0161och v\u00a0dokonalom sprievode. Artistick\u00ed jazdci uk\u00e1\u017eu svoje n\u00e1ro\u010dn\u00e9 k\u00fasky vo vyst\u00fapeniach pln\u00fdch nap\u00e4tia. Ak ste zvedav\u00ed na kon\u00edky, ktor\u00e9 nie s\u00fa tak\u00e9 typick\u00e9 pre stredn\u00fa Eur\u00f3pu, nevynechajte vyst\u00fapenie Islandsk\u00e9ho konsk\u00e9ho dvora z\u00a0Lassee. Ka\u017edoro\u010dnou klasikou s\u00fa o\u010daruj\u00faco elegantn\u00e9 choreografie \u010diernych \u017erebcov zoskupenia \u201eMoments in Black\u201c. Te\u0161i\u0165 sa m\u00f4\u017eete aj na mnoho \u010fal\u0161\u00edch p\u00f4sobiv\u00fdch form\u00e1ci\u00ed. V\u00a0centre diania bud\u00fa samozrejme kone, ale zapoja sa aj \u010fal\u0161\u00ed \u0161tvornoh\u00ed obyvatelia statku, ktor\u00ed sa predved\u00fa najm\u00e4 vo vtipn\u00fdch a\u00a0vesel\u00fdch kre\u00e1ci\u00e1ch. Atmosf\u00e9ra na z\u00e1mockej l\u00fake bude ur\u010dite z\u00e1rukou bezkonkuren\u010dnej z\u00e1bavy a\u00a0nap\u00e4tia.<\/p>\n<p style=\"text-align: center;\"><img loading=\"lazy\" decoding=\"async\" class=\"aligncenter wp-image-90930 size-full\" src=\"https:\/\/slovaklinesmagazin.sk\/cms\/wp-content\/uploads\/2022\/08\/Michael-Graf-MIKEs-FotoGRAFie-112-scaled.jpg\" alt=\"\" width=\"2560\" height=\"1920\" srcset=\"https:\/\/www.slovaklinesmagazin.sk\/cms\/wp-content\/uploads\/2022\/08\/Michael-Graf-MIKEs-FotoGRAFie-112-scaled.jpg 2560w, https:\/\/www.slovaklinesmagazin.sk\/cms\/wp-content\/uploads\/2022\/08\/Michael-Graf-MIKEs-FotoGRAFie-112-300x225.jpg 300w, https:\/\/www.slovaklinesmagazin.sk\/cms\/wp-content\/uploads\/2022\/08\/Michael-Graf-MIKEs-FotoGRAFie-112-1024x768.jpg 1024w, https:\/\/www.slovaklinesmagazin.sk\/cms\/wp-content\/uploads\/2022\/08\/Michael-Graf-MIKEs-FotoGRAFie-112-768x576.jpg 768w, https:\/\/www.slovaklinesmagazin.sk\/cms\/wp-content\/uploads\/2022\/08\/Michael-Graf-MIKEs-FotoGRAFie-112-600x450.jpg 600w, https:\/\/www.slovaklinesmagazin.sk\/cms\/wp-content\/uploads\/2022\/08\/Michael-Graf-MIKEs-FotoGRAFie-112-1536x1152.jpg 1536w, https:\/\/www.slovaklinesmagazin.sk\/cms\/wp-content\/uploads\/2022\/08\/Michael-Graf-MIKEs-FotoGRAFie-112-2048x1536.jpg 2048w\" sizes=\"auto, (max-width: 2560px) 100vw, 2560px\" \/><\/p>\n<p><strong>Z\u00e1ver leta venovan\u00fd de\u0165om<br \/>\n<\/strong>V \u00favode augusta vypukla v\u00a0z\u00e1mockom are\u00e1li Schloss Hof \u201eVe\u013ek\u00e1 pr\u00e1zdninov\u00e1 z\u00e1bava\u201c. Letn\u00e9 pr\u00e1zdniny sa s\u00edce pomaly kon\u010dia, ale aj v\u00a0ich z\u00e1vere si deti m\u00f4\u017eu vychutna\u0165 skvel\u00fa kreat\u00edvnu ponuku v\u00a0tvoriv\u00fdch dielni\u010dk\u00e1ch, necha\u0165 sa o\u010dari\u0165 k\u00fazeln\u00edkom, ponori\u0165 sa do pr\u00fadu z\u00e1bavy hudobn\u00fdch vyst\u00fapen\u00ed a\u00a0Akad\u00e9mia umenia pre deti taktie\u017e stoj\u00ed za \u00fa\u010das\u0165. Doprajte si kr\u00e1sny z\u00e1ver leta v\u00a0z\u00e1mockom are\u00e1li plnom jedine\u010dn\u00fdch z\u00e1\u017eitkov.<\/p>\n<p style=\"text-align: center;\"><img loading=\"lazy\" decoding=\"async\" class=\"aligncenter wp-image-90931 size-full\" src=\"https:\/\/slovaklinesmagazin.sk\/cms\/wp-content\/uploads\/2022\/08\/Michael-Graf-MIKEs-FotoGRAFie-83-scaled.jpg\" alt=\"\" width=\"2560\" height=\"1920\" srcset=\"https:\/\/www.slovaklinesmagazin.sk\/cms\/wp-content\/uploads\/2022\/08\/Michael-Graf-MIKEs-FotoGRAFie-83-scaled.jpg 2560w, https:\/\/www.slovaklinesmagazin.sk\/cms\/wp-content\/uploads\/2022\/08\/Michael-Graf-MIKEs-FotoGRAFie-83-300x225.jpg 300w, https:\/\/www.slovaklinesmagazin.sk\/cms\/wp-content\/uploads\/2022\/08\/Michael-Graf-MIKEs-FotoGRAFie-83-1024x768.jpg 1024w, https:\/\/www.slovaklinesmagazin.sk\/cms\/wp-content\/uploads\/2022\/08\/Michael-Graf-MIKEs-FotoGRAFie-83-768x576.jpg 768w, https:\/\/www.slovaklinesmagazin.sk\/cms\/wp-content\/uploads\/2022\/08\/Michael-Graf-MIKEs-FotoGRAFie-83-600x450.jpg 600w, https:\/\/www.slovaklinesmagazin.sk\/cms\/wp-content\/uploads\/2022\/08\/Michael-Graf-MIKEs-FotoGRAFie-83-1536x1152.jpg 1536w, https:\/\/www.slovaklinesmagazin.sk\/cms\/wp-content\/uploads\/2022\/08\/Michael-Graf-MIKEs-FotoGRAFie-83-2048x1536.jpg 2048w\" sizes=\"auto, (max-width: 2560px) 100vw, 2560px\" \/><\/p>\n<p><strong>Miesto:<\/strong> Z\u00e1mok Schloss Hof, 2294 Schlo\u00dfhof 1 \/ Z\u00e1mok Niederweiden, 2292 Niederweiden 1<br \/>\n<strong>Term\u00edny:<\/strong> 27.-28. august 2022<\/p>\n<p>Vstupenka do z\u00e1mku Schloss Hof vr\u00e1tane z\u00e1mku Niederweiden: dospel\u00ed 19,- \u20ac\u00a0 | deti (6\u201318 rokov) 11,- \u20ac | rodiny (2 dospel\u00ed + max. 3 deti) 49,- \u20ac<br \/>\nRo\u010dn\u00e1 vstupenka: dospel\u00ed 40,-\u20ac\u00a0 | deti 23,-\u20ac.<br \/>\nPrehliadka: dospel\u00ed 4,-\u20ac |deti 2,-\u20ac<\/p>\n<p>Pre \u00fa\u010das\u0165 na Ve\u013ekej pr\u00e1zdninovej z\u00e1bave je nutn\u00e9 zak\u00fapi\u0165 pre detsk\u00fdch n\u00e1v\u0161tevn\u00edkov k vstupn\u00e9mu aj zbern\u00fd pas: denn\u00fd pas: 4,-\u20ac | mesa\u010dn\u00fd pas:\u00a0 8,-\u00a0\u20ac die\u0165a na cel\u00e9 obdobie Ve\u013ekej pr\u00e1zdninovej z\u00e1bavy\u00a06.8. \u2013 4.9.2022<br \/>\n1 sprev\u00e1dzaj\u00faca osoba (so vstupn\u00fdm) je pri \u00fa\u010dasti na programovej ponuke gr\u00e1tis<\/p>\n<p><strong>Zbierajte n\u00e1lepky do zbern\u00e9ho pasu a\u00a0do 4.9. na v\u00e1s pri odchode domov, \u010dak\u00e1 mal\u00e9 prekvapenie!<\/strong><\/p>\n<p><strong>TIP:<\/strong> Nav\u0161t\u00edvte z\u00e1mok Schloss Hof vr\u00e1tane z\u00e1mku Niederweiden s\u00a0v\u00fdhodnou <a href=\"https:\/\/www.schlosshof.at\/sk\/vstupne-program\/vstupne-ceny#ro-n-vstupenka\">ro\u010dnou vstupenkou<\/a>.<\/p>\n<p>Bli\u017e\u0161ie inform\u00e1cie a rezerv\u00e1cie: <a href=\"https:\/\/www.schlosshof.at\/sk\">www.schlosshof.at\/sk<\/a>.<\/p>\n<p>&nbsp;<\/p>\n<p>Foto na titulke: Michael Graf &#8211; MIKEs FotoGRAFie<\/p>\n","protected":false},"excerpt":{"rendered":"<p>Z\u00e1mock\u00e1 l\u00faka p\u00f4vabn\u00e9ho vidieckeho are\u00e1lu Schloss Hof priv\u00edta po\u010das posledn\u00e9ho augustov\u00e9ho v\u00edkendu n\u00e1dhern\u00e9 a\u00a0\u0161ikovne tr\u00e9novan\u00e9 kone, roztomil\u00e9 pon\u00edky i mnoho \u010fal\u0161\u00edch \u0161tvornoh\u00fdch predstavite\u013eov zvieracej r\u00ed\u0161e v\u00a0p\u00f4sobiv\u00fdch vyst\u00fapeniach. &nbsp; &nbsp; &nbsp; &nbsp; &nbsp; &nbsp; &nbsp; L\u00e1ska k zvierat\u00e1m Niekdaj\u0161ia majite\u013eka z\u00e1mku Schloss Hof, M\u00e1ria Ter\u00e9zia, sa presl\u00e1vila najm\u00e4 ako v\u00fdznamn\u00e1 a\u00a0uvedomel\u00e1 panovn\u00ed\u010dka, ale nesmieme zabudn\u00fa\u0165, ani [&hellip;]<\/p>\n","protected":false},"author":7,"featured_media":90928,"comment_status":"closed","ping_status":"closed","sticky":false,"template":"","format":"standard","meta":{"footnotes":""},"categories":[13,11,50],"tags":[],"class_list":["post-90927","post","type-post","status-publish","format-standard","has-post-thumbnail","hentry","category-real-estate","category-news","category-radim-vam","eq-blocks"],"_links":{"self":[{"href":"https:\/\/www.slovaklinesmagazin.sk\/cms\/wp-json\/wp\/v2\/posts\/90927","targetHints":{"allow":["GET"]}}],"collection":[{"href":"https:\/\/www.slovaklinesmagazin.sk\/cms\/wp-json\/wp\/v2\/posts"}],"about":[{"href":"https:\/\/www.slovaklinesmagazin.sk\/cms\/wp-json\/wp\/v2\/types\/post"}],"author":[{"embeddable":true,"href":"https:\/\/www.slovaklinesmagazin.sk\/cms\/wp-json\/wp\/v2\/users\/7"}],"replies":[{"embeddable":true,"href":"https:\/\/www.slovaklinesmagazin.sk\/cms\/wp-json\/wp\/v2\/comments?post=90927"}],"version-history":[{"count":1,"href":"https:\/\/www.slovaklinesmagazin.sk\/cms\/wp-json\/wp\/v2\/posts\/90927\/revisions"}],"predecessor-version":[{"id":90932,"href":"https:\/\/www.slovaklinesmagazin.sk\/cms\/wp-json\/wp\/v2\/posts\/90927\/revisions\/90932"}],"wp:featuredmedia":[{"embeddable":true,"href":"https:\/\/www.slovaklinesmagazin.sk\/cms\/wp-json\/wp\/v2\/media\/90928"}],"wp:attachment":[{"href":"https:\/\/www.slovaklinesmagazin.sk\/cms\/wp-json\/wp\/v2\/media?parent=90927"}],"wp:term":[{"taxonomy":"category","embeddable":true,"href":"https:\/\/www.slovaklinesmagazin.sk\/cms\/wp-json\/wp\/v2\/categories?post=90927"},{"taxonomy":"post_tag","embeddable":true,"href":"https:\/\/www.slovaklinesmagazin.sk\/cms\/wp-json\/wp\/v2\/tags?post=90927"}],"curies":[{"name":"wp","href":"https:\/\/api.w.org\/{rel}","templated":true}]}}