{"id":91964,"date":"2023-05-10T09:33:50","date_gmt":"2023-05-10T07:33:50","guid":{"rendered":"https:\/\/slovaklinesmagazin.sk\/cms\/?p=91964"},"modified":"2023-05-10T09:36:14","modified_gmt":"2023-05-10T07:36:14","slug":"zvolensky-zamok-opat-otvara-svoje-brany-pre-remeselnikov","status":"publish","type":"post","link":"https:\/\/www.slovaklinesmagazin.sk\/cms\/2023\/05\/zvolensky-zamok-opat-otvara-svoje-brany-pre-remeselnikov\/","title":{"rendered":"ZVOLENSK\u00dd Z\u00c1MOK OP\u00c4\u0164 OTV\u00c1RA SVOJE BR\u00c1NY PRE REMESELN\u00cdKOV&#8230;"},"content":{"rendered":"<p><em>&#8230;a u\u017e po \u0161tvrt\u00fdkr\u00e1t medzi svojimi hradbami priv\u00edta n\u00e1v\u0161tevn\u00edkov, umelcov a hercov na podujat\u00ed Zabudnut\u00e9 remesl\u00e1 na Zvolenskom z\u00e1mku. T\u00ed prich\u00e1dzaj\u00fa, aby po\u010das druh\u00e9ho m\u00e1jov\u00e9ho v\u00edkendu, 13. \u2013 14. m\u00e1ja predviedli na z\u00e1mku svoje umenie. V\u00a0programe nebude ch\u00fdba\u0165 ani ob\u013e\u00faben\u00fd drak, skuto\u010dn\u00e1 princezn\u00e1 a\u00a0\u017eiv\u00fd jednoro\u017eec!<\/em><\/p>\n<p style=\"text-align: center;\"><img loading=\"lazy\" decoding=\"async\" class=\"size-large wp-image-91966 aligncenter\" src=\"https:\/\/slovaklinesmagazin.sk\/cms\/wp-content\/uploads\/2023\/05\/Zabudnute-remesla-2023-plagat-doplneny-web-726x1024.jpg\" alt=\"\" width=\"640\" height=\"903\" srcset=\"https:\/\/www.slovaklinesmagazin.sk\/cms\/wp-content\/uploads\/2023\/05\/Zabudnute-remesla-2023-plagat-doplneny-web-726x1024.jpg 726w, https:\/\/www.slovaklinesmagazin.sk\/cms\/wp-content\/uploads\/2023\/05\/Zabudnute-remesla-2023-plagat-doplneny-web-213x300.jpg 213w, https:\/\/www.slovaklinesmagazin.sk\/cms\/wp-content\/uploads\/2023\/05\/Zabudnute-remesla-2023-plagat-doplneny-web-768x1083.jpg 768w, https:\/\/www.slovaklinesmagazin.sk\/cms\/wp-content\/uploads\/2023\/05\/Zabudnute-remesla-2023-plagat-doplneny-web-600x846.jpg 600w, https:\/\/www.slovaklinesmagazin.sk\/cms\/wp-content\/uploads\/2023\/05\/Zabudnute-remesla-2023-plagat-doplneny-web-1089x1536.jpg 1089w, https:\/\/www.slovaklinesmagazin.sk\/cms\/wp-content\/uploads\/2023\/05\/Zabudnute-remesla-2023-plagat-doplneny-web-1452x2048.jpg 1452w, https:\/\/www.slovaklinesmagazin.sk\/cms\/wp-content\/uploads\/2023\/05\/Zabudnute-remesla-2023-plagat-doplneny-web-scaled.jpg 1815w\" sizes=\"auto, (max-width: 640px) 100vw, 640px\" \/><\/p>\n<p>Po\u010das v\u00edkendu sa predstav\u00ed nieko\u013eko divadeln\u00fdch zoskupen\u00ed a spolok Rytierov Vir Fortis so svojimi \u0161ermiarskymi s\u00fabojmi a historick\u00fdmi remeslami. Tento spolok pripomenie n\u00e1v\u0161tevn\u00edkom zabudnut\u00e9 remesl\u00e1 rytierstva v podobe lukostre\u013eby, uk\u00e1\u017eok \u0161ermiarskej techniky a rytierskeho boja, vr\u00e1tane interakt\u00edvnych predstaven\u00ed, ktor\u00fdmi vtiahne do programu mal\u00fdch aj ve\u013ek\u00fdch div\u00e1kov. Remeseln\u00fd trh bude doplnen\u00fd o\u00a0kov\u00e1\u010dstvo, rezb\u00e1rstvo, drot\u00e1rstvo, bylink\u00e1rstvo, ry\u017eovanie zlata, odlievanie fig\u00fariek z\u00a0c\u00ednu a\u00a0mnoho in\u00e9ho.<\/p>\n<p>Cel\u00fdm sobotn\u00fdm programom n\u00e1s bude sprev\u00e1dza\u0165 Divadlo z\u00a0Dom\u010deka, ktor\u00e9 zo svojho Divadeln\u00e9ho rebriniaka vytiahne hne\u010f nieko\u013eko rozpr\u00e1vok (Ako sa Ga\u0161par takmer kr\u00e1\u013eom stal, Dreven\u00e1 krava, Janko Hra\u0161ko, Mech\u00farik Ko\u0161\u010d\u00farik). Predstavenia bud\u00fa doplnen\u00e9 aj o\u00a0\u0161kolu vodenia b\u00e1bok \u010di \u0161kolu \u017eonglovania.<\/p>\n<div id='gallery-1' class='gallery galleryid-91964 gallery-columns-2 gallery-size-large'><figure class='gallery-item'>\n\t\t\t<div class='gallery-icon landscape'>\n\t\t\t\t<a href='https:\/\/www.slovaklinesmagazin.sk\/cms\/2023\/05\/zvolensky-zamok-opat-otvara-svoje-brany-pre-remeselnikov\/dsc00288-1\/'><img loading=\"lazy\" decoding=\"async\" width=\"640\" height=\"480\" src=\"https:\/\/www.slovaklinesmagazin.sk\/cms\/wp-content\/uploads\/2023\/05\/DSC00288-1-1024x768.jpg\" class=\"attachment-large size-large\" alt=\"\" srcset=\"https:\/\/www.slovaklinesmagazin.sk\/cms\/wp-content\/uploads\/2023\/05\/DSC00288-1-1024x768.jpg 1024w, https:\/\/www.slovaklinesmagazin.sk\/cms\/wp-content\/uploads\/2023\/05\/DSC00288-1-300x225.jpg 300w, https:\/\/www.slovaklinesmagazin.sk\/cms\/wp-content\/uploads\/2023\/05\/DSC00288-1-768x576.jpg 768w, https:\/\/www.slovaklinesmagazin.sk\/cms\/wp-content\/uploads\/2023\/05\/DSC00288-1-600x450.jpg 600w, https:\/\/www.slovaklinesmagazin.sk\/cms\/wp-content\/uploads\/2023\/05\/DSC00288-1.jpg 1200w\" sizes=\"auto, (max-width: 640px) 100vw, 640px\" \/><\/a>\n\t\t\t<\/div><\/figure><figure class='gallery-item'>\n\t\t\t<div class='gallery-icon landscape'>\n\t\t\t\t<a href='https:\/\/www.slovaklinesmagazin.sk\/cms\/2023\/05\/zvolensky-zamok-opat-otvara-svoje-brany-pre-remeselnikov\/dsc00347-1\/'><img loading=\"lazy\" decoding=\"async\" width=\"640\" height=\"480\" src=\"https:\/\/www.slovaklinesmagazin.sk\/cms\/wp-content\/uploads\/2023\/05\/DSC00347-1-1024x768.jpg\" class=\"attachment-large size-large\" alt=\"\" srcset=\"https:\/\/www.slovaklinesmagazin.sk\/cms\/wp-content\/uploads\/2023\/05\/DSC00347-1-1024x768.jpg 1024w, https:\/\/www.slovaklinesmagazin.sk\/cms\/wp-content\/uploads\/2023\/05\/DSC00347-1-300x225.jpg 300w, https:\/\/www.slovaklinesmagazin.sk\/cms\/wp-content\/uploads\/2023\/05\/DSC00347-1-768x576.jpg 768w, https:\/\/www.slovaklinesmagazin.sk\/cms\/wp-content\/uploads\/2023\/05\/DSC00347-1-600x450.jpg 600w, https:\/\/www.slovaklinesmagazin.sk\/cms\/wp-content\/uploads\/2023\/05\/DSC00347-1.jpg 1200w\" sizes=\"auto, (max-width: 640px) 100vw, 640px\" \/><\/a>\n\t\t\t<\/div><\/figure><figure class='gallery-item'>\n\t\t\t<div class='gallery-icon landscape'>\n\t\t\t\t<a href='https:\/\/www.slovaklinesmagazin.sk\/cms\/2023\/05\/zvolensky-zamok-opat-otvara-svoje-brany-pre-remeselnikov\/dsc01634\/'><img loading=\"lazy\" decoding=\"async\" width=\"640\" height=\"483\" src=\"https:\/\/www.slovaklinesmagazin.sk\/cms\/wp-content\/uploads\/2023\/05\/DSC01634-1024x772.jpg\" class=\"attachment-large size-large\" alt=\"\" srcset=\"https:\/\/www.slovaklinesmagazin.sk\/cms\/wp-content\/uploads\/2023\/05\/DSC01634-1024x772.jpg 1024w, https:\/\/www.slovaklinesmagazin.sk\/cms\/wp-content\/uploads\/2023\/05\/DSC01634-300x226.jpg 300w, https:\/\/www.slovaklinesmagazin.sk\/cms\/wp-content\/uploads\/2023\/05\/DSC01634-768x579.jpg 768w, https:\/\/www.slovaklinesmagazin.sk\/cms\/wp-content\/uploads\/2023\/05\/DSC01634-600x452.jpg 600w, https:\/\/www.slovaklinesmagazin.sk\/cms\/wp-content\/uploads\/2023\/05\/DSC01634-1536x1158.jpg 1536w, https:\/\/www.slovaklinesmagazin.sk\/cms\/wp-content\/uploads\/2023\/05\/DSC01634-2048x1544.jpg 2048w\" sizes=\"auto, (max-width: 640px) 100vw, 640px\" \/><\/a>\n\t\t\t<\/div><\/figure><figure class='gallery-item'>\n\t\t\t<div class='gallery-icon landscape'>\n\t\t\t\t<a href='https:\/\/www.slovaklinesmagazin.sk\/cms\/2023\/05\/zvolensky-zamok-opat-otvara-svoje-brany-pre-remeselnikov\/dsc09118-1\/'><img loading=\"lazy\" decoding=\"async\" width=\"640\" height=\"480\" src=\"https:\/\/www.slovaklinesmagazin.sk\/cms\/wp-content\/uploads\/2023\/05\/DSC09118-1-1024x768.jpg\" class=\"attachment-large size-large\" alt=\"\" srcset=\"https:\/\/www.slovaklinesmagazin.sk\/cms\/wp-content\/uploads\/2023\/05\/DSC09118-1-1024x768.jpg 1024w, https:\/\/www.slovaklinesmagazin.sk\/cms\/wp-content\/uploads\/2023\/05\/DSC09118-1-300x225.jpg 300w, https:\/\/www.slovaklinesmagazin.sk\/cms\/wp-content\/uploads\/2023\/05\/DSC09118-1-768x576.jpg 768w, https:\/\/www.slovaklinesmagazin.sk\/cms\/wp-content\/uploads\/2023\/05\/DSC09118-1-600x450.jpg 600w, https:\/\/www.slovaklinesmagazin.sk\/cms\/wp-content\/uploads\/2023\/05\/DSC09118-1.jpg 1200w\" sizes=\"auto, (max-width: 640px) 100vw, 640px\" \/><\/a>\n\t\t\t<\/div><\/figure>\n\t\t<\/div>\n\n<p><em>\u201eOkrem remeseln\u00e9ho trhu, dobov\u00fdch uk\u00e1\u017eok a divadiel sme pre dospel\u00fdch n\u00e1v\u0161tevn\u00edkov pripravili program vo v\u00ednnej uli\u010dke. Degustova\u0165 sa bude nieko\u013eko slovensk\u00fdch lok\u00e1lnych v\u00edn (Vin\u00e1rstvo J &amp; J Kn\u00e1pek, Vin\u00e1rstvo Vatra WINE, Vin\u00e1rstvo CSERNUS, Gabriel Oravec V\u00edno GA-BOR, Vin\u00e1rstvo Hanuska). Na\u0161i hostia sa m\u00f4\u017eu te\u0161i\u0165 aj na umeleck\u00fd program v\u00a0podobe \u017eivej jazzovej kapely Swingin\u00b4 Gentlemen. Popri poh\u00e1riku dobr\u00e9ho v\u00ednka a t\u00f3noch jazzovej hudby sa bud\u00fa m\u00f4c\u0165 zapoji\u0165 do vyma\u013eovania obrazu Zabudnut\u00fdch remesiel. Ver\u00edme, \u017ee n\u00e1v\u0161tevn\u00edkov pote\u0161\u00edme nie len gastronomick\u00fdm, ale aj umeleck\u00fdm z\u00e1\u017eitkom, priamo v\u00a0uli\u010dk\u00e1ch Zvolensk\u00e9ho z\u00e1mku\u201c<\/em> spomenula Ter\u00e9zia Fi\u013eov\u00e1, koordin\u00e1tor destina\u010dn\u00e9ho marketingu pre oblas\u0165 Stredn\u00e9 Slovensko.<\/p>\n<p>V sobotu popoludn\u00ed pote\u0161\u00ed umeleck\u00e9 du\u0161e n\u00e1v\u0161tevn\u00edkov aj sprievodn\u00fd program Noci m\u00faze\u00ed a gal\u00e9ri\u00ed pod z\u00e1\u0161titou Slovenskej n\u00e1rodnej gal\u00e9rie Zvolen v interi\u00e9ri Zvolensk\u00e9ho z\u00e1mku. Program vyvrchol\u00ed oh\u0148ovou \u0161ou, ktor\u00e1 premost\u00ed do komentovanej prehliadky \u201eErotika skryt\u00e1 na trhu\u201c, priamo v\u00a0interi\u00e9ri z\u00e1mku.<\/p>\n<p>V\u00a0nede\u013eu \u010dak\u00e1 deti mnoho z\u00e1bavy po\u010das p\u00e1tracej hry a r\u00f4znych divadeln\u00fdch predstaven\u00ed (Z\u00e1zra\u010dn\u00e9 zrkadlo, So\u013e nad Zlato, Dra\u010dia rozpr\u00e1vka). Atmosf\u00e9ru tohto festivalu umenia bud\u00fa dotv\u00e1ra\u0165 kaukliari a\u00a0na z\u00e1mok zav\u00edta aj \u201eTrio kr\u00e1\u013eovsk\u00fd dvor\u201c. Ch\u00fdba\u0165 nebude ani fotenie so \u017eiv\u00fdm drakom a\u00a0jednoro\u017ecom!<\/p>\n<div id='gallery-2' class='gallery galleryid-91964 gallery-columns-3 gallery-size-large'><figure class='gallery-item'>\n\t\t\t<div class='gallery-icon landscape'>\n\t\t\t\t<a href='https:\/\/www.slovaklinesmagazin.sk\/cms\/2023\/05\/zvolensky-zamok-opat-otvara-svoje-brany-pre-remeselnikov\/dsc00189-1\/'><img loading=\"lazy\" decoding=\"async\" width=\"640\" height=\"480\" src=\"https:\/\/www.slovaklinesmagazin.sk\/cms\/wp-content\/uploads\/2023\/05\/DSC00189-1-1024x768.jpg\" class=\"attachment-large size-large\" alt=\"\" srcset=\"https:\/\/www.slovaklinesmagazin.sk\/cms\/wp-content\/uploads\/2023\/05\/DSC00189-1-1024x768.jpg 1024w, https:\/\/www.slovaklinesmagazin.sk\/cms\/wp-content\/uploads\/2023\/05\/DSC00189-1-300x225.jpg 300w, https:\/\/www.slovaklinesmagazin.sk\/cms\/wp-content\/uploads\/2023\/05\/DSC00189-1-768x576.jpg 768w, https:\/\/www.slovaklinesmagazin.sk\/cms\/wp-content\/uploads\/2023\/05\/DSC00189-1-600x450.jpg 600w, https:\/\/www.slovaklinesmagazin.sk\/cms\/wp-content\/uploads\/2023\/05\/DSC00189-1.jpg 1200w\" sizes=\"auto, (max-width: 640px) 100vw, 640px\" \/><\/a>\n\t\t\t<\/div><\/figure><figure class='gallery-item'>\n\t\t\t<div class='gallery-icon landscape'>\n\t\t\t\t<a href='https:\/\/www.slovaklinesmagazin.sk\/cms\/2023\/05\/zvolensky-zamok-opat-otvara-svoje-brany-pre-remeselnikov\/dsc00200-1\/'><img loading=\"lazy\" decoding=\"async\" width=\"640\" height=\"480\" src=\"https:\/\/www.slovaklinesmagazin.sk\/cms\/wp-content\/uploads\/2023\/05\/DSC00200-1-1024x768.jpg\" class=\"attachment-large size-large\" alt=\"\" srcset=\"https:\/\/www.slovaklinesmagazin.sk\/cms\/wp-content\/uploads\/2023\/05\/DSC00200-1-1024x768.jpg 1024w, https:\/\/www.slovaklinesmagazin.sk\/cms\/wp-content\/uploads\/2023\/05\/DSC00200-1-300x225.jpg 300w, https:\/\/www.slovaklinesmagazin.sk\/cms\/wp-content\/uploads\/2023\/05\/DSC00200-1-768x576.jpg 768w, https:\/\/www.slovaklinesmagazin.sk\/cms\/wp-content\/uploads\/2023\/05\/DSC00200-1-600x450.jpg 600w, https:\/\/www.slovaklinesmagazin.sk\/cms\/wp-content\/uploads\/2023\/05\/DSC00200-1.jpg 1200w\" sizes=\"auto, (max-width: 640px) 100vw, 640px\" \/><\/a>\n\t\t\t<\/div><\/figure><figure class='gallery-item'>\n\t\t\t<div class='gallery-icon landscape'>\n\t\t\t\t<a href='https:\/\/www.slovaklinesmagazin.sk\/cms\/2023\/05\/zvolensky-zamok-opat-otvara-svoje-brany-pre-remeselnikov\/dsc09118-1\/'><img loading=\"lazy\" decoding=\"async\" width=\"640\" height=\"480\" src=\"https:\/\/www.slovaklinesmagazin.sk\/cms\/wp-content\/uploads\/2023\/05\/DSC09118-1-1024x768.jpg\" class=\"attachment-large size-large\" alt=\"\" srcset=\"https:\/\/www.slovaklinesmagazin.sk\/cms\/wp-content\/uploads\/2023\/05\/DSC09118-1-1024x768.jpg 1024w, https:\/\/www.slovaklinesmagazin.sk\/cms\/wp-content\/uploads\/2023\/05\/DSC09118-1-300x225.jpg 300w, https:\/\/www.slovaklinesmagazin.sk\/cms\/wp-content\/uploads\/2023\/05\/DSC09118-1-768x576.jpg 768w, https:\/\/www.slovaklinesmagazin.sk\/cms\/wp-content\/uploads\/2023\/05\/DSC09118-1-600x450.jpg 600w, https:\/\/www.slovaklinesmagazin.sk\/cms\/wp-content\/uploads\/2023\/05\/DSC09118-1.jpg 1200w\" sizes=\"auto, (max-width: 640px) 100vw, 640px\" \/><\/a>\n\t\t\t<\/div><\/figure>\n\t\t<\/div>\n\n<p><em>\u201eTe\u0161\u00edme sa, \u017ee op\u00e4\u0165 po roku m\u00f4\u017eeme na z\u00e1mku priv\u00edta\u0165 remeseln\u00edkov, n\u00e1v\u0161tevn\u00edkov, divadeln\u00edkov a\u00a0in\u00e9 umeleck\u00e9 teles\u00e1 a\u00a0spolu vytvori\u0165 neopakovate\u013en\u00fa atmosf\u00e9ru Zabudnut\u00fdch remesiel na Zvolenskom z\u00e1mku. Rovnako ako minul\u00fd rok sme sa rozhodli podpori\u0165 remeseln\u00edkov prostredn\u00edctvom 3\u20ac kup\u00f3nov, ktor\u00e9 z\u00edskaj\u00fa n\u00e1v\u0161tevn\u00edci v\u00a0cene dospel\u00e9ho vstupn\u00e9ho, a m\u00f4\u017eu si ich uplatni\u0165 vo vybranom st\u00e1nku s produktami. Bude to v\u00edkend pln\u00fd z\u00e1\u017eitkov pre mal\u00fdch aj ve\u013ek\u00fdch, a z\u00e1rove\u0148 podpor\u00edme region\u00e1lnych v\u00fdrobcov,\u201c<\/em> poz\u00fdva Ji\u0159\u00ed P\u011b\u010d, v\u00fdkonn\u00fd riadite\u013e Oblastnej organiz\u00e1cie cestovn\u00e9ho ruchu Stredn\u00e9 Slovensko so s\u00eddlom v Banskej Bystrici<em>. <\/em><\/p>\n<p><em>\u00a0\u00a0\u00a0\u00a0\u00a0\u00a0\u00a0\u00a0\u00a0\u00a0\u00a0\u00a0\u00a0\u00a0\u00a0 <\/em>Cenn\u00edk denn\u00e9ho vstupn\u00e9ho pre dospel\u00fdch je 6\u20ac. Z\u013eavnen\u00e9 vstupn\u00e9 pre deti od 3 do 15 rokov, \u0161tudentov s ISIC kartou, d\u00f4chodcov nad 65 rokov a Z\u0164P je 3\u20ac.\u00a0 V cene dospel\u00e9ho vstupu z\u00edska n\u00e1v\u0161tevn\u00edk aj 3\u20ac kup\u00f3n na n\u00e1kup produktov u remeseln\u00edkov. Tohtoro\u010dnou novinkou je predpredaj vstupeniek, ktor\u00e9 si je mo\u017en\u00e9 zak\u00fapi\u0165 cez webov\u00fa str\u00e1nku OOCR Stredn\u00e9 Slovensko na: <a href=\"https:\/\/centralslovakia.eu\/zazitky\/zabudnute-remesla\/\">https:\/\/centralslovakia.eu\/zazitky\/zabudnute-remesla\/<\/a>.<\/p>\n<p>Na podujat\u00ed sa predstavia r\u00f4zni hudobn\u00edci, divadeln\u00edci aj remeseln\u00edci, ktor\u00fdch bude mo\u017en\u00e9 finan\u010dne podpori\u0165 k\u00fapou ich v\u00fdrobkov. Zabudnut\u00e9 remesl\u00e1 s\u00fa skvel\u00fdm program pre deti aj dospel\u00fdch a pon\u00fakaj\u00fa pr\u00edjemn\u00fd v\u00edkendov\u00fd program. Viac o tomto podujat\u00ed na webovej str\u00e1nke OOCR Stredn\u00e9 Slovensko <a href=\"http:\/\/www.centralslovakia.eu\/zazitky\/zabudnute-remesla\/\">www.centralslovakia.eu\/zazitky\/zabudnute-remesla\/<\/a> alebo Facebook Central Slovakia.<\/p>\n<p>Podujatie Zabudnut\u00e9 remesl\u00e1 na Zvolenskom z\u00e1mku je organizovan\u00e9 v\u00a0spolupr\u00e1ci s Krajskou organiz\u00e1ciou cestovn\u00e9ho ruchu Za horami, za dolami Banskobystrick\u00fd kraj turizmus, mestom Zvolen, Slovenskou n\u00e1rodnou gal\u00e9riou, Stredovek\u00fdm Spolkom Rytierov Vir Fortis a\u00a0OZ CASSANOVA &#8211; spolo\u010dnos\u0165 vesel\u00fdch \u0161ermiarov z Banskej Bystrice.<\/p>\n<p>Realizovan\u00e9 s finan\u010dnou podporou Ministerstva dopravy Slovenskej republiky. Festival z verejn\u00fdch zdrojov podporil Fond na podporu umenia.<\/p>\n<p><strong>\u00a0<\/strong><\/p>\n","protected":false},"excerpt":{"rendered":"<p>&#8230;a u\u017e po \u0161tvrt\u00fdkr\u00e1t medzi svojimi hradbami priv\u00edta n\u00e1v\u0161tevn\u00edkov, umelcov a hercov na podujat\u00ed Zabudnut\u00e9 remesl\u00e1 na Zvolenskom z\u00e1mku. T\u00ed prich\u00e1dzaj\u00fa, aby po\u010das druh\u00e9ho m\u00e1jov\u00e9ho v\u00edkendu, 13. \u2013 14. m\u00e1ja predviedli na z\u00e1mku svoje umenie. V\u00a0programe nebude ch\u00fdba\u0165 ani ob\u013e\u00faben\u00fd drak, skuto\u010dn\u00e1 princezn\u00e1 a\u00a0\u017eiv\u00fd jednoro\u017eec! Po\u010das v\u00edkendu sa predstav\u00ed nieko\u013eko divadeln\u00fdch zoskupen\u00ed a spolok Rytierov [&hellip;]<\/p>\n","protected":false},"author":7,"featured_media":91965,"comment_status":"closed","ping_status":"closed","sticky":false,"template":"","format":"standard","meta":{"footnotes":""},"categories":[50,48],"tags":[],"class_list":["post-91964","post","type-post","status-publish","format-standard","has-post-thumbnail","hentry","category-radim-vam","category-umenie-a-kultura","eq-blocks"],"_links":{"self":[{"href":"https:\/\/www.slovaklinesmagazin.sk\/cms\/wp-json\/wp\/v2\/posts\/91964","targetHints":{"allow":["GET"]}}],"collection":[{"href":"https:\/\/www.slovaklinesmagazin.sk\/cms\/wp-json\/wp\/v2\/posts"}],"about":[{"href":"https:\/\/www.slovaklinesmagazin.sk\/cms\/wp-json\/wp\/v2\/types\/post"}],"author":[{"embeddable":true,"href":"https:\/\/www.slovaklinesmagazin.sk\/cms\/wp-json\/wp\/v2\/users\/7"}],"replies":[{"embeddable":true,"href":"https:\/\/www.slovaklinesmagazin.sk\/cms\/wp-json\/wp\/v2\/comments?post=91964"}],"version-history":[{"count":1,"href":"https:\/\/www.slovaklinesmagazin.sk\/cms\/wp-json\/wp\/v2\/posts\/91964\/revisions"}],"predecessor-version":[{"id":91973,"href":"https:\/\/www.slovaklinesmagazin.sk\/cms\/wp-json\/wp\/v2\/posts\/91964\/revisions\/91973"}],"wp:featuredmedia":[{"embeddable":true,"href":"https:\/\/www.slovaklinesmagazin.sk\/cms\/wp-json\/wp\/v2\/media\/91965"}],"wp:attachment":[{"href":"https:\/\/www.slovaklinesmagazin.sk\/cms\/wp-json\/wp\/v2\/media?parent=91964"}],"wp:term":[{"taxonomy":"category","embeddable":true,"href":"https:\/\/www.slovaklinesmagazin.sk\/cms\/wp-json\/wp\/v2\/categories?post=91964"},{"taxonomy":"post_tag","embeddable":true,"href":"https:\/\/www.slovaklinesmagazin.sk\/cms\/wp-json\/wp\/v2\/tags?post=91964"}],"curies":[{"name":"wp","href":"https:\/\/api.w.org\/{rel}","templated":true}]}}