{"id":92019,"date":"2023-05-19T10:25:40","date_gmt":"2023-05-19T08:25:40","guid":{"rendered":"https:\/\/slovaklinesmagazin.sk\/cms\/?p=92019"},"modified":"2023-05-19T10:27:10","modified_gmt":"2023-05-19T08:27:10","slug":"turisticka-sezona-v-cesku-v-nestatnych-pamiatkach-zapojenych-do-projektu-objavuj-pamiatky","status":"publish","type":"post","link":"https:\/\/www.slovaklinesmagazin.sk\/cms\/2023\/05\/turisticka-sezona-v-cesku-v-nestatnych-pamiatkach-zapojenych-do-projektu-objavuj-pamiatky\/","title":{"rendered":"Turistick\u00e1 sez\u00f3na v\u00a0\u010cesku v ne\u0161t\u00e1tnych pamiatkach zapojen\u00fdch do projektu Objavuj pamiatky"},"content":{"rendered":"<p>Projektov\u00e1 platforma Objavuj pamiatky vznikla v roku 2018. Prezentuje a propaguje ne\u0161t\u00e1tne kult\u00farne a technick\u00e9 pamiatky v \u010cesku (v tomto roku viac ako 120 objektov). Pre \u0161irok\u00fa verejnos\u0165 spustila atrakt\u00edvny webov\u00fd port\u00e1l, prev\u00e1dzkuje soci\u00e1lne siete FB a IG (pozv\u00e1nky na kult\u00farne podujatia, seri\u00e1ly, s\u00fa\u0165a\u017ee, fotografie, vide\u00e1, 3D prehliadky, podcasty a pod.), ka\u017edoro\u010dne vyd\u00e1va preh\u013eadn\u00fa tla\u010dovinu \u2013 bro\u017e\u00faru \u2013 s tipmi na v\u00fdlety a tento rok tie\u017e 2 trhacie mapy, organizuje stretnutie \u010dlenov z radov pamiatok, m\u00faze\u00ed a gal\u00e9ri\u00ed at\u010f.<\/p>\n<h3><strong>Hlavn\u00e9 udalosti a novinky \u010dlenov projektovej platformy Objavuj pamiatky:<\/strong><\/h3>\n<p><strong>Bor \u2013 z\u00e1mok:<\/strong> v\u00fdstava Od hradu k z\u00e1mku prinesie zhrnutie v\u00fdvoja hradn\u00e9ho a z\u00e1mock\u00e9ho are\u00e1lu. N\u00e1v\u0161tevn\u00edci sa m\u00f4\u017eu te\u0161i\u0165 na autentick\u00e9 archeologick\u00e9 n\u00e1lezy z v\u00fdskumu z\u00e1mock\u00e9ho are\u00e1lu a taktie\u017e na model zobrazuj\u00faci hrad Bor po prestavbe v 16. storo\u010d\u00ed.<\/p>\n<p><strong>Brno &#8211; Augustini\u00e1nske op\u00e1tstvo<\/strong> &#8211; Mendelovo m\u00fazeum Masarykovej univerzity nanovo pon\u00faka v r\u00e1mci prehliadky kl\u00e1\u0161tornej z\u00e1hrady aj n\u00e1v\u0161tevu nov\u00e9ho sklen\u00edka postaven\u00e9ho na p\u00f4vodn\u00fdch z\u00e1kladoch z 19. storo\u010dia. Ka\u017ed\u00fa prv\u00fa sobotu v mesiaci maj\u00fa seniori mo\u017enos\u0165 prezrie\u0165 si so sprievodcom baziliku Nanebovzatia Panny M\u00e1rie a augustini\u00e1nsku kni\u017enicu za zv\u00fdhodnen\u00fa cenu.<\/p>\n<p><strong>Letohr\u00e1dok Mitrovsk\u00fdch<\/strong> &#8211; v tomto roku organizuje 4 v\u00fdstavy: \u010carodejn\u00edcky u\u010de\u0148 Potter, Sila m\u00f3dnych doplnkov &#8211; Zo \u017eeny d\u00e1ma, \u010certi, Betlehemy.<\/p>\n<p><strong>\u010cechy pod Kos\u00edrom \u2013 z\u00e1mock\u00fd are\u00e1l<\/strong>: 10. \u2013 11. 6. V\u00edkend otvoren\u00fdch z\u00e1hrad: v\u00fdstava ve\u013ekoform\u00e1tov\u00fdch historick\u00fdch fotografi\u00ed parku v oran\u017e\u00e9rii z\u00e1mku; s\u00fa\u0165a\u017e kvetinov\u00fdch aran\u017e\u00e9rov v historick\u00fdch interi\u00e9roch z\u00e1mku; spr\u00edstupnen\u00e9 objekty v z\u00e1mockom parku (\u010cerven\u00e1 ve\u017ea, oran\u017e\u00e9ria, M\u00e1nesov alt\u00e1nok)<\/p>\n<p><strong>\u010cesk\u00fd Dub<\/strong> &#8211; objekt johanitskej komendy prejde rozsiahlou rekon\u0161trukciou. V\u0161etky inform\u00e1cie t\u00fdkaj\u00face sa pr\u00edstupnosti objektu pre n\u00e1v\u0161tevn\u00edkov bud\u00fa dostupn\u00e9 na str\u00e1nkach a soci\u00e1lnych sie\u0165ach Podje\u0161tedsk\u00e9ho m\u00fazea (www.muzeumceskydub.cz)<\/p>\n<p><strong>D\u011b\u010d\u00edn \u2013 z\u00e1mok<\/strong>: za\u017eite jedine\u010dn\u00fa atmosf\u00e9ru historickej \u00fanikovej hry! M\u00f4\u017eete sa te\u0161i\u0165 na pr\u00edbeh o tajomnom rytierovi \u017digmundovi D\u011b\u010d\u00ednskom z Vartenberka, ktor\u00fd v\u00e1s zavedie a\u017e do d\u00f4b konca kri\u017eiacko-husitsk\u00fdch vojen. V\u00fdstava D\u011b\u010d\u00ednsk\u00e9 hodin\u00e1rium (historick\u00e9 hodinov\u00e9 stroje zo zbierok s\u00fakromn\u00fdch zberate\u013eov).<\/p>\n<p><strong>Havl\u00ed\u010dk\u016fv Brod &#8211; GVU &#8211; Chmelvodovsk\u00fd dom<\/strong> pon\u00fakne tento rok 3 ve\u013ek\u00e9 v\u00fdstavn\u00e9 projekty venovan\u00e9 \u017eivotn\u00fdm \u010di edi\u010dn\u00fdm jubile\u00e1m &#8211; jar priv\u00edta v\u00fdstava ilustr\u00e1ci\u00ed a vo\u013enej tvorby Vlasty Bar\u00e1nkovej (80), pr\u00e1zdniny bud\u00fa patri\u0165 grafickej a maliarskej tvorbe Vladim\u00edra Such\u00e1nka a\u00a0jese\u0148 zasa ilustr\u00e1ci\u00e1m (170) ku Kytici Karla Jarom\u00edra Erbena.<\/p>\n<p><strong>Z\u00e1mok Ho\u0161\u0165\u00e1lkovy<\/strong> spr\u00edstupn\u00ed \u010fal\u0161ie miestnosti roz\u0161\u00edren\u00edm expoz\u00edcie a s\u00fa\u010das\u0165ou prehliadkovej trasy sa stane aj izba s odkryt\u00fdmi a zre\u0161taurovan\u00fdmi n\u00e1stenn\u00fdmi ma\u013ebami z 18. storo\u010dia.<\/p>\n<p><strong>Chanovice &#8211; skanzen:<\/strong> Vlastivedn\u00e9 m\u00fazeum Dr. Hosta\u0161a v Klatovoch, p. o., spr\u00edstupnia 27. marca 2023 po dokon\u010den\u00ed projektu rie\u0161enom s finan\u010dnou podporou z Programu pohrani\u010dnej spolupr\u00e1ce Cie\u013e EUS v objektoch Te\u0161etiny 12 a Lu\u017eany 35.<\/p>\n<p><strong>Chlumec nad Cidlinou &#8211;<\/strong> z\u00e1mok Karlova Koruna od j\u00fala otvor\u00ed nov\u00fd prehliadkov\u00fd okruh v priestoroch novo zrekon\u0161truovanej jazdiarne a koniarne s n\u00e1zvom Kopytom sem, kopytom tam, ktor\u00fd bude multimedi\u00e1lne prezentova\u0165 v\u00fdznamn\u00e9 t\u00e9my z hist\u00f3rie kon\u00ed spojen\u00e9 s rodinou Kinsk\u00fdch.<\/p>\n<p><strong>Chot\u011b\u0161ov<\/strong> &#8211; kl\u00e1\u0161tor otvor\u00ed nov\u00fa st\u00e1lu expoz\u00edciu venovan\u00fa filmov\u00e9mu nakr\u00facaniu v kl\u00e1\u0161tornom are\u00e1li.<\/p>\n<p><strong>Kada\u0148<\/strong> &#8211; kl\u00e1\u0161tor si v tomto roku pripomenie v\u00fdro\u010die 550 rokov od svojho zalo\u017eenia (1473-2023). K tomuto v\u00fdro\u010diu bola 15. apr\u00edla pripraven\u00e1 oslava, od 15.00 vernis\u00e1\u017e v\u00fdstavy Kl\u00e1\u0161tor a jeho p\u00e1n, od 18.00 koncert v kostole a od 20.00 kost\u00fdmov\u00e1 prehliadka P\u00fa\u0165 do Sv\u00e4tej zeme.<\/p>\n<p><strong>Ka\u0161perk &#8211; hrad<\/strong> organizuje v m\u00e1ji a j\u00fani v\u00fdstavu majstrovsk\u00fdch repl\u00edk \u010cesk\u00fdch korunova\u010dn\u00fdch klenotov. Samostatn\u00fd okruh so sprievodcom obozn\u00e1mi n\u00e1v\u0161tevn\u00edkov aj s osudmi 22 korunovan\u00fdch panovn\u00edkov.<\/p>\n<p><strong>Kl\u00e1\u0161terec nad Oh\u0159\u00ed<\/strong> \u2013 z\u00e1mok predstav\u00ed tento rok \u201estar\u00e9\u201c okruhy v novom \u0161ate: Viac \u010dasu spozn\u00e1va\u0165, viac \u010dasu sa hra\u0165, viac \u010dasu na z\u00e1bavu.<\/p>\n<p><strong>Kol\u00edn<\/strong><\/p>\n<p><strong>Bartolomejsk\u00e9 n\u00e1vr\u0161ie<\/strong> \/ Po rekon\u0161trukcii sa do chr\u00e1mu sv. Bartolomeja v Kol\u00edne postupne vracaj\u00fa re\u0161taurovan\u00e9 predmety, cel\u00e9 Bartolomejsk\u00e9 n\u00e1vr\u0161ie je pripraven\u00e9 na nov\u00fa n\u00e1v\u0161tevn\u00edcku sez\u00f3nu.<\/p>\n<p><strong>Jeruzalem na Labe<\/strong> \/ Synag\u00f3ga v Kol\u00edne je jednou z najstar\u0161\u00edch v \u010cech\u00e1ch, okrem st\u00e1lej expoz\u00edcie \u201e\u017dili tu s nami\u201c je od 27. 4. spr\u00edstupnen\u00e1 nov\u00e1 tohtoro\u010dn\u00e1 v\u00fdstava Sny a ide\u00e1ly \/ Pavol, Anna, Otokar a Josef Fischerovi.<\/p>\n<p><strong>Rozh\u013ead\u0148a Vod\u00e1re\u0148<\/strong> \/ Rozh\u013ead\u0148a Vod\u00e1re\u0148 v Kol\u00edne patr\u00ed k dominant\u00e1m mesta a\u00a0je v\u00fdznamnou technickou a architektonickou pamiatkou, pon\u00fakaj\u00facou v\u00fdlet s v\u00fdh\u013eadom!<\/p>\n<p><strong>Kos\u0165 &#8211; hrad<\/strong> sa po rekon\u0161trukcii vracia k tradi\u010dn\u00fdm a ob\u013e\u00faben\u00fdm akci\u00e1m. V j\u00fali a\u00a0v auguste prebehn\u00fa historick\u00e9 sl\u00e1vnosti, po\u010das ktor\u00fdch to na hrade vyzer\u00e1 skuto\u010dne ako v\u00a0stredoveku: kaukliari, dobov\u00e1 hudba a tanc, rytierske z\u00e1polenia a mnoh\u00e9 \u010fal\u0161ie. Poz\u00fdvame tie\u017e na letn\u00e9 no\u010dn\u00e9 prehliadky, divadl\u00e1 \u010di uk\u00e1\u017eky sokoliarstva.<\/p>\n<p><strong>V Novom z\u00e1mku v Kostelci nad Orlic\u00ed<\/strong> bude od 27. m\u00e1ja a\u017e do 29. okt\u00f3bra 2023 pr\u00edstupn\u00e1 prierezov\u00e1 v\u00fdstava fotografa Jadrana \u0160etl\u00edka.<\/p>\n<p><strong>Koz\u00ed hr\u00e1dek pri Sezimovom \u00dast\u00ed<\/strong> pon\u00faka letn\u00e9 komentovan\u00e9 prehliadky, pr\u00e1zdninov\u00e9 besedy s hos\u0165ami aj netradi\u010dn\u00fa QR hru. Pravideln\u00e9 prehliadky hradu so sprievodcom za\u010d\u00ednaj\u00fa v\u017edy s \u00faderom nede\u013enej 14. hodiny, o 15. hodine \u010dakaj\u00fa n\u00e1v\u0161tevn\u00edkov tematicky zameran\u00e9 prech\u00e1dzky \u010di besedy.<\/p>\n<p><strong>Krava\u0159e &#8211; z\u00e1mok<\/strong> spr\u00edstupn\u00ed po\u010das letn\u00fdch pr\u00e1zdnin druh\u00fd prehliadkov\u00fd okruh, n\u00e1v\u0161tevn\u00edci si prezr\u00fa multimedi\u00e1lnu v\u00fdstavu Rudolf II. o\u017e\u00edva.<\/p>\n<p><strong>Arcibiskupsk\u00fd z\u00e1mok v Krom\u011b\u0159\u00ed\u017ei<\/strong> tento rok oslavuje 25 rokov od z\u00e1pisu do UNESCO, 350 rokov od obstarania obrazovej zbierky a 175 rokov od konania \u00dastavodarn\u00e9ho r\u00ed\u0161skeho snemu. V tohtoro\u010dnej sez\u00f3ne m\u00f4\u017eu n\u00e1v\u0161tevn\u00edci obdivova\u0165 po d\u00f4kladnej rekon\u0161trukcii ve\u013ekolep\u00fa Snemovnu s\u00e1lu v celej svojej kr\u00e1se.<\/p>\n<p><strong>Lede\u010d nad S\u00e1zavou &#8211;<\/strong> hrad spr\u00edstupn\u00ed v r\u00e1mci detsk\u00e9ho okruhu nov\u00fa, pekelne stra\u0161ideln\u00fa v\u00fdstavu Krampus.<\/p>\n<p><strong>Liberec \u2013 K\u00fapele<\/strong> &#8211; \u010cesk\u00fd umelec Pasta Oner vytvor\u00ed pre Baz\u00e9nov\u00fa halu Oblastnej gal\u00e9rie Liberec site-specific in\u0161tal\u00e1ciu pod n\u00e1zvom The Gilded Age (Pozl\u00e1ten\u00fd vek), ktor\u00e1 bude otvoren\u00e1 2. j\u00fana.<\/p>\n<p><strong>Lou\u010de\u0148 &#8211; z\u00e1mok:<\/strong> Pr\u00ed\u010fte za\u017ei\u0165 detstvo z \u010dias Karola IV. od 1. do 26. augusta 2023 (ut, st, \u0161tv, so). Tento rok je to 700 rokov, \u010do mal\u00fd V\u00e1clav odch\u00e1dza na v\u00fdchovu do Franc\u00fazska, aby sa vr\u00e1til ako Karol, neskor\u0161\u00ed sn\u00e1\u010f najsl\u00e1vnej\u0161\u00ed \u010desk\u00fd kr\u00e1\u013e. Deti, rovnako ako mal\u00fd V\u00e1clav, bud\u00fa plni\u0165 zru\u010dnosti rytierskych cnost\u00ed, za\u017eij\u00fa prav\u00e9 rytierske turnaje a v\u0161etko si bud\u00fa m\u00f4c\u0165 aj vysk\u00fa\u0161a\u0165.<\/p>\n<p><strong>Mari\u00e1nska T\u00fdnice<\/strong> \u2013 p\u00fatnick\u00e9 miesto: \u201eDaj Boh \u0161\u0165astie! Dejiny piva na severnom Plze\u0148sku\u201c je n\u00e1zov v\u00fdstavy, ktor\u00fa na hlavn\u00fa sez\u00f3nu 2023 pripravuje M\u00fazeum a gal\u00e9ria severn\u00e9ho Plze\u0148ska. K dispoz\u00edcii bude aj pivn\u00fd \u0161peci\u00e1l pripraven\u00fd na pripomienku 300-ro\u010dn\u00e9ho v\u00fdro\u010dia \u00famrtia architekta J. B. Santiniho.<\/p>\n<p><strong>Nov\u00e9 M\u011bsto na Morav\u011b<\/strong> &#8211; z\u00e1mok &#8211; Hor\u00e1cka gal\u00e9ria pripravuje na letn\u00fa sez\u00f3nu otvorenie novej expoz\u00edcie novomestsk\u00e9ho rod\u00e1ka, akademick\u00e9ho soch\u00e1ra Vincenca Makovsk\u00e9ho. S\u00fa\u010das\u0165ou bude aj nov\u00fd eduka\u010dn\u00fd soch\u00e1rsky ateli\u00e9r pre deti aj dospel\u00fdch.<\/p>\n<p><strong>Nov\u00fd Hrad v Jiml\u00edne<\/strong> \u2013 z\u00e1mok za\u010dne sez\u00f3nu 1. apr\u00edla 2023, pre svojich n\u00e1v\u0161tevn\u00edkov pripravuje tradi\u010dn\u00e9 akcie ako s\u00fa Ve\u013ek\u00e1 noc na Novom Hrade, Novohradsk\u00e1 p\u00fa\u0165, Z\u00e1mock\u00e9 kult\u00farne leto, Novohradsk\u00e9 stra\u0161enie, alebo Adventn\u00e9 stretnutie. Vzh\u013eadom na prebiehaj\u00facu rekon\u0161trukciu krovov a re\u0161taurovanie, bude pr\u00edstupn\u00fd druh\u00fd prehliadkov\u00fd okruh &#8211; Gotika a hospod\u00e1rske z\u00e1zemie a Z\u00e1mock\u00e1 ve\u017ea.<\/p>\n<p><strong>Plze\u0148 \u2013 \u201eMasn\u00e9 kr\u00e1my\u201c &#8211;<\/strong> Z\u00e1pado\u010desk\u00e1 gal\u00e9ria na novej v\u00fdstave Zlat\u00e9 \u010dasy predstav\u00ed po\u010detn\u00fa a mimoriadne kvalitn\u00fa kolekciu \u010desk\u00e9ho umenia doby fin de si\u00e8cle, ktor\u00e1 patr\u00ed k tomu najlep\u0161iemu v kontexte verejn\u00fdch zbierok v \u010ceskej republike. V\u00fdstava potrv\u00e1 od 5. 4. do 3. 9. 2023.<\/p>\n<p><strong>Po\u013en\u00e1 &#8211; hrad<\/strong> &#8211; Mestsk\u00e9 m\u00fazeum organizuje v hlavnej sez\u00f3ne v\u00fdstavu \u013eudov\u00fdch malieb na skle z vlastn\u00fdch zbierok.<\/p>\n<h3><strong>Praha<\/strong><\/h3>\n<p><strong>Z\u00e1mok Troja<\/strong> otvor\u00ed v novej sez\u00f3ne 1. 4. 2023. Gal\u00e9ria hlavn\u00e9ho mesta Prahy v \u0148om pripravila v\u00fdstavu s n\u00e1zvom Hrdinovia, g\u00e9niovia, symboly a m\u00fazy. Tentokr\u00e1t p\u00f4jde o soch\u00e1rske skice a \u0161t\u00fadie k pomn\u00edkom, pam\u00e4tn\u00edkom a soch\u00e1m vo verejnom priestore.<\/p>\n<p><strong>Chvalsk\u00fd z\u00e1mok<\/strong>, ktor\u00fd sa dlhodobo zameriava na detsk\u00fa ilustr\u00e1ciu a tvorbu pre deti, pon\u00faka v tomto roku v\u00fdstavy Imagin\u00e1rium Divadla bratov Formanov a ich priate\u013eov a \u201eRychl\u00e9 \u0161\u00edpy a tajomn\u00e1 St\u00ednadla na z\u00e1mku\u201c.<\/p>\n<p><strong>Z\u00e1mock\u00fd are\u00e1l Ct\u011bnice:<\/strong> v\u00fdstava Posolstv\u00e1 ukryt\u00e9 v pern\u00edku. 18. 3. &#8211; 28. 5. (Umeleck\u00e1 tvorba \u010deskej maliarky \u017eij\u00facej vo Franc\u00fazsku Andrey Schmid, in\u0161pirovan\u00e1 trad\u00edciou \u010desk\u00e9ho pern\u00edka a prezent\u00e1cie pern\u00edkov\u00fdch foriem zo zbierok M\u00fazea mesta Prahy).<\/p>\n<p><strong>Rosice<\/strong> \u2013 z\u00e1mok spr\u00edstup\u0148uje v\u0161etky obnoven\u00e9 a zre\u0161taurovan\u00e9 priestory, ktor\u00e9 bud\u00fa od tejto sez\u00f3ny rozdelen\u00e9 na dva prehliadkov\u00e9 okruhy \u2013 Okruh \u017derot\u00ednsky a Okruh Hauspersk\u00fd.<\/p>\n<p><strong>Na hrade Ro\u0161tejn<\/strong> sa op\u00e4\u0165 koncom leta rozoznie jazzov\u00e1 hudba v r\u00e1mci pravideln\u00e9ho festivalu Jazz na Ro\u0161tejne.<\/p>\n<p><strong>Seeberg \u2013 hrad<\/strong> v\u00e1s poz\u00fdva na novo in\u0161talovan\u00fa unik\u00e1tnu v\u00fdstavu \u201eK\u00fazlo star\u00fdch b\u00e1bik\u201c. Ako bonus je pre v\u00e1s pripraven\u00e1 doplnkov\u00e1 v\u00fdstava \u201eVyn\u00e1lezy, ktor\u00e9 nezmenili svet.\u201c<\/p>\n<p><strong>V p\u00fatnickom mieste Star\u00e1 Boleslav<\/strong> spr\u00edstup\u0148ujeme Kostol sv\u00e4t\u00e9ho Klimenta, ktor\u00fd v\u010faka dochovan\u00fdm n\u00e1stenn\u00fdm ma\u013eb\u00e1m z druhej polovice 12. storo\u010dia patr\u00ed k najzn\u00e1mej\u0161\u00edm pamiatkam stredovek\u00e9ho umenia v \u010cech\u00e1ch a na Morave.<\/p>\n<p>Star\u00e9 Hrady u J\u00ed\u010d\u00edna &#8211; hrad a z\u00e1mok: pripraven\u00e1 je origin\u00e1lna z\u00e1bavno-n\u00e1u\u010dn\u00e1 cesta z\u00e1mock\u00fdmi rozpr\u00e1vkov\u00fdmi pivnicami, pln\u00fdmi zvukov\u00fdch a\u00a0sveteln\u00fdch efektov.<\/p>\n<p><strong>Na Z\u00e1mku Svijany<\/strong> sa n\u00e1v\u0161tevn\u00edci v novej expoz\u00edcii archeologick\u00fdch n\u00e1lezov Eduarda \u0160torcha prepadn\u00fa do obydlia pravek\u00e9ho \u010dloveka z doby kamennej. Priaznivci \u00fanikov\u00fdch hier si m\u00f4\u017eu zahra\u0165 nov\u00fa verziu Z\u00e1mockej hry Arcana \u2013 \u201eProti \u010dasu\u201c.<\/p>\n<p><strong>\u0160luknovsk\u00fd z\u00e1mok<\/strong> sa tento rok zapojil do celorepublikovej akcie &#8222;Hradoz\u00e1mock\u00e1 noc&#8220;, ktor\u00e1 sa kon\u00e1 posledn\u00fa augustov\u00fa sobotu, 26.8.2023 s\u00a0pestr\u00fdm programom.<\/p>\n<p><strong>\u00dasov &#8211; z\u00e1mok<\/strong> pon\u00fakne v lete de\u0165om i dospel\u00fdm nov\u00fa podkrovn\u00fa expoz\u00edciu s n\u00e1zvom Safari na z\u00e1mku \u00dasov.<\/p>\n<p><strong>Vala\u0161sk\u00e9 Mezi\u0159\u00ed\u010d\u00ed &#8211; Z\u00e1mok \u017derot\u00edn\u016f:<\/strong> st\u00e1la expoz\u00edcia nanovo predstavuje pr\u00edbeh tunaj\u0161ej \u0161\u013eachty v 19. storo\u010d\u00ed.<\/p>\n<p><strong>Vald\u0161tejn &#8211; hrad:<\/strong> Vald\u0161tejnova smr\u0165 &#8211; v\u00edkendov\u00e1 \u0161ermiarska divadeln\u00e1 akcia v r\u00e9\u017eii skupiny Bibus Spiritus o posledn\u00fdch chv\u00ed\u013each najsl\u00e1vnej\u0161ieho majite\u013ea hradu Albrechta z Vald\u0161tejna. Akcia prebehne na prvom n\u00e1dvor\u00ed (19. &#8211; 20. 8.) a dopln\u00ed ju hudobn\u00fd sprievod.<\/p>\n<p><strong>Votice<\/strong> &#8211; b\u00fdval\u00fd franti\u0161k\u00e1nsky kl\u00e1\u0161tor tento rok spr\u00edstupn\u00ed n\u00e1v\u0161tevn\u00edkom obrazov\u00fa Gal\u00e9riu sv. Franti\u0161ka so sakr\u00e1lnym umen\u00edm.<\/p>\n<p><strong>Zru\u010d nad S\u00e1zavou &#8211; z\u00e1mok:<\/strong> Tajomn\u00e1 prehliadka z\u00e1mku s komornou Ag\u00e1tou (v sez\u00f3ne ka\u017ed\u00fd piatok od 14 hod\u00edn organizujeme prehliadku z\u00e1mku pre deti, odpor\u00fa\u010dame rezerv\u00e1ciu vopred).<\/p>\n<p>Patron\u00e1t nad 6. ro\u010dn\u00edkom projektu Objavuj pamiatky prevzala (po Jane Nagyovej a Michaele Kuklovej) Sabina Laurinov\u00e1 \u2013 predstavite\u013eka mnoh\u00fdch post\u00e1v v ob\u013e\u00faben\u00fdch filmov\u00fdch rozpr\u00e1vkach, najm\u00e4 v\u0161ak princezn\u00e1 Eufroz\u00edna zo zn\u00e1mej Tro\u0161kovej rozpr\u00e1vky Z pekla \u0161\u0165astia. S pani Laurinovou pozveme formou tipov na v\u00fdlety na nieko\u013eko pamiatok zapojen\u00fdch do na\u0161ej propaga\u010dne \u2013 prezenta\u010dnej platformy a budeme milovn\u00edkov pamiatok in\u0161pirova\u0165 k n\u00e1v\u0161teve historick\u00fdch s\u00eddiel, ich spozn\u00e1vaniu a objavovaniu.<\/p>\n<p>Spolupr\u00e1ca s ANOPA &#8211; Asoci\u00e1ciou ne\u0161t\u00e1tnych otvoren\u00fdch pamiatok www.asociacepamatek.cz sa za\u010dala v roku 2021 a projekt Objavuj pamiatky je informa\u010dn\u00fdm, propaga\u010dn\u00fdm a prezenta\u010dn\u00fdm partnerom asoci\u00e1cie najm\u00e4 vo vz\u0165ahu k n\u00e1v\u0161tevn\u00edkom pamiatok.<\/p>\n<div id='gallery-1' class='gallery galleryid-92019 gallery-columns-3 gallery-size-large'><figure class='gallery-item'>\n\t\t\t<div class='gallery-icon landscape'>\n\t\t\t\t<a href='https:\/\/www.slovaklinesmagazin.sk\/cms\/2023\/05\/turisticka-sezona-v-cesku-v-nestatnych-pamiatkach-zapojenych-do-projektu-objavuj-pamiatky\/brandys\/'><img loading=\"lazy\" decoding=\"async\" width=\"640\" height=\"427\" src=\"https:\/\/www.slovaklinesmagazin.sk\/cms\/wp-content\/uploads\/2023\/05\/Brandys-1024x683.jpg\" class=\"attachment-large size-large\" alt=\"\" aria-describedby=\"gallery-1-92020\" srcset=\"https:\/\/www.slovaklinesmagazin.sk\/cms\/wp-content\/uploads\/2023\/05\/Brandys-1024x683.jpg 1024w, https:\/\/www.slovaklinesmagazin.sk\/cms\/wp-content\/uploads\/2023\/05\/Brandys-300x200.jpg 300w, https:\/\/www.slovaklinesmagazin.sk\/cms\/wp-content\/uploads\/2023\/05\/Brandys-768x512.jpg 768w, https:\/\/www.slovaklinesmagazin.sk\/cms\/wp-content\/uploads\/2023\/05\/Brandys-600x400.jpg 600w, https:\/\/www.slovaklinesmagazin.sk\/cms\/wp-content\/uploads\/2023\/05\/Brandys.jpg 1200w\" sizes=\"auto, (max-width: 640px) 100vw, 640px\" \/><\/a>\n\t\t\t<\/div>\n\t\t\t\t<figcaption class='wp-caption-text gallery-caption' id='gallery-1-92020'>\n\t\t\t\tBrandys\n\t\t\t\t<\/figcaption><\/figure><figure class='gallery-item'>\n\t\t\t<div class='gallery-icon landscape'>\n\t\t\t\t<a href='https:\/\/www.slovaklinesmagazin.sk\/cms\/2023\/05\/turisticka-sezona-v-cesku-v-nestatnych-pamiatkach-zapojenych-do-projektu-objavuj-pamiatky\/bechyne-2\/'><img loading=\"lazy\" decoding=\"async\" width=\"640\" height=\"488\" src=\"https:\/\/www.slovaklinesmagazin.sk\/cms\/wp-content\/uploads\/2023\/05\/bechyne-1-1024x781.jpg\" class=\"attachment-large size-large\" alt=\"\" aria-describedby=\"gallery-1-92021\" srcset=\"https:\/\/www.slovaklinesmagazin.sk\/cms\/wp-content\/uploads\/2023\/05\/bechyne-1-1024x781.jpg 1024w, https:\/\/www.slovaklinesmagazin.sk\/cms\/wp-content\/uploads\/2023\/05\/bechyne-1-300x229.jpg 300w, https:\/\/www.slovaklinesmagazin.sk\/cms\/wp-content\/uploads\/2023\/05\/bechyne-1-768x586.jpg 768w, https:\/\/www.slovaklinesmagazin.sk\/cms\/wp-content\/uploads\/2023\/05\/bechyne-1-600x458.jpg 600w, https:\/\/www.slovaklinesmagazin.sk\/cms\/wp-content\/uploads\/2023\/05\/bechyne-1.jpg 1200w\" sizes=\"auto, (max-width: 640px) 100vw, 640px\" \/><\/a>\n\t\t\t<\/div>\n\t\t\t\t<figcaption class='wp-caption-text gallery-caption' id='gallery-1-92021'>\n\t\t\t\tBechyn\u011b\n\t\t\t\t<\/figcaption><\/figure><figure class='gallery-item'>\n\t\t\t<div class='gallery-icon landscape'>\n\t\t\t\t<a href='https:\/\/www.slovaklinesmagazin.sk\/cms\/2023\/05\/turisticka-sezona-v-cesku-v-nestatnych-pamiatkach-zapojenych-do-projektu-objavuj-pamiatky\/bilapani_cmyk\/'><img loading=\"lazy\" decoding=\"async\" width=\"640\" height=\"488\" src=\"https:\/\/www.slovaklinesmagazin.sk\/cms\/wp-content\/uploads\/2023\/05\/Bilapani_CMYK-1024x780.jpg\" class=\"attachment-large size-large\" alt=\"\" aria-describedby=\"gallery-1-92022\" srcset=\"https:\/\/www.slovaklinesmagazin.sk\/cms\/wp-content\/uploads\/2023\/05\/Bilapani_CMYK-1024x780.jpg 1024w, https:\/\/www.slovaklinesmagazin.sk\/cms\/wp-content\/uploads\/2023\/05\/Bilapani_CMYK-300x229.jpg 300w, https:\/\/www.slovaklinesmagazin.sk\/cms\/wp-content\/uploads\/2023\/05\/Bilapani_CMYK-768x585.jpg 768w, https:\/\/www.slovaklinesmagazin.sk\/cms\/wp-content\/uploads\/2023\/05\/Bilapani_CMYK-600x457.jpg 600w, https:\/\/www.slovaklinesmagazin.sk\/cms\/wp-content\/uploads\/2023\/05\/Bilapani_CMYK-1536x1170.jpg 1536w, https:\/\/www.slovaklinesmagazin.sk\/cms\/wp-content\/uploads\/2023\/05\/Bilapani_CMYK-2048x1560.jpg 2048w\" sizes=\"auto, (max-width: 640px) 100vw, 640px\" \/><\/a>\n\t\t\t<\/div>\n\t\t\t\t<figcaption class='wp-caption-text gallery-caption' id='gallery-1-92022'>\n\t\t\t\tBila pani\n\t\t\t\t<\/figcaption><\/figure><figure class='gallery-item'>\n\t\t\t<div class='gallery-icon landscape'>\n\t\t\t\t<a href='https:\/\/www.slovaklinesmagazin.sk\/cms\/2023\/05\/turisticka-sezona-v-cesku-v-nestatnych-pamiatkach-zapojenych-do-projektu-objavuj-pamiatky\/chvalsky-zamek\/'><img loading=\"lazy\" decoding=\"async\" width=\"640\" height=\"415\" src=\"https:\/\/www.slovaklinesmagazin.sk\/cms\/wp-content\/uploads\/2023\/05\/chvalsky-zamek-1024x664.jpg\" class=\"attachment-large size-large\" alt=\"\" aria-describedby=\"gallery-1-92025\" srcset=\"https:\/\/www.slovaklinesmagazin.sk\/cms\/wp-content\/uploads\/2023\/05\/chvalsky-zamek-1024x664.jpg 1024w, https:\/\/www.slovaklinesmagazin.sk\/cms\/wp-content\/uploads\/2023\/05\/chvalsky-zamek-300x195.jpg 300w, https:\/\/www.slovaklinesmagazin.sk\/cms\/wp-content\/uploads\/2023\/05\/chvalsky-zamek-768x498.jpg 768w, https:\/\/www.slovaklinesmagazin.sk\/cms\/wp-content\/uploads\/2023\/05\/chvalsky-zamek-600x389.jpg 600w, https:\/\/www.slovaklinesmagazin.sk\/cms\/wp-content\/uploads\/2023\/05\/chvalsky-zamek.jpg 1200w\" sizes=\"auto, (max-width: 640px) 100vw, 640px\" \/><\/a>\n\t\t\t<\/div>\n\t\t\t\t<figcaption class='wp-caption-text gallery-caption' id='gallery-1-92025'>\n\t\t\t\tChvalsky zamek\n\t\t\t\t<\/figcaption><\/figure><figure class='gallery-item'>\n\t\t\t<div class='gallery-icon landscape'>\n\t\t\t\t<a href='https:\/\/www.slovaklinesmagazin.sk\/cms\/2023\/05\/turisticka-sezona-v-cesku-v-nestatnych-pamiatkach-zapojenych-do-projektu-objavuj-pamiatky\/jirkov\/'><img loading=\"lazy\" decoding=\"async\" width=\"640\" height=\"480\" src=\"https:\/\/www.slovaklinesmagazin.sk\/cms\/wp-content\/uploads\/2023\/05\/jirkov-1024x768.jpg\" class=\"attachment-large size-large\" alt=\"\" aria-describedby=\"gallery-1-92026\" srcset=\"https:\/\/www.slovaklinesmagazin.sk\/cms\/wp-content\/uploads\/2023\/05\/jirkov-1024x768.jpg 1024w, https:\/\/www.slovaklinesmagazin.sk\/cms\/wp-content\/uploads\/2023\/05\/jirkov-300x225.jpg 300w, https:\/\/www.slovaklinesmagazin.sk\/cms\/wp-content\/uploads\/2023\/05\/jirkov-768x576.jpg 768w, https:\/\/www.slovaklinesmagazin.sk\/cms\/wp-content\/uploads\/2023\/05\/jirkov-600x450.jpg 600w, https:\/\/www.slovaklinesmagazin.sk\/cms\/wp-content\/uploads\/2023\/05\/jirkov.jpg 1200w\" sizes=\"auto, (max-width: 640px) 100vw, 640px\" \/><\/a>\n\t\t\t<\/div>\n\t\t\t\t<figcaption class='wp-caption-text gallery-caption' id='gallery-1-92026'>\n\t\t\t\tJirkov\n\t\t\t\t<\/figcaption><\/figure><figure class='gallery-item'>\n\t\t\t<div class='gallery-icon landscape'>\n\t\t\t\t<a href='https:\/\/www.slovaklinesmagazin.sk\/cms\/2023\/05\/turisticka-sezona-v-cesku-v-nestatnych-pamiatkach-zapojenych-do-projektu-objavuj-pamiatky\/kasperk\/'><img loading=\"lazy\" decoding=\"async\" width=\"640\" height=\"426\" src=\"https:\/\/www.slovaklinesmagazin.sk\/cms\/wp-content\/uploads\/2023\/05\/kasperk-1024x682.jpg\" class=\"attachment-large size-large\" alt=\"\" aria-describedby=\"gallery-1-92028\" srcset=\"https:\/\/www.slovaklinesmagazin.sk\/cms\/wp-content\/uploads\/2023\/05\/kasperk-1024x682.jpg 1024w, https:\/\/www.slovaklinesmagazin.sk\/cms\/wp-content\/uploads\/2023\/05\/kasperk-300x200.jpg 300w, https:\/\/www.slovaklinesmagazin.sk\/cms\/wp-content\/uploads\/2023\/05\/kasperk-768x511.jpg 768w, https:\/\/www.slovaklinesmagazin.sk\/cms\/wp-content\/uploads\/2023\/05\/kasperk-600x400.jpg 600w, https:\/\/www.slovaklinesmagazin.sk\/cms\/wp-content\/uploads\/2023\/05\/kasperk.jpg 1200w\" sizes=\"auto, (max-width: 640px) 100vw, 640px\" \/><\/a>\n\t\t\t<\/div>\n\t\t\t\t<figcaption class='wp-caption-text gallery-caption' id='gallery-1-92028'>\n\t\t\t\tKa\u0161perk\n\t\t\t\t<\/figcaption><\/figure><figure class='gallery-item'>\n\t\t\t<div class='gallery-icon landscape'>\n\t\t\t\t<a href='https:\/\/www.slovaklinesmagazin.sk\/cms\/2023\/05\/turisticka-sezona-v-cesku-v-nestatnych-pamiatkach-zapojenych-do-projektu-objavuj-pamiatky\/loket\/'><img loading=\"lazy\" decoding=\"async\" width=\"640\" height=\"427\" src=\"https:\/\/www.slovaklinesmagazin.sk\/cms\/wp-content\/uploads\/2023\/05\/loket-1024x683.jpg\" class=\"attachment-large size-large\" alt=\"\" aria-describedby=\"gallery-1-92036\" srcset=\"https:\/\/www.slovaklinesmagazin.sk\/cms\/wp-content\/uploads\/2023\/05\/loket-1024x683.jpg 1024w, https:\/\/www.slovaklinesmagazin.sk\/cms\/wp-content\/uploads\/2023\/05\/loket-300x200.jpg 300w, https:\/\/www.slovaklinesmagazin.sk\/cms\/wp-content\/uploads\/2023\/05\/loket-768x512.jpg 768w, https:\/\/www.slovaklinesmagazin.sk\/cms\/wp-content\/uploads\/2023\/05\/loket-600x400.jpg 600w, https:\/\/www.slovaklinesmagazin.sk\/cms\/wp-content\/uploads\/2023\/05\/loket.jpg 1200w\" sizes=\"auto, (max-width: 640px) 100vw, 640px\" \/><\/a>\n\t\t\t<\/div>\n\t\t\t\t<figcaption class='wp-caption-text gallery-caption' id='gallery-1-92036'>\n\t\t\t\tLoket\n\t\t\t\t<\/figcaption><\/figure><figure class='gallery-item'>\n\t\t\t<div class='gallery-icon landscape'>\n\t\t\t\t<a href='https:\/\/www.slovaklinesmagazin.sk\/cms\/2023\/05\/turisticka-sezona-v-cesku-v-nestatnych-pamiatkach-zapojenych-do-projektu-objavuj-pamiatky\/pecka\/'><img loading=\"lazy\" decoding=\"async\" width=\"640\" height=\"474\" src=\"https:\/\/www.slovaklinesmagazin.sk\/cms\/wp-content\/uploads\/2023\/05\/pecka-1024x759.jpg\" class=\"attachment-large size-large\" alt=\"\" aria-describedby=\"gallery-1-92038\" srcset=\"https:\/\/www.slovaklinesmagazin.sk\/cms\/wp-content\/uploads\/2023\/05\/pecka-1024x759.jpg 1024w, https:\/\/www.slovaklinesmagazin.sk\/cms\/wp-content\/uploads\/2023\/05\/pecka-300x223.jpg 300w, https:\/\/www.slovaklinesmagazin.sk\/cms\/wp-content\/uploads\/2023\/05\/pecka-768x570.jpg 768w, https:\/\/www.slovaklinesmagazin.sk\/cms\/wp-content\/uploads\/2023\/05\/pecka-600x445.jpg 600w, https:\/\/www.slovaklinesmagazin.sk\/cms\/wp-content\/uploads\/2023\/05\/pecka.jpg 1200w\" sizes=\"auto, (max-width: 640px) 100vw, 640px\" \/><\/a>\n\t\t\t<\/div>\n\t\t\t\t<figcaption class='wp-caption-text gallery-caption' id='gallery-1-92038'>\n\t\t\t\tPecka\n\t\t\t\t<\/figcaption><\/figure><figure class='gallery-item'>\n\t\t\t<div class='gallery-icon landscape'>\n\t\t\t\t<a href='https:\/\/www.slovaklinesmagazin.sk\/cms\/2023\/05\/turisticka-sezona-v-cesku-v-nestatnych-pamiatkach-zapojenych-do-projektu-objavuj-pamiatky\/ritka\/'><img loading=\"lazy\" decoding=\"async\" width=\"640\" height=\"480\" src=\"https:\/\/www.slovaklinesmagazin.sk\/cms\/wp-content\/uploads\/2023\/05\/ritka-1024x768.jpg\" class=\"attachment-large size-large\" alt=\"\" aria-describedby=\"gallery-1-92039\" srcset=\"https:\/\/www.slovaklinesmagazin.sk\/cms\/wp-content\/uploads\/2023\/05\/ritka-1024x768.jpg 1024w, https:\/\/www.slovaklinesmagazin.sk\/cms\/wp-content\/uploads\/2023\/05\/ritka-300x225.jpg 300w, https:\/\/www.slovaklinesmagazin.sk\/cms\/wp-content\/uploads\/2023\/05\/ritka-768x576.jpg 768w, https:\/\/www.slovaklinesmagazin.sk\/cms\/wp-content\/uploads\/2023\/05\/ritka-600x450.jpg 600w, https:\/\/www.slovaklinesmagazin.sk\/cms\/wp-content\/uploads\/2023\/05\/ritka.jpg 1200w\" sizes=\"auto, (max-width: 640px) 100vw, 640px\" \/><\/a>\n\t\t\t<\/div>\n\t\t\t\t<figcaption class='wp-caption-text gallery-caption' id='gallery-1-92039'>\n\t\t\t\tRitka\n\t\t\t\t<\/figcaption><\/figure><figure class='gallery-item'>\n\t\t\t<div class='gallery-icon landscape'>\n\t\t\t\t<a href='https:\/\/www.slovaklinesmagazin.sk\/cms\/2023\/05\/turisticka-sezona-v-cesku-v-nestatnych-pamiatkach-zapojenych-do-projektu-objavuj-pamiatky\/rosice\/'><img loading=\"lazy\" decoding=\"async\" width=\"640\" height=\"467\" src=\"https:\/\/www.slovaklinesmagazin.sk\/cms\/wp-content\/uploads\/2023\/05\/rosice-1024x747.jpg\" class=\"attachment-large size-large\" alt=\"\" aria-describedby=\"gallery-1-92040\" srcset=\"https:\/\/www.slovaklinesmagazin.sk\/cms\/wp-content\/uploads\/2023\/05\/rosice-1024x747.jpg 1024w, https:\/\/www.slovaklinesmagazin.sk\/cms\/wp-content\/uploads\/2023\/05\/rosice-300x219.jpg 300w, https:\/\/www.slovaklinesmagazin.sk\/cms\/wp-content\/uploads\/2023\/05\/rosice-768x560.jpg 768w, https:\/\/www.slovaklinesmagazin.sk\/cms\/wp-content\/uploads\/2023\/05\/rosice-600x438.jpg 600w, https:\/\/www.slovaklinesmagazin.sk\/cms\/wp-content\/uploads\/2023\/05\/rosice.jpg 1200w\" sizes=\"auto, (max-width: 640px) 100vw, 640px\" \/><\/a>\n\t\t\t<\/div>\n\t\t\t\t<figcaption class='wp-caption-text gallery-caption' id='gallery-1-92040'>\n\t\t\t\tRosice\n\t\t\t\t<\/figcaption><\/figure><figure class='gallery-item'>\n\t\t\t<div class='gallery-icon landscape'>\n\t\t\t\t<a href='https:\/\/www.slovaklinesmagazin.sk\/cms\/2023\/05\/turisticka-sezona-v-cesku-v-nestatnych-pamiatkach-zapojenych-do-projektu-objavuj-pamiatky\/tasice\/'><img loading=\"lazy\" decoding=\"async\" width=\"640\" height=\"360\" src=\"https:\/\/www.slovaklinesmagazin.sk\/cms\/wp-content\/uploads\/2023\/05\/tasice-1024x576.jpg\" class=\"attachment-large size-large\" alt=\"\" aria-describedby=\"gallery-1-92043\" srcset=\"https:\/\/www.slovaklinesmagazin.sk\/cms\/wp-content\/uploads\/2023\/05\/tasice-1024x576.jpg 1024w, https:\/\/www.slovaklinesmagazin.sk\/cms\/wp-content\/uploads\/2023\/05\/tasice-300x169.jpg 300w, https:\/\/www.slovaklinesmagazin.sk\/cms\/wp-content\/uploads\/2023\/05\/tasice-768x432.jpg 768w, https:\/\/www.slovaklinesmagazin.sk\/cms\/wp-content\/uploads\/2023\/05\/tasice-600x338.jpg 600w, https:\/\/www.slovaklinesmagazin.sk\/cms\/wp-content\/uploads\/2023\/05\/tasice.jpg 1080w\" sizes=\"auto, (max-width: 640px) 100vw, 640px\" \/><\/a>\n\t\t\t<\/div>\n\t\t\t\t<figcaption class='wp-caption-text gallery-caption' id='gallery-1-92043'>\n\t\t\t\tTasice\n\t\t\t\t<\/figcaption><\/figure><figure class='gallery-item'>\n\t\t\t<div class='gallery-icon landscape'>\n\t\t\t\t<a href='https:\/\/www.slovaklinesmagazin.sk\/cms\/2023\/05\/turisticka-sezona-v-cesku-v-nestatnych-pamiatkach-zapojenych-do-projektu-objavuj-pamiatky\/valdstejn\/'><img loading=\"lazy\" decoding=\"async\" width=\"640\" height=\"430\" src=\"https:\/\/www.slovaklinesmagazin.sk\/cms\/wp-content\/uploads\/2023\/05\/valdstejn-1024x688.jpg\" class=\"attachment-large size-large\" alt=\"\" aria-describedby=\"gallery-1-92044\" srcset=\"https:\/\/www.slovaklinesmagazin.sk\/cms\/wp-content\/uploads\/2023\/05\/valdstejn-1024x688.jpg 1024w, https:\/\/www.slovaklinesmagazin.sk\/cms\/wp-content\/uploads\/2023\/05\/valdstejn-300x202.jpg 300w, https:\/\/www.slovaklinesmagazin.sk\/cms\/wp-content\/uploads\/2023\/05\/valdstejn-768x516.jpg 768w, https:\/\/www.slovaklinesmagazin.sk\/cms\/wp-content\/uploads\/2023\/05\/valdstejn-600x403.jpg 600w, https:\/\/www.slovaklinesmagazin.sk\/cms\/wp-content\/uploads\/2023\/05\/valdstejn.jpg 1200w\" sizes=\"auto, (max-width: 640px) 100vw, 640px\" \/><\/a>\n\t\t\t<\/div>\n\t\t\t\t<figcaption class='wp-caption-text gallery-caption' id='gallery-1-92044'>\n\t\t\t\tValdstejn\n\t\t\t\t<\/figcaption><\/figure><figure class='gallery-item'>\n\t\t\t<div class='gallery-icon landscape'>\n\t\t\t\t<a href='https:\/\/www.slovaklinesmagazin.sk\/cms\/2023\/05\/turisticka-sezona-v-cesku-v-nestatnych-pamiatkach-zapojenych-do-projektu-objavuj-pamiatky\/zruc\/'><img loading=\"lazy\" decoding=\"async\" width=\"640\" height=\"427\" src=\"https:\/\/www.slovaklinesmagazin.sk\/cms\/wp-content\/uploads\/2023\/05\/zruc-1024x683.jpg\" class=\"attachment-large size-large\" alt=\"\" aria-describedby=\"gallery-1-92046\" srcset=\"https:\/\/www.slovaklinesmagazin.sk\/cms\/wp-content\/uploads\/2023\/05\/zruc-1024x683.jpg 1024w, https:\/\/www.slovaklinesmagazin.sk\/cms\/wp-content\/uploads\/2023\/05\/zruc-300x200.jpg 300w, https:\/\/www.slovaklinesmagazin.sk\/cms\/wp-content\/uploads\/2023\/05\/zruc-768x512.jpg 768w, https:\/\/www.slovaklinesmagazin.sk\/cms\/wp-content\/uploads\/2023\/05\/zruc-600x400.jpg 600w, https:\/\/www.slovaklinesmagazin.sk\/cms\/wp-content\/uploads\/2023\/05\/zruc.jpg 1200w\" sizes=\"auto, (max-width: 640px) 100vw, 640px\" \/><\/a>\n\t\t\t<\/div>\n\t\t\t\t<figcaption class='wp-caption-text gallery-caption' id='gallery-1-92046'>\n\t\t\t\tZru\u010d\n\t\t\t\t<\/figcaption><\/figure>\n\t\t<\/div>\n\n<p>&nbsp;<\/p>\n","protected":false},"excerpt":{"rendered":"<p>Projektov\u00e1 platforma Objavuj pamiatky vznikla v roku 2018. Prezentuje a propaguje ne\u0161t\u00e1tne kult\u00farne a technick\u00e9 pamiatky v \u010cesku (v tomto roku viac ako 120 objektov). Pre \u0161irok\u00fa verejnos\u0165 spustila atrakt\u00edvny webov\u00fd port\u00e1l, prev\u00e1dzkuje soci\u00e1lne siete FB a IG (pozv\u00e1nky na kult\u00farne podujatia, seri\u00e1ly, s\u00fa\u0165a\u017ee, fotografie, vide\u00e1, 3D prehliadky, podcasty a pod.), ka\u017edoro\u010dne vyd\u00e1va preh\u013eadn\u00fa tla\u010dovinu [&hellip;]<\/p>\n","protected":false},"author":7,"featured_media":92020,"comment_status":"closed","ping_status":"closed","sticky":false,"template":"","format":"standard","meta":{"footnotes":""},"categories":[13,50,321,48],"tags":[],"class_list":["post-92019","post","type-post","status-publish","format-standard","has-post-thumbnail","hentry","category-real-estate","category-radim-vam","category-tlacova-sprava","category-umenie-a-kultura","eq-blocks"],"_links":{"self":[{"href":"https:\/\/www.slovaklinesmagazin.sk\/cms\/wp-json\/wp\/v2\/posts\/92019","targetHints":{"allow":["GET"]}}],"collection":[{"href":"https:\/\/www.slovaklinesmagazin.sk\/cms\/wp-json\/wp\/v2\/posts"}],"about":[{"href":"https:\/\/www.slovaklinesmagazin.sk\/cms\/wp-json\/wp\/v2\/types\/post"}],"author":[{"embeddable":true,"href":"https:\/\/www.slovaklinesmagazin.sk\/cms\/wp-json\/wp\/v2\/users\/7"}],"replies":[{"embeddable":true,"href":"https:\/\/www.slovaklinesmagazin.sk\/cms\/wp-json\/wp\/v2\/comments?post=92019"}],"version-history":[{"count":1,"href":"https:\/\/www.slovaklinesmagazin.sk\/cms\/wp-json\/wp\/v2\/posts\/92019\/revisions"}],"predecessor-version":[{"id":92047,"href":"https:\/\/www.slovaklinesmagazin.sk\/cms\/wp-json\/wp\/v2\/posts\/92019\/revisions\/92047"}],"wp:featuredmedia":[{"embeddable":true,"href":"https:\/\/www.slovaklinesmagazin.sk\/cms\/wp-json\/wp\/v2\/media\/92020"}],"wp:attachment":[{"href":"https:\/\/www.slovaklinesmagazin.sk\/cms\/wp-json\/wp\/v2\/media?parent=92019"}],"wp:term":[{"taxonomy":"category","embeddable":true,"href":"https:\/\/www.slovaklinesmagazin.sk\/cms\/wp-json\/wp\/v2\/categories?post=92019"},{"taxonomy":"post_tag","embeddable":true,"href":"https:\/\/www.slovaklinesmagazin.sk\/cms\/wp-json\/wp\/v2\/tags?post=92019"}],"curies":[{"name":"wp","href":"https:\/\/api.w.org\/{rel}","templated":true}]}}