{"id":92448,"date":"2023-08-10T09:02:27","date_gmt":"2023-08-10T07:02:27","guid":{"rendered":"https:\/\/slovaklinesmagazin.sk\/cms\/?p=92448"},"modified":"2023-08-10T09:06:45","modified_gmt":"2023-08-10T07:06:45","slug":"tychto-5-turistickych-oblasti-v-dolnom-rakusku-odporucame-navstivit","status":"publish","type":"post","link":"https:\/\/www.slovaklinesmagazin.sk\/cms\/2023\/08\/tychto-5-turistickych-oblasti-v-dolnom-rakusku-odporucame-navstivit\/","title":{"rendered":"T\u00fdchto 5 turistick\u00fdch oblast\u00ed v\u00a0Dolnom Rak\u00fasku odpor\u00fa\u010dame nav\u0161t\u00edvi\u0165"},"content":{"rendered":"<p><strong>Doln\u00e9 Rak\u00fasko sa nach\u00e1dza iba p\u00e1r kilometrov od Bratislavy a pre nad\u0161encov turistiky ide doslova o turistick\u00fd raj. \u010ci u\u017e sa rozhodnete pre lesn\u00fd k\u00fape\u013e a relax vo Viedenskom lese, horsk\u00e9 t\u00fary a spozn\u00e1vanie lie\u010div\u00fdch rastl\u00edn v okol\u00ed vrchu \u00d6tscher alebo putovanie po v\u00ednnych uli\u010dk\u00e1ch a viniciach. Ob\u013e\u00faben\u00e1 je aj vysokohorsk\u00e1 turistika s v\u00fdh\u013eadom na Dunaj po turistickej trase Welterbesteig Wachau, h\u013eadanie v\u00fdnimo\u010dn\u00fdch pr\u00edrodn\u00fdch miest v ju\u017enej \u010dasti regi\u00f3nu Waldviertel alebo dia\u013ekov\u00e1 turistika s panoramatick\u00fdmi v\u00fdh\u013eadmi po Viedenskom alpskom obl\u00faku. Objavte tie najkraj\u0161ie trasy a spoznajte zauj\u00edmav\u00e9 pr\u00edbehy pr\u00edrody a h\u00f4r.<\/strong><\/p>\n<p><strong>\u00a0<\/strong>Mno\u017estvo tipov n\u00e1jdete na ofici\u00e1lnej str\u00e1nke <a href=\"https:\/\/www.dolne-rakusko.info\/objavujte-tury?utm_source=online&amp;utm_medium=kooperation&amp;utm_campaign=wandernSK23\">dolne-rakusko.info<\/a>, prin\u00e1\u0161ame v\u00e1m v\u0161ak v\u00fdber turistick\u00fdch oblast\u00ed, ktor\u00e9 pon\u00fakaj\u00fa najlep\u0161ie turistick\u00e9 trasy, atrakcie a v\u00fdh\u013eady.<strong>\u00a0<\/strong><\/p>\n<ol>\n<li><strong> T\u00fara na <\/strong><strong>\u00d6tscher, dominantu regi\u00f3nu Mostviertel<\/strong><\/li>\n<\/ol>\n<p>N\u00e1dhern\u00e1 krajina okolo majest\u00e1tneho vrchu \u00d6tscher v\u00e1s poz\u00fdva nielen na turistiku, ale aj na vzru\u0161uj\u00face objavovanie. V najv\u00e4\u010d\u0161ej dolnorak\u00faskej pr\u00edrodnej rezerv\u00e1cii \u00d6tscher-Torm\u00e4uer s rozlohou 170 km2 (s pri\u013eahl\u00fdm okol\u00edm e\u0161te viac) m\u00e1te na v\u00fdber ve\u013ea mo\u017enost\u00ed ponori\u0165 sa do p\u00f4sobiv\u00e9ho sveta h\u00f4r.<\/p>\n<p style=\"text-align: center;\"><a href=\"https:\/\/slovaklinesmagazin.sk\/cms\/wp-content\/uploads\/2023\/08\/Photo1.jpg\"><img loading=\"lazy\" decoding=\"async\" class=\"aligncenter size-full wp-image-92449\" src=\"https:\/\/slovaklinesmagazin.sk\/cms\/wp-content\/uploads\/2023\/08\/Photo1.jpg\" alt=\"\" width=\"1000\" height=\"749\" srcset=\"https:\/\/www.slovaklinesmagazin.sk\/cms\/wp-content\/uploads\/2023\/08\/Photo1.jpg 1000w, https:\/\/www.slovaklinesmagazin.sk\/cms\/wp-content\/uploads\/2023\/08\/Photo1-300x225.jpg 300w, https:\/\/www.slovaklinesmagazin.sk\/cms\/wp-content\/uploads\/2023\/08\/Photo1-768x575.jpg 768w, https:\/\/www.slovaklinesmagazin.sk\/cms\/wp-content\/uploads\/2023\/08\/Photo1-600x449.jpg 600w\" sizes=\"auto, (max-width: 1000px) 100vw, 1000px\" \/><\/a><em>T\u00fara na \u00d6tscher, dominantu regi\u00f3nu Mostviertel (c) Nieder\u00f6sterreich Werbung\/ Gerald Demolsky<\/em><\/p>\n<p style=\"text-align: center;\"><a href=\"https:\/\/slovaklinesmagazin.sk\/cms\/wp-content\/uploads\/2023\/08\/Photo2.jpg\"><img loading=\"lazy\" decoding=\"async\" class=\"aligncenter size-full wp-image-92450\" src=\"https:\/\/slovaklinesmagazin.sk\/cms\/wp-content\/uploads\/2023\/08\/Photo2.jpg\" alt=\"\" width=\"1000\" height=\"750\" srcset=\"https:\/\/www.slovaklinesmagazin.sk\/cms\/wp-content\/uploads\/2023\/08\/Photo2.jpg 1000w, https:\/\/www.slovaklinesmagazin.sk\/cms\/wp-content\/uploads\/2023\/08\/Photo2-300x225.jpg 300w, https:\/\/www.slovaklinesmagazin.sk\/cms\/wp-content\/uploads\/2023\/08\/Photo2-768x576.jpg 768w, https:\/\/www.slovaklinesmagazin.sk\/cms\/wp-content\/uploads\/2023\/08\/Photo2-600x450.jpg 600w\" sizes=\"auto, (max-width: 1000px) 100vw, 1000px\" \/><\/a><\/p>\n<p style=\"text-align: center;\"><em>T\u00fara na \u00d6tscher, dominantu regi\u00f3nu Mostviertel (c) Nieder\u00f6sterreich Werbung\/ Gerald Demolsky<\/em><\/p>\n<p><strong>V\u00fdstup po horskom hrebeni Rauher Kamm a\u017e na \u00d6tscher<\/strong> \u2013 in\u00fa podobn\u00fa t\u00faru v regi\u00f3ne Mostviertel ur\u010dite nen\u00e1jdete: impozantn\u00e1, n\u00e1ro\u010dn\u00e1, ale nepochybne aj najkraj\u0161ia trasa na vrchol. Ponor\u00ed v\u00e1s do s\u00fdtozelen\u00fdch lesov, prevedie okolo p\u00f4sobiv\u00fdch panor\u00e1m. Ojedinel\u00e9 lezeck\u00e9 \u00faseky ved\u00face cez skaln\u00e9 ihly a v\u00e1pencov\u00e9 ve\u017ee sa tu nach\u00e1dzaj\u00fa na exponovan\u00fdch miestach a mali by sa na ne vyda\u0165 len horolezci, ktor\u00ed maj\u00fa ist\u00fd krok a netrpia z\u00e1vratmi. Pust\u00e9 skaly, kri\u0161t\u00e1\u013eovo \u010dist\u00e1 voda \u2013 <strong>rokliny pohoria \u00d6tscher v pr\u00edrodnej rezerv\u00e1cii \u00d6tscher-Torm\u00e4uer<\/strong> vytv\u00e1raj\u00fa jedine\u010dn\u00fa pr\u00edrodn\u00fa kulisu. M\u00f4\u017eete obdivova\u0165 impozantn\u00e9 vodop\u00e1dy, ako napr\u00edklad hu\u010diaci vodop\u00e1d Lassingfall, presk\u00fama\u0165 jaskyne v strm\u00fdch skal\u00e1ch a prekra\u010dova\u0165 p\u00f4sobiv\u00e9 horsk\u00e9 potoky \u2013 nie nadarmo s\u00fa tieto rokliny pova\u017eovan\u00e9 za jednu z najpozoruhodnej\u0161\u00edch krajinn\u00fdch scen\u00e9ri\u00ed v Rak\u00fasku.<\/p>\n<ol start=\"2\">\n<li><strong> Turistick\u00e9 trasy pozd\u013a\u017e toku Dunaja<\/strong><\/li>\n<\/ol>\n<p>Predstavujeme v\u00e1m tie najkraj\u0161ie etapy pravdepodobne najp\u00f4sobivej\u0161ej vysokohorskej turistickej trasy pozd\u013a\u017e toku Dunaja. Tento \u00fasek je v\u00fdnimo\u010dn\u00fd najm\u00e4 pozoruhodnou koncentr\u00e1ciou zr\u00facan\u00edn, kl\u00e1\u0161torov a hradov, ako aj pr\u00edrodn\u00fdch pamiatok. 73-kilometrov\u00e1 trasa sp\u00e1ja tri etapy na severnej strane Dunaja s dvoma etapami na ju\u017enej strane, ktor\u00e9 s\u00fa z\u00e1rove\u0148 oboma koncami turistickej trasy Welterbesteig.<\/p>\n<p><a href=\"https:\/\/slovaklinesmagazin.sk\/cms\/wp-content\/uploads\/2023\/08\/Photo3.jpg\"><img loading=\"lazy\" decoding=\"async\" class=\"size-full wp-image-92451\" src=\"https:\/\/slovaklinesmagazin.sk\/cms\/wp-content\/uploads\/2023\/08\/Photo3.jpg\" alt=\"\" width=\"1000\" height=\"666\" srcset=\"https:\/\/www.slovaklinesmagazin.sk\/cms\/wp-content\/uploads\/2023\/08\/Photo3.jpg 1000w, https:\/\/www.slovaklinesmagazin.sk\/cms\/wp-content\/uploads\/2023\/08\/Photo3-300x200.jpg 300w, https:\/\/www.slovaklinesmagazin.sk\/cms\/wp-content\/uploads\/2023\/08\/Photo3-768x511.jpg 768w, https:\/\/www.slovaklinesmagazin.sk\/cms\/wp-content\/uploads\/2023\/08\/Photo3-600x400.jpg 600w\" sizes=\"auto, (max-width: 1000px) 100vw, 1000px\" \/><\/a><\/p>\n<p style=\"text-align: center;\"><em>Turistick\u00e9 trasy pozd\u013a\u017e toku Dunaja, Wachau (c) Nieder\u00f6sterreich Werbung\/ Andreas Jakwerth<\/em><\/p>\n<p>Objavte krajinu, kde sa historick\u00e9 centr\u00e1 miest striedaj\u00fa s malebnou vinohradn\u00edckou krajinou. <strong>Trasa za\u010d\u00edna v centre mesta Krems a pokra\u010duje do vin\u00edc v okol\u00ed mesta Krems<\/strong>. Nasleduje prech\u00e1dzka star\u00fdm mestom v Steine, ktor\u00e1 v\u00e1s zavedie do v\u00ednnej uli\u010dky, kde m\u00f4\u017eete pri br\u00e1ne viechy Mayr-Resch dosta\u0165 pe\u010diatku do svojho turistick\u00e9ho pasu. Cez vinohradn\u00edcku oblas\u0165 Wachau a pr\u00edrodn\u00fa rezerv\u00e1ciu H\u00f6hereck, najv\u00e4\u010d\u0161iu oblas\u0165 such\u00fdch tr\u00e1vnat\u00fdch porastov vo v\u00fdchodnej \u010dasti regi\u00f3nu Wachau, sa dostanete do skalnatej a lesnatej krajiny, ktor\u00e1 v\u00e1s \u010doskoro zavedie do D\u00fcrnsteinu. Po turistickom chodn\u00edku Eselsteig v D\u00fcrnsteine, na ktorom sa nach\u00e1dza aj v\u00fdstavn\u00e1 z\u00e1hrada wachauskej \u0161afranovej manufakt\u00fary, sa dostanete k azda najzn\u00e1mej\u0161ej zr\u00facanine hradu v Rak\u00fasku, v ktorom bol kedysi v\u00e4znen\u00fd anglick\u00fd kr\u00e1\u013e Richard Levie srdce. Potom nasleduje odbo\u010dka na <strong>D\u00fcrnsteiner Kanzel, jedno z najp\u00f4sobivej\u0161\u00edch vyhliadkov\u00fdch miest v regi\u00f3ne Wachau. <\/strong>Etapa kon\u010d\u00ed v malebnej vin\u00e1rskej obci Wei\u00dfenkirchen s fantastick\u00fdmi v\u00fdh\u013eadmi z kamenn\u00fdch ter\u00e1s.<\/p>\n<ol start=\"3\">\n<li><strong> Najkraj\u0161ie vyhliadkov\u00e9 body na Viedenskom alpskom obl\u00faku<\/strong><\/li>\n<\/ol>\n<p>Na Viedenskom alpskom obl\u00faku n\u00e1jdete nespo\u010detn\u00e9 mno\u017estvo vyhliadkov\u00fdch miest a rozh\u013eadn\u00ed, z ktor\u00fdch m\u00f4\u017eete obdivova\u0165 p\u00f4sobiv\u00fa hru prv\u00e9ho a posledn\u00e9ho denn\u00e9ho svetla<strong>. Sk\u00fasen\u00ed turisti tvrdia, \u017ee pre najkraj\u0161\u00ed v\u00fdh\u013ead je najlep\u0161ie je vyrazi\u0165 tesne pred z\u00e1padom slnka<\/strong>. N\u00e1jdete tu toti\u017e \u201ezlatom\u201c osvetlen\u00e9 borovicov\u00e9 lesy, svie\u017eo zelen\u00fa p\u00f4du pokryt\u00fa machom a \u00fazke vy\u0161liapan\u00e9 chodn\u00edky.<\/p>\n<p style=\"text-align: center;\"><a href=\"https:\/\/slovaklinesmagazin.sk\/cms\/wp-content\/uploads\/2023\/08\/Photo4.jpg\"><img loading=\"lazy\" decoding=\"async\" class=\"aligncenter size-full wp-image-92452\" src=\"https:\/\/slovaklinesmagazin.sk\/cms\/wp-content\/uploads\/2023\/08\/Photo4.jpg\" alt=\"\" width=\"1000\" height=\"666\" srcset=\"https:\/\/www.slovaklinesmagazin.sk\/cms\/wp-content\/uploads\/2023\/08\/Photo4.jpg 1000w, https:\/\/www.slovaklinesmagazin.sk\/cms\/wp-content\/uploads\/2023\/08\/Photo4-300x200.jpg 300w, https:\/\/www.slovaklinesmagazin.sk\/cms\/wp-content\/uploads\/2023\/08\/Photo4-768x511.jpg 768w, https:\/\/www.slovaklinesmagazin.sk\/cms\/wp-content\/uploads\/2023\/08\/Photo4-600x400.jpg 600w\" sizes=\"auto, (max-width: 1000px) 100vw, 1000px\" \/><\/a><\/p>\n<p style=\"text-align: center;\"><em>Najkraj\u0161ie vyhliadkov\u00e9 body na Viedenskom alpskom obl\u00faku (c) Nieder\u00f6sterreich Werbung\/ Franziska Consolati<\/em><\/p>\n<p>Na konci chodn\u00edka les odkr\u00fdva p\u00f4sobiv\u00fd v\u00fdh\u013ead: Na 46 metrov vysok\u00fd viadukt \u201eKalte Rinne\u201c, skaln\u00e9 ve\u017ee steny Pollereswand, zelen\u00e9 kopce v pozad\u00ed a \u00fazke \u00fadolie v\u00a0popred\u00ed. \u010eal\u0161\u00ed kr\u00e1sny v\u00fdh\u013ead si m\u00f4\u017eete u\u017ei\u0165 z\u00a0v\u00fdhliadky. Z horskej stanice Hirschenkogel je to len p\u00e1r metrov a 155 schodov na <strong>25 metrov vysok\u00fa vyhliadkov\u00fa plo\u0161inu rozh\u013eadne Milleniumswarte<\/strong> s v\u00fdh\u013eadom na cel\u00fa krajinu. \u201eOproti sa t\u00fd\u010di mas\u00edv Rax-Schneeberg, na v\u00fdchode Viedensk\u00e1 kotlina, za \u0148ou Nezidersk\u00e9 jazero a v dia\u013eke Ma\u010farsko.<\/p>\n<ol start=\"4\">\n<li><strong> T\u00fary v okol\u00ed \u00fadolia Yspertal v\u00a0oblasti Waldviertel ur\u010dite nesmiete vynecha\u0165<\/strong><\/li>\n<\/ol>\n<p>Vyberte sa na jednu z\u00a0najob\u013e\u00fabenej\u0161\u00edch tr\u00e1s &#8211; <strong>Chodn\u00edk druidov. Nach\u00e1dza sa v regi\u00f3ne Waldviertel<\/strong> \u00a0a vedie bur\u00e1caj\u00facou roklinou Ysperklamm, ktor\u00e1 je fascinuj\u00facim turistick\u00fdm chodn\u00edkom vhodn\u00fdm pre v\u0161etk\u00fdch milovn\u00edkov pr\u00edrody a kult\u00fary. N\u00e1dhern\u00e9 v\u00fdh\u013eady, p\u00f4sobiv\u00e9 skaln\u00e9 \u00fatvary, mystick\u00e1 atmosf\u00e9ra a tajomn\u00e9 miesta sily pozd\u013a\u017e chodn\u00edka umo\u017e\u0148uj\u00fa turistom vychutna\u0165 si kr\u00e1su pr\u00edrody a ponori\u0165 sa do legiend o starod\u00e1vnych druidoch. Posledn\u00e1 etapa trasy ved\u00faca cez p\u00f4sobiv\u00fd pr\u00edrodn\u00fd les si vy\u017eaduje zna\u010dn\u00fa v\u00fddr\u017e, za ktor\u00fa v\u0161ak odmen\u00ed svojich n\u00e1v\u0161tevn\u00edkov dokonalou pastvou pre o\u010di.<\/p>\n<p style=\"text-align: center;\"><a href=\"https:\/\/slovaklinesmagazin.sk\/cms\/wp-content\/uploads\/2023\/08\/Photo8.jpg\"><img loading=\"lazy\" decoding=\"async\" class=\"aligncenter size-full wp-image-92453\" src=\"https:\/\/slovaklinesmagazin.sk\/cms\/wp-content\/uploads\/2023\/08\/Photo8.jpg\" alt=\"\" width=\"1000\" height=\"666\" srcset=\"https:\/\/www.slovaklinesmagazin.sk\/cms\/wp-content\/uploads\/2023\/08\/Photo8.jpg 1000w, https:\/\/www.slovaklinesmagazin.sk\/cms\/wp-content\/uploads\/2023\/08\/Photo8-300x200.jpg 300w, https:\/\/www.slovaklinesmagazin.sk\/cms\/wp-content\/uploads\/2023\/08\/Photo8-768x511.jpg 768w, https:\/\/www.slovaklinesmagazin.sk\/cms\/wp-content\/uploads\/2023\/08\/Photo8-600x400.jpg 600w\" sizes=\"auto, (max-width: 1000px) 100vw, 1000px\" \/><\/a><\/p>\n<p style=\"text-align: center;\"><em>T\u00fary v okol\u00ed \u00fadolia Yspertal v oblasti Waldviertel (c) Studio Kerschbaum<\/em><\/p>\n<p>\u010eal\u0161ou mo\u017enos\u0165ou je okru\u017en\u00fd turistick\u00fd chodn\u00edk Ysper-Weitental-Rundwanderweg a turistick\u00fd chodn\u00edk Kremstalweg. Ke\u010f sa spoja, vytvoria nekone\u010dn\u00fa trasu. Teda takmer. <strong>Turistick\u00fd chodn\u00edk naz\u00fdvan\u00fd \u201ecesta \u017eivota\u201c (Lebensradweg)<\/strong> m\u00e1 toti\u017e tvar le\u017eatej osmi\u010dky, a preto ho mo\u017eno pova\u017eova\u0165 prinajmen\u0161om za nekone\u010dn\u00fd. Pre turistov je tu na v\u00fdber 13 turistick\u00fdch ciest v celkovej d\u013a\u017eke 260 km pomyselne premenen\u00fdch do et\u00e1p \u013eudsk\u00e9ho \u017eivota. Od kol\u00edsky po vysok\u00fa starobu a e\u0161te \u010falej, to je z\u00e1kladn\u00e1 my\u0161lienka tejto ve\u013emi p\u00f4sobivej dia\u013ekovej turistickej trasy.<\/p>\n<ol start=\"5\">\n<li><strong> Hust\u00e9 lesy, mierne kopce a p\u00f4sobiv\u00e9 v\u00fdh\u013eady vo Viedenskom lese <\/strong><\/li>\n<\/ol>\n<p>N\u00e1zov trasy \u2013 Pr\u00edbehy z Viedensk\u00e9ho lesa \u2013 je ve\u013emi v\u00fdsti\u017en\u00fd, preto\u017ee pozd\u013a\u017e tejto okru\u017enej trasy je nieko\u013eko miest, ktor\u00e9 maj\u00fa viac \u010di menej \u010do poveda\u0165. Ak za\u010dnete prv\u00fa etapu v Badene a p\u00f4jdete pozd\u013a\u017e rieky Schwechat a\u017e do obce Alland, prejdete aj popri <strong>\u201ecesti\u010dke v \u00fadol\u00ed Helenental\u201c,<\/strong> ktor\u00e1 je presne tak\u00e1, ak\u00fd je jej n\u00e1zov &#8211; jednoducho kr\u00e1sna.<\/p>\n<p style=\"text-align: center;\"><a href=\"https:\/\/slovaklinesmagazin.sk\/cms\/wp-content\/uploads\/2023\/08\/Photo9.jpg\"><img loading=\"lazy\" decoding=\"async\" class=\"aligncenter size-full wp-image-92454\" src=\"https:\/\/slovaklinesmagazin.sk\/cms\/wp-content\/uploads\/2023\/08\/Photo9.jpg\" alt=\"\" width=\"1000\" height=\"666\" srcset=\"https:\/\/www.slovaklinesmagazin.sk\/cms\/wp-content\/uploads\/2023\/08\/Photo9.jpg 1000w, https:\/\/www.slovaklinesmagazin.sk\/cms\/wp-content\/uploads\/2023\/08\/Photo9-300x200.jpg 300w, https:\/\/www.slovaklinesmagazin.sk\/cms\/wp-content\/uploads\/2023\/08\/Photo9-768x511.jpg 768w, https:\/\/www.slovaklinesmagazin.sk\/cms\/wp-content\/uploads\/2023\/08\/Photo9-600x400.jpg 600w\" sizes=\"auto, (max-width: 1000px) 100vw, 1000px\" \/><\/a><\/p>\n<p style=\"text-align: center;\"><em>Hust\u00e9 lesy, mierne kopce a p\u00f4sobiv\u00e9 v\u00fdh\u013eady vo Viedenskom lese (c) Nieder\u00f6sterreich Werbung\/ Robert Herbst<\/em><\/p>\n<p>Kr\u00e1tka odbo\u010dka potom vedie k zr\u00facanine hradu Rauheneck, ktor\u00e1 sa so svojou nezvy\u010dajnou trojuholn\u00edkovou ve\u017eou t\u00fd\u010di nad \u00fadol\u00edm Helenental. V druhej \u010dasti t\u00fary, teda smerom sp\u00e4\u0165 do Badenu, prech\u00e1dzate popri Heiligenkreuzi, Siegenfelde a vyhliadkovej ve\u017ei \u201eTheresienwarte\u201c postavenej v roku 1884. Rovnako fascinuj\u00faca je cesta bujn\u00fdmi lesmi a idylickou krajinou, ktor\u00e1 vedie k n\u00e1dhern\u00e9mu <strong>Hus\u00e1rskemu chr\u00e1mu na vrchole Kleiner Anninger.<\/strong> Tento chr\u00e1m bol postaven\u00fd v roku 1813 ako &#8222;Chr\u00e1m vojnov\u00fdch hus\u00e1rov&#8220;. Nepon\u00e1h\u013eajte sa a obdivujte architektonick\u00e9 rie\u0161enie, n\u00e1dhern\u00fa fas\u00e1du a bohat\u00fa v\u00fdzdobu budovy. Majest\u00e1tny poh\u013ead a v\u00fdh\u013ead na roz\u013eahl\u00fa zelen\u00fa lesn\u00fa krajinu Viedensk\u00e9ho lesa.<\/p>\n<p>In\u0161pirova\u0165 sa m\u00f4\u017eete aj \u010fal\u0161\u00edmi turistick\u00fdmi tipmi, ktor\u00e9 n\u00e1jdete na str\u00e1nke <a href=\"https:\/\/www.dolne-rakusko.info\/objavujte-tury?utm_source=online&amp;utm_medium=kooperation&amp;utm_campaign=wandernSK23\">dolne-rakusko.info\/turistika<\/a>.<\/p>\n<p>Fotografia na titulke:<\/p>\n<p><em>Najkraj\u0161ie vyhliadkov\u00e9 body na Viedenskom alpskom obl\u00faku (c) Nieder\u00f6sterreich Werbung\/ Franziska Consolati<\/em><\/p>\n","protected":false},"excerpt":{"rendered":"<p>Doln\u00e9 Rak\u00fasko sa nach\u00e1dza iba p\u00e1r kilometrov od Bratislavy a pre nad\u0161encov turistiky ide doslova o turistick\u00fd raj. \u010ci u\u017e sa rozhodnete pre lesn\u00fd k\u00fape\u013e a relax vo Viedenskom lese, horsk\u00e9 t\u00fary a spozn\u00e1vanie lie\u010div\u00fdch rastl\u00edn v okol\u00ed vrchu \u00d6tscher alebo putovanie po v\u00ednnych uli\u010dk\u00e1ch a viniciach. Ob\u013e\u00faben\u00e1 je aj vysokohorsk\u00e1 turistika s v\u00fdh\u013eadom na [&hellip;]<\/p>\n","protected":false},"author":7,"featured_media":92455,"comment_status":"closed","ping_status":"closed","sticky":false,"template":"","format":"standard","meta":{"footnotes":""},"categories":[13,45,52,56,50],"tags":[],"class_list":["post-92448","post","type-post","status-publish","format-standard","has-post-thumbnail","hentry","category-real-estate","category-nas-tip","category-outdoor","category-priroda","category-radim-vam","eq-blocks"],"_links":{"self":[{"href":"https:\/\/www.slovaklinesmagazin.sk\/cms\/wp-json\/wp\/v2\/posts\/92448","targetHints":{"allow":["GET"]}}],"collection":[{"href":"https:\/\/www.slovaklinesmagazin.sk\/cms\/wp-json\/wp\/v2\/posts"}],"about":[{"href":"https:\/\/www.slovaklinesmagazin.sk\/cms\/wp-json\/wp\/v2\/types\/post"}],"author":[{"embeddable":true,"href":"https:\/\/www.slovaklinesmagazin.sk\/cms\/wp-json\/wp\/v2\/users\/7"}],"replies":[{"embeddable":true,"href":"https:\/\/www.slovaklinesmagazin.sk\/cms\/wp-json\/wp\/v2\/comments?post=92448"}],"version-history":[{"count":2,"href":"https:\/\/www.slovaklinesmagazin.sk\/cms\/wp-json\/wp\/v2\/posts\/92448\/revisions"}],"predecessor-version":[{"id":92457,"href":"https:\/\/www.slovaklinesmagazin.sk\/cms\/wp-json\/wp\/v2\/posts\/92448\/revisions\/92457"}],"wp:featuredmedia":[{"embeddable":true,"href":"https:\/\/www.slovaklinesmagazin.sk\/cms\/wp-json\/wp\/v2\/media\/92455"}],"wp:attachment":[{"href":"https:\/\/www.slovaklinesmagazin.sk\/cms\/wp-json\/wp\/v2\/media?parent=92448"}],"wp:term":[{"taxonomy":"category","embeddable":true,"href":"https:\/\/www.slovaklinesmagazin.sk\/cms\/wp-json\/wp\/v2\/categories?post=92448"},{"taxonomy":"post_tag","embeddable":true,"href":"https:\/\/www.slovaklinesmagazin.sk\/cms\/wp-json\/wp\/v2\/tags?post=92448"}],"curies":[{"name":"wp","href":"https:\/\/api.w.org\/{rel}","templated":true}]}}