{"id":92531,"date":"2023-09-18T09:49:37","date_gmt":"2023-09-18T07:49:37","guid":{"rendered":"https:\/\/slovaklinesmagazin.sk\/cms\/?p=92531"},"modified":"2023-09-18T10:27:02","modified_gmt":"2023-09-18T08:27:02","slug":"interierove-dvere-do-kupelne-ako-si-vybrat-tie-spravne","status":"publish","type":"post","link":"https:\/\/www.slovaklinesmagazin.sk\/cms\/2023\/09\/interierove-dvere-do-kupelne-ako-si-vybrat-tie-spravne\/","title":{"rendered":"Interi\u00e9rov\u00e9 dvere do k\u00fape\u013ene: Ako si vybra\u0165 tie spr\u00e1vne?"},"content":{"rendered":"<p><strong>K\u00fape\u013e\u0148a patr\u00ed medzi najd\u00f4le\u017eitej\u0161ie miestnosti v dom\u00e1cnosti. Je miestom oddychu, relaxu a preto by ste mali venova\u0165 zv\u00fd\u0161en\u00fa pozornos\u0165 zaria\u010fovaniu. D\u00f4le\u017eit\u00e9 je, aby ste sa v k\u00fape\u013eni c\u00edtili maxim\u00e1lne komfortne a aby v\u0161etko spolu kr\u00e1sne ladilo.<\/strong><\/p>\n<p>Ve\u013emi d\u00f4le\u017eit\u00fdm prvkom s\u00fa pr\u00e1ve interi\u00e9rov\u00e9 dvere do k\u00fape\u013ene. Na trhu dnes n\u00e1jdete skuto\u010dne pestr\u00fa ponuku a vybra\u0165 si tie spr\u00e1vne dvere je \u010dastokr\u00e1t ve\u013emi n\u00e1ro\u010dn\u00e9. Predsa len, v\u0161etky dvere sa v nie\u010dom odli\u0161uj\u00fa. V pou\u017eitom materi\u00e1li, ve\u013ekosti alebo dizajne. Ako si tak vybra\u0165 tie spr\u00e1vne vn\u00fatorn\u00e9 dvere do k\u00fape\u013ene? Na to sme sa pozreli o \u010dosi bli\u017e\u0161ie.<\/p>\n<h2>Praktick\u00e1 str\u00e1nka je prvorad\u00e1<\/h2>\n<p>Najsk\u00f4r by ste sa pri v\u00fdbere interi\u00e9rov\u00fdch dver\u00ed mali zamera\u0165 na praktick\u00fa str\u00e1nku a teda s t\u00fdm spojen\u00fa funkcionalitu. Myslite na to, \u017ee v k\u00fape\u013eni je \u010dastokr\u00e1t vy\u0161\u0161ia vlhkos\u0165. Preto by ste mali zvoli\u0165 materi\u00e1l dver\u00ed, ktor\u00fd bude odoln\u00fd vo\u010di tak\u00fdmto podmienkam. Skvel\u00fdm rie\u0161en\u00edm s\u00fa, napr\u00edklad,\u00a0<a href=\"https:\/\/dvere-erkado.sk\/interierove\" target=\"_blank\" rel=\"noopener\"><strong>interi\u00e9rov\u00e9 dvere<\/strong><\/a>\u00a0od spolo\u010dnosti ERKADO, ktor\u00e9 vynikaj\u00fa vysokou kvalitou a aj odolnos\u0165ou. Medzi odoln\u00e9 materi\u00e1ly dver\u00ed patr\u00ed PVC, hlin\u00edk, pr\u00edpadne drevo, ktor\u00e9 je v\u0161ak \u0161peci\u00e1lne o\u0161etren\u00e9.<\/p>\n<h2>Aj dizajn je d\u00f4le\u017eit\u00fd<\/h2>\n<p>Samozrejme, ke\u010f si budete vybera\u0165 interi\u00e9rov\u00e9 dvere, myslite aj na dizajn. Je d\u00f4le\u017eit\u00e9, aby v k\u00fape\u013eni v\u0161etko pekne ladilo. M\u00f4\u017ee \u00eds\u0165 napr\u00edklad o modern\u00e9 dvere, ktor\u00e9 vynikaj\u00fa jednoduch\u00fdmi l\u00edniami a minimalistick\u00fdm \u0161t\u00fdlom, pr\u00edpadne rustik\u00e1lne dvere, ktor\u00e9 stv\u00e1r\u0148uj\u00fa tradi\u010dn\u00fd a najm\u00e4 pr\u00edrodn\u00fd \u0161t\u00fdl.<\/p>\n<p>Taktie\u017e nev\u00e1hajte zv\u00e1\u017ei\u0165 \u00farove\u0148 s\u00fakromia a bezpe\u010dnosti.\u00a0<a href=\"https:\/\/dvere-erkado.sk\/\" target=\"_blank\" rel=\"noopener\"><strong>Dvere do k\u00fape\u013ene<\/strong><\/a>\u00a0si toti\u017e m\u00f4\u017eete zaobstara\u0165 aj v materi\u00e1li, ak\u00fdm je matn\u00e9 sklo, pr\u00edpadne sklo s potla\u010dou. V pr\u00edpade, \u017ee t\u00fa\u017eite po maxim\u00e1lnom s\u00fakrom\u00ed, zvo\u013ete si \u00faplne neprieh\u013eadn\u00e9 dvere. Tie v\u00e1m dok\u00e1\u017eu zabezpe\u010di\u0165 maxim\u00e1lne s\u00fakromie, \u010do ur\u010dite radi ocen\u00edte. Dvere do k\u00fape\u013ene by tie\u017e mali by\u0165 \u010do najjednoduch\u0161ie v otv\u00e1ran\u00ed, preto na to pri v\u00fdbere myslite.<\/p>\n<p>&nbsp;<\/p>\n","protected":false},"excerpt":{"rendered":"<p>K\u00fape\u013e\u0148a patr\u00ed medzi najd\u00f4le\u017eitej\u0161ie miestnosti v dom\u00e1cnosti. Je miestom oddychu, relaxu a preto by ste mali venova\u0165 zv\u00fd\u0161en\u00fa pozornos\u0165 zaria\u010fovaniu. D\u00f4le\u017eit\u00e9 je, aby ste sa v k\u00fape\u013eni c\u00edtili maxim\u00e1lne komfortne a aby v\u0161etko spolu kr\u00e1sne ladilo. Ve\u013emi d\u00f4le\u017eit\u00fdm prvkom s\u00fa pr\u00e1ve interi\u00e9rov\u00e9 dvere do k\u00fape\u013ene. Na trhu dnes n\u00e1jdete skuto\u010dne pestr\u00fa ponuku a vybra\u0165 si [&hellip;]<\/p>\n","protected":false},"author":7,"featured_media":92535,"comment_status":"closed","ping_status":"closed","sticky":false,"template":"","format":"standard","meta":{"footnotes":""},"categories":[58,45,50],"tags":[],"class_list":["post-92531","post","type-post","status-publish","format-standard","has-post-thumbnail","hentry","category-architektura","category-nas-tip","category-radim-vam","eq-blocks"],"_links":{"self":[{"href":"https:\/\/www.slovaklinesmagazin.sk\/cms\/wp-json\/wp\/v2\/posts\/92531","targetHints":{"allow":["GET"]}}],"collection":[{"href":"https:\/\/www.slovaklinesmagazin.sk\/cms\/wp-json\/wp\/v2\/posts"}],"about":[{"href":"https:\/\/www.slovaklinesmagazin.sk\/cms\/wp-json\/wp\/v2\/types\/post"}],"author":[{"embeddable":true,"href":"https:\/\/www.slovaklinesmagazin.sk\/cms\/wp-json\/wp\/v2\/users\/7"}],"replies":[{"embeddable":true,"href":"https:\/\/www.slovaklinesmagazin.sk\/cms\/wp-json\/wp\/v2\/comments?post=92531"}],"version-history":[{"count":3,"href":"https:\/\/www.slovaklinesmagazin.sk\/cms\/wp-json\/wp\/v2\/posts\/92531\/revisions"}],"predecessor-version":[{"id":92536,"href":"https:\/\/www.slovaklinesmagazin.sk\/cms\/wp-json\/wp\/v2\/posts\/92531\/revisions\/92536"}],"wp:featuredmedia":[{"embeddable":true,"href":"https:\/\/www.slovaklinesmagazin.sk\/cms\/wp-json\/wp\/v2\/media\/92535"}],"wp:attachment":[{"href":"https:\/\/www.slovaklinesmagazin.sk\/cms\/wp-json\/wp\/v2\/media?parent=92531"}],"wp:term":[{"taxonomy":"category","embeddable":true,"href":"https:\/\/www.slovaklinesmagazin.sk\/cms\/wp-json\/wp\/v2\/categories?post=92531"},{"taxonomy":"post_tag","embeddable":true,"href":"https:\/\/www.slovaklinesmagazin.sk\/cms\/wp-json\/wp\/v2\/tags?post=92531"}],"curies":[{"name":"wp","href":"https:\/\/api.w.org\/{rel}","templated":true}]}}