{"id":92787,"date":"2023-11-15T13:04:58","date_gmt":"2023-11-15T11:04:58","guid":{"rendered":"https:\/\/slovaklinesmagazin.sk\/cms\/?p=92787"},"modified":"2023-11-15T13:20:43","modified_gmt":"2023-11-15T11:20:43","slug":"apres-ski-na-korutansky-sposob","status":"publish","type":"post","link":"https:\/\/www.slovaklinesmagazin.sk\/cms\/2023\/11\/apres-ski-na-korutansky-sposob\/","title":{"rendered":"Apr\u00e8s-ski na\u00a0korut\u00e1nsky sp\u00f4sob"},"content":{"rendered":"<p><strong>Ke\u010f do\u00a0Korut\u00e1nska zav\u00edta noc, preb\u00fadza sa svet pln\u00fd nezabudnute\u013en\u00fdch z\u00e1\u017eitkov. Pod\u00a0jagavou hviezdnou oblohou a\u00a0za\u00a0romantick\u00e9ho svitu mesiaca m\u00f4\u017eu mal\u00ed aj ve\u013ek\u00ed n\u00e1v\u0161tevn\u00edci za\u017ei\u0165 chv\u00edle, ktor\u00e9 oslovia v\u0161etky zmysly a\u00a0nav\u017edy sa zap\u00ed\u0161u do\u00a0ich pam\u00e4te. <\/strong><\/p>\n<p>V\u00a0no\u010dnom tichu pr\u00edroda ukazuje svoju e\u0161te fascinuj\u00facej\u0161iu str\u00e1nku:<\/p>\n<p>Hviezdy na\u00a0oblohe \u017eiaria e\u0161te jasnej\u0161ie, sneh sa trbliece e\u0161te tajuplnej\u0161ie a\u00a0\u010dist\u00fd, chladn\u00fd vzduch e\u0161te intenz\u00edvnej\u0161ie o\u017eivuje zmysly. Je to ide\u00e1lny \u010das na\u00a0vychutnanie si vz\u00e1cnych chv\u00ed\u013e s\u00a0rodinou u\u00a0srde\u010dn\u00fdch hostite\u013eov. Korut\u00e1nsko pon\u00faka nespo\u010detne ve\u013ea mo\u017enost\u00ed za\u017ei\u0165 spolu nezabudnute\u013en\u00e9 dobrodru\u017estv\u00e1 a\u00a0necha\u0165 sa o\u010dari\u0165 svetom, ktor\u00fd odha\u013euje v\u0161etky svoje tajomstv\u00e1 a\u017e po\u00a0z\u00e1pade slnka.<\/p>\n<p><strong>T\u00e1 najlep\u0161ia gurm\u00e1nska kuchy\u0148a<\/strong><\/p>\n<p>Tie najlep\u0161ie kulin\u00e1rske z\u00e1\u017eitky s\u013eubuje (a\u00a0aj skuto\u010dne prin\u00e1\u0161a) \u0161\u00e9fkuch\u00e1r Stefan Lastin ocenen\u00fd 3\u00a0\u010dapicami Gault Millau <strong>na\u00a0chate Gamskogelh\u00fctte na<\/strong>\u00a0<strong>Katschbergu<\/strong>. Ka\u017ed\u00fd \u0161tvrtok a\u00a0piatok pon\u00faka hos\u0165om z\u00e1\u017eitkov\u00fa gastron\u00f3miu \u201e<a href=\"https:\/\/www.gamskogelhuette.at\/kulinarik.html\"><strong>fine dine\u201c<\/strong><\/a> s\u00a0viacchodov\u00fdm menu pripraven\u00fdm z\u00a0t\u00fdch najlep\u0161\u00edch surov\u00edn. Cesta tam a sp\u00e4\u0165 vedie naprie\u010d zasne\u017eenou zimnou krajinou celkom dobrodru\u017ene na\u00a0sne\u017enom sk\u00fatri a\u00a0s\u00e1nkach.<\/p>\n<p style=\"text-align: center;\"><img loading=\"lazy\" decoding=\"async\" class=\"aligncenter size-full wp-image-92789\" src=\"https:\/\/slovaklinesmagazin.sk\/cms\/wp-content\/uploads\/2023\/11\/magische_momente_dobratsch_arge_naturerlebnis-original_f_Michael-Stabentheiner_c_Kaernten-scaled.jpeg\" alt=\"\" width=\"2560\" height=\"1709\" srcset=\"https:\/\/www.slovaklinesmagazin.sk\/cms\/wp-content\/uploads\/2023\/11\/magische_momente_dobratsch_arge_naturerlebnis-original_f_Michael-Stabentheiner_c_Kaernten-scaled.jpeg 2560w, https:\/\/www.slovaklinesmagazin.sk\/cms\/wp-content\/uploads\/2023\/11\/magische_momente_dobratsch_arge_naturerlebnis-original_f_Michael-Stabentheiner_c_Kaernten-300x200.jpeg 300w, https:\/\/www.slovaklinesmagazin.sk\/cms\/wp-content\/uploads\/2023\/11\/magische_momente_dobratsch_arge_naturerlebnis-original_f_Michael-Stabentheiner_c_Kaernten-1024x684.jpeg 1024w, https:\/\/www.slovaklinesmagazin.sk\/cms\/wp-content\/uploads\/2023\/11\/magische_momente_dobratsch_arge_naturerlebnis-original_f_Michael-Stabentheiner_c_Kaernten-768x513.jpeg 768w, https:\/\/www.slovaklinesmagazin.sk\/cms\/wp-content\/uploads\/2023\/11\/magische_momente_dobratsch_arge_naturerlebnis-original_f_Michael-Stabentheiner_c_Kaernten-600x401.jpeg 600w, https:\/\/www.slovaklinesmagazin.sk\/cms\/wp-content\/uploads\/2023\/11\/magische_momente_dobratsch_arge_naturerlebnis-original_f_Michael-Stabentheiner_c_Kaernten-1536x1025.jpeg 1536w, https:\/\/www.slovaklinesmagazin.sk\/cms\/wp-content\/uploads\/2023\/11\/magische_momente_dobratsch_arge_naturerlebnis-original_f_Michael-Stabentheiner_c_Kaernten-2048x1367.jpeg 2048w\" sizes=\"auto, (max-width: 2560px) 100vw, 2560px\" \/>Magische Momente Dobratsch Arge Naturerlebnis-original (f) Michael-Stabentheiner (c) Kaernten<\/p>\n<p>V\u00a0<a href=\"https:\/\/www.millstaettersee.com\/de\/region-orte\/dinner-in-der-glaskuppel.html\"><strong>sklenenej kupole<\/strong><\/a> na\u00a0\u00fap\u00e4t\u00ed svahu strediska <strong>Sportberg Goldeck <\/strong>\u010dakaj\u00fa na\u00a0nad\u0161encov kulin\u00e1rskeho umenia naozaj v\u00fdnimo\u010dn\u00e9 z\u00e1\u017eitky: Hostitelia Christa a Oliver z\u00a0prev\u00e1dzky Landgasthof Marhube radi priv\u00edtaj\u00fa milovn\u00edkov romantiky, ako aj vesel\u00fa spolo\u010dnos\u0165 vychutn\u00e1vaj\u00facu si lahodn\u00e9 fondue s\u00a0n\u00e1dhernou horskou panor\u00e1mou v\u00a0pozad\u00ed.<\/p>\n<p style=\"text-align: center;\"><img loading=\"lazy\" decoding=\"async\" class=\"aligncenter size-full wp-image-92790\" src=\"https:\/\/slovaklinesmagazin.sk\/cms\/wp-content\/uploads\/2023\/11\/Dinner-in-der-Glaskuppel_Millstatter-See-c-Gert-Perauer_MBN-19-scaled.jpg\" alt=\"\" width=\"2560\" height=\"1707\" srcset=\"https:\/\/www.slovaklinesmagazin.sk\/cms\/wp-content\/uploads\/2023\/11\/Dinner-in-der-Glaskuppel_Millstatter-See-c-Gert-Perauer_MBN-19-scaled.jpg 2560w, https:\/\/www.slovaklinesmagazin.sk\/cms\/wp-content\/uploads\/2023\/11\/Dinner-in-der-Glaskuppel_Millstatter-See-c-Gert-Perauer_MBN-19-300x200.jpg 300w, https:\/\/www.slovaklinesmagazin.sk\/cms\/wp-content\/uploads\/2023\/11\/Dinner-in-der-Glaskuppel_Millstatter-See-c-Gert-Perauer_MBN-19-1024x683.jpg 1024w, https:\/\/www.slovaklinesmagazin.sk\/cms\/wp-content\/uploads\/2023\/11\/Dinner-in-der-Glaskuppel_Millstatter-See-c-Gert-Perauer_MBN-19-768x512.jpg 768w, https:\/\/www.slovaklinesmagazin.sk\/cms\/wp-content\/uploads\/2023\/11\/Dinner-in-der-Glaskuppel_Millstatter-See-c-Gert-Perauer_MBN-19-600x400.jpg 600w, https:\/\/www.slovaklinesmagazin.sk\/cms\/wp-content\/uploads\/2023\/11\/Dinner-in-der-Glaskuppel_Millstatter-See-c-Gert-Perauer_MBN-19-1536x1024.jpg 1536w, https:\/\/www.slovaklinesmagazin.sk\/cms\/wp-content\/uploads\/2023\/11\/Dinner-in-der-Glaskuppel_Millstatter-See-c-Gert-Perauer_MBN-19-2048x1365.jpg 2048w\" sizes=\"auto, (max-width: 2560px) 100vw, 2560px\" \/>Dinner in der Glaskuppel Millst\u00e4tter See (c) Gert Perauer MBN<\/p>\n<p><strong>Hor\u00face z\u00e1\u017eitky zo\u00a0saunovania za\u00a0splnu mesiaca<\/strong><\/p>\n<p>V\u00a0piatky v\u00a0obdob\u00ed okolo splnu mesiaca v\u00e1s saunov\u00ed majstri v\u00a0term\u00e1lnych k\u00fape\u013eoch <a href=\"https:\/\/www.kaerntentherme.com\/sauna-massagen-beauty\/specials\/saunanaechte-rund-um-den-vollmond\/\"><strong>K\u00e4rnten Therme Warmbad-Villach<\/strong><\/a> poz\u00fdvaj\u00fa na\u00a0u\u017e priam legend\u00e1rnu saunov\u00fa noc za\u00a0splnu mesiaca \u2013 v\u00a0z\u00e1vislosti od\u00a0t\u00e9my \u2013 s\u00a0chladiv\u00fdmi n\u00e1levmi s\u00a0mentolom, \u013eadom alebo \u013eadov\u00fdm snehom. Potom si m\u00f4\u017eete na\u00a0terase vychutn\u00e1va\u0165 \u010derstv\u00fd vzduch, po\u010d\u00edta\u0165 hviezdy a\u00a0pozorova\u0165 spln mesiaca z\u00a0v\u00edrivky s\u00a0panoramatick\u00fdm v\u00fdh\u013eadom.<\/p>\n<p style=\"text-align: left;\">Saunovanie za\u00a0splnu mesiaca, vegetari\u00e1nske chu\u0165ovky z\u00a0bio pr\u00edrodnej kuchyne a\u00a0pl\u00e1vanie bez\u00a0plaviek v\u00a0kri\u0161t\u00e1\u013eovo \u010distom jazere Weissensee zas s\u013eubuj\u00fa dokonal\u00fd relax a\u00a0na\u010derpanie nov\u00fdch s\u00edl. \u201e<a href=\"https:\/\/www.strandhotel-weissensee.at\/de\/spa-relax\/vollmond-latespa\/\"><strong>K\u00fape\u013e za\u00a0splnu mesiaca\u201c<\/strong><\/a> za\u010d\u00edna \u201esaunov\u00fd majster zdrav\u00fdch k\u00fape\u013eov\u201c Alen Pikon \u0161umiv\u00fdm aperit\u00edvom v\u00a0hoteli <strong>Strandhotel Weissensee<\/strong>.<\/p>\n<p>Jedine\u010dn\u00fd wellness na\u00a0jazere v\u00a0kombin\u00e1cii s\u00a0magickou silou mesiaca v\u00a0splne n\u00e1jdete <strong>v\u00a0k<\/strong><strong>\u00fape\u013enom dome p\u0159i jazere M<\/strong><strong>illst\u00e4tter See \/ 1. K\u00e4rntner Badehaus<\/strong><strong>.<\/strong> Tie najlep\u0161ie vyhliadky na\u00a0relax a\u00a0uvo\u013enenie s\u00fa tu po\u010das noc\u00ed pri\u00a0splne mesiaca do\u00a023.00\u00a0hod. \u010cak\u00e1 tu na\u00a0v\u00e1s nielen n\u00e1dhern\u00fd v\u00fdh\u013ead na\u00a0mesiac v\u00a0splne, ale ka\u017ed\u00fd n\u00e1v\u0161tevn\u00edk sauny m\u00e1 k\u00a0dispoz\u00edcii sedadlo alebo le\u017eadlo s\u00a0v\u00fdh\u013eadom na\u00a0no\u010dn\u00e9 jazero.<\/p>\n<p style=\"text-align: center;\"><img loading=\"lazy\" decoding=\"async\" class=\"aligncenter size-full wp-image-92788\" src=\"https:\/\/slovaklinesmagazin.sk\/cms\/wp-content\/uploads\/2023\/11\/kaerntenwerbung_roemerbad_bkk\u00a9gert_perauer-scaled.jpg\" alt=\"\" width=\"2560\" height=\"1708\" srcset=\"https:\/\/www.slovaklinesmagazin.sk\/cms\/wp-content\/uploads\/2023\/11\/kaerntenwerbung_roemerbad_bkk\u00a9gert_perauer-scaled.jpg 2560w, https:\/\/www.slovaklinesmagazin.sk\/cms\/wp-content\/uploads\/2023\/11\/kaerntenwerbung_roemerbad_bkk\u00a9gert_perauer-300x200.jpg 300w, https:\/\/www.slovaklinesmagazin.sk\/cms\/wp-content\/uploads\/2023\/11\/kaerntenwerbung_roemerbad_bkk\u00a9gert_perauer-1024x683.jpg 1024w, https:\/\/www.slovaklinesmagazin.sk\/cms\/wp-content\/uploads\/2023\/11\/kaerntenwerbung_roemerbad_bkk\u00a9gert_perauer-768x512.jpg 768w, https:\/\/www.slovaklinesmagazin.sk\/cms\/wp-content\/uploads\/2023\/11\/kaerntenwerbung_roemerbad_bkk\u00a9gert_perauer-600x400.jpg 600w, https:\/\/www.slovaklinesmagazin.sk\/cms\/wp-content\/uploads\/2023\/11\/kaerntenwerbung_roemerbad_bkk\u00a9gert_perauer-1536x1025.jpg 1536w, https:\/\/www.slovaklinesmagazin.sk\/cms\/wp-content\/uploads\/2023\/11\/kaerntenwerbung_roemerbad_bkk\u00a9gert_perauer-2048x1366.jpg 2048w\" sizes=\"auto, (max-width: 2560px) 100vw, 2560px\" \/>Kaerntenwerbung roemerbad bkk\u00a9Gert Perauer<\/p>\n<p><strong>\u00da\u017easn\u00e9 zimn\u00e9 dobrodru\u017estv\u00e1 pre\u00a0\u201eno\u010dn\u00e9 sovy\u201c<\/strong><\/p>\n<p>Na\u00a0no\u010dnej t\u00fare so\u00a0sprievodcom v\u00a0<strong>pr\u00edrodnej rezerv\u00e1cii Dobratsch <\/strong>by ste m\u00e1rne h\u013eadali umel\u00e9 osvetlenie. <a href=\"https:\/\/www.kaernten.at\/erlebnisse\/sporterlebnis\/erlebnisse\/KTN\/4815e35f-7f49-4c0c-ae94-636f38d8a3a0\/unplugged-durch-den-winterlichen-naturpark?useDetailSearch=false\"><strong>\u201eUnplugged<\/strong><\/a>\u201c a\u00a0celkom neru\u0161ene tu m\u00f4\u017eete necha\u0165 vo\u013en\u00fd priebeh svojim zmyslom. To podstatn\u00e9 za\u017eijete po\u010das zimnej t\u00fary na\u00a0sne\u017eniciach, ktor\u00e1 vedie po\u00a0zasne\u017een\u00fdch turistick\u00fdch chodn\u00edkoch k\u00a0horskej chate na\u00a0vrchu Zehnernock. Odmenou za\u00a0n\u00e1mahu v\u00e1m bude mal\u00e9 region\u00e1lne ob\u010derstvenie, ako aj vlastn\u00e9 pun\u010dov\u00e9 kre\u00e1cie. A tie\u017e ve\u013ekolep\u00fd v\u00fdh\u013ead na\u00a0zasne\u017een\u00e9 pohorie Karawanken a\u00a0J\u00falske Alpy.<\/p>\n<p style=\"text-align: center;\"><img loading=\"lazy\" decoding=\"async\" class=\"aligncenter size-full wp-image-92792\" src=\"https:\/\/slovaklinesmagazin.sk\/cms\/wp-content\/uploads\/2023\/11\/MM_Naturpark-unplugged_Villach_c-ARGE-Naturerlebnis_MichaelStabentheiner-scaled.jpg\" alt=\"\" width=\"2560\" height=\"1709\" srcset=\"https:\/\/www.slovaklinesmagazin.sk\/cms\/wp-content\/uploads\/2023\/11\/MM_Naturpark-unplugged_Villach_c-ARGE-Naturerlebnis_MichaelStabentheiner-scaled.jpg 2560w, https:\/\/www.slovaklinesmagazin.sk\/cms\/wp-content\/uploads\/2023\/11\/MM_Naturpark-unplugged_Villach_c-ARGE-Naturerlebnis_MichaelStabentheiner-300x200.jpg 300w, https:\/\/www.slovaklinesmagazin.sk\/cms\/wp-content\/uploads\/2023\/11\/MM_Naturpark-unplugged_Villach_c-ARGE-Naturerlebnis_MichaelStabentheiner-1024x684.jpg 1024w, https:\/\/www.slovaklinesmagazin.sk\/cms\/wp-content\/uploads\/2023\/11\/MM_Naturpark-unplugged_Villach_c-ARGE-Naturerlebnis_MichaelStabentheiner-768x513.jpg 768w, https:\/\/www.slovaklinesmagazin.sk\/cms\/wp-content\/uploads\/2023\/11\/MM_Naturpark-unplugged_Villach_c-ARGE-Naturerlebnis_MichaelStabentheiner-600x401.jpg 600w, https:\/\/www.slovaklinesmagazin.sk\/cms\/wp-content\/uploads\/2023\/11\/MM_Naturpark-unplugged_Villach_c-ARGE-Naturerlebnis_MichaelStabentheiner-1536x1025.jpg 1536w, https:\/\/www.slovaklinesmagazin.sk\/cms\/wp-content\/uploads\/2023\/11\/MM_Naturpark-unplugged_Villach_c-ARGE-Naturerlebnis_MichaelStabentheiner-2048x1367.jpg 2048w\" sizes=\"auto, (max-width: 2560px) 100vw, 2560px\" \/><\/p>\n<p style=\"text-align: center;\">MM Naturpark unplugged Villach (c) ARGE Naturerlebnis Michael Stabentheiner<\/p>\n<p>Priam magick\u00e9 chv\u00edle s\u013eubuje <a href=\"https:\/\/www.weissensee.com\/de\/Service\/Events\/veranstaltungen\/KTN\/e474bc13-3150-4647-8d89-1304c8ef5684\/magische-momente-weissensee-sternlan-schauen\"><strong>\u201epozorovanie hviezd\u201c<\/strong><\/a> na\u00a0chate Naggler Alm nad\u00a0jazerom <strong>Weissensee<\/strong>. Vy\u0161kolen\u00fd sprievodca pr\u00edrodnou rezerv\u00e1ciou sa spolu s\u00a0n\u00e1v\u0161tevn\u00edkmi vyd\u00e1 lanovkou Weissensee do\u00a0rodinn\u00e9ho ly\u017eiarskeho strediska. Po\u010das t\u00fary po\u00a0idylick\u00fdch zimn\u00fdch chodn\u00edkoch sa dozviete mnoho zauj\u00edmavost\u00ed o\u00a0sile mesiaca, ako aj o\u00a0tamoj\u0161ej pr\u00edrodnej rezerv\u00e1cii. Po\u00a0pr\u00edchode do\u00a0cie\u013ea, na\u00a0chatu Naggler Alm, si m\u00f4\u017eete vychutna\u0165 region\u00e1lne \u0161peciality, ako je \u201ekorut\u00e1nska frigga\u201c (pra\u017eenica), \u010di\u00a0\u010fal\u0161ie tradi\u010dn\u00e9 poch\u00fa\u0165ky.<\/p>\n<p><a href=\"https:\/\/www.pacheiner.at\/sternwarte\/fuehrungen\/\"><strong>Hvezd\u00e1re\u0148<\/strong><\/a> na\u00a0vrchu <strong>Gerlitzen<\/strong> v\u00e1s po\u010das no\u010dn\u00fdch hod\u00edn \u201eprenesie\u201c do\u00a0in\u00fdch galaxi\u00ed. Za\u00a0s\u00famraku sa po\u010das prehliadky so\u00a0sprievodcom dozviete v\u0161etko o\u00a0t\u00e9me \u201eFascinuj\u00faca astron\u00f3mia \u2013 od\u00a0molekul\u00e1rnych mrakov po\u00a0supernovy\u201c.<\/p>\n<p>Je takmer nemo\u017en\u00e9 by\u0165 e\u0161te bli\u017e\u0161ie k\u00a0splnu: Ak ste no\u010dn\u00e9 sovy, m\u00f4\u017eete sa po\u010das zimn\u00fdch ve\u010derov za\u00a0splnu mesiaca odviez\u0165 v\u00a0<strong>Bad Kleinkirchheime <\/strong><a href=\"https:\/\/www.badkleinkirchheim.com\/nachtfahrt-zum-vollmond\/\"><strong>lanovkou v\u00a0biosf\u00e9rickom parku Brunnach<\/strong><\/a> k\u00a0horskej stanici. \u010cak\u00e1 tu na v\u00e1s pestr\u00fd ve\u010dern\u00fd program, od\u00a0putovania s\u00a0horiacimi fak\u013eami a\u017e po\u00a0p\u00f4sobiv\u00fa oh\u0148ov\u00fa \u0161ou.<\/p>\n<p>&nbsp;<\/p>\n<p><strong>Bohato zasne\u017een\u00e9 svahy pre\u00a0no\u010dn\u00e9 sovy&#8230;<\/strong><\/p>\n<p>Ke\u010f slnko zapadne za\u00a0hory, nahrad\u00ed jeho \u017eiariv\u00e9 l\u00fa\u010de na\u00a0\u0161irok\u00fdch zasne\u017een\u00fdch svahoch umel\u00e9 osvetlenie. Ka\u017ed\u00fd \u0161tvrtok si milovn\u00edci no\u010dn\u00fdch aktiv\u00edt pr\u00eddu na\u00a0svoje na\u00a0svahu K\u00f6nigswiese na\u00a0Katschbergu a v\u00a0janu\u00e1ri a febru\u00e1ri v\u00e1s na\u00a0ve\u010dern\u00e9 ly\u017eovanie poz\u00fdva jedna z\u00a0najdlh\u0161\u00edch umelo osvetlen\u00fdch zjazdoviek v\u00a0Alp\u00e1ch: 2,2\u00a0kilometra dlh\u00e1, pestro osvetlen\u00e1 zjazdovka v\u00a0stredisku <strong>Nassfeld <\/strong>je otvoren\u00e1 ka\u017ed\u00fa sobotu ve\u010der.\u00a0V\u00a0stredisku <strong>Dreil\u00e4ndereck<\/strong> sa ka\u017ed\u00fd \u0161tvrtok kon\u00e1 aj skialpinistick\u00e1 noc, po\u010das ktorej je zjazd do\u00a0\u00fadolia od\u00a017.00\u00a0hod. otvoren\u00fd pre\u00a0skialpinistov.<\/p>\n<p>&nbsp;<\/p>\n<p><strong>&#8230;.a rann\u00e9 vt\u00e1\u010dat\u00e1<\/strong><\/p>\n<p>Ly\u017eiarski nad\u0161enci, ktor\u00ed si radi privstan\u00fa, si taktie\u017e pr\u00eddu na\u00a0svoje na\u00a0<a href=\"https:\/\/www.badkleinkirchheim.at\/de\/highlights-im-winter\/ski-vor-9-mit-franz-klammer\/\"><strong>\u201eLy\u017eova\u010dke pred\u00a09.00\u201c<\/strong><\/a> v\u00a0stredisku <strong>Bad Kleinkirchheim<\/strong>. Ly\u017eiarska legenda, olympijsk\u00fd v\u00ed\u0165az Franz Klammer sprev\u00e1dza exkluz\u00edvnu skupinu max. 50\u00a0os\u00f4b na\u00a0rannej ly\u017eova\u010dke Early Morning Skiing. Na\u00a0svahoch uprostred korut\u00e1nskeho pohoria Nockberge u\u017e v\u00a0skor\u00fdch rann\u00fdch hodin\u00e1ch d\u00e1va tajn\u00e9 tipy a\u00a0prezr\u00e1dza triky na\u00a0dokonal\u00e9 carvingov\u00e9 obl\u00faky. Ve\u013emi v\u00fdnimo\u010dn\u00fd okamih za\u00a0svitu \u017eiariv\u00fdch slne\u010dn\u00fdch l\u00fa\u010dov, ktor\u00fd si ur\u010dite so\u00a0sebou odnesiete domov vo\u00a0svojom srdci.<\/p>\n<p style=\"text-align: center;\"><img loading=\"lazy\" decoding=\"async\" class=\"aligncenter size-full wp-image-92794\" src=\"https:\/\/slovaklinesmagazin.sk\/cms\/wp-content\/uploads\/2023\/11\/FranzGERDL_KaerntenWerbung_Gerlitzen01-scaled.jpg\" alt=\"\" width=\"2560\" height=\"1703\" srcset=\"https:\/\/www.slovaklinesmagazin.sk\/cms\/wp-content\/uploads\/2023\/11\/FranzGERDL_KaerntenWerbung_Gerlitzen01-scaled.jpg 2560w, https:\/\/www.slovaklinesmagazin.sk\/cms\/wp-content\/uploads\/2023\/11\/FranzGERDL_KaerntenWerbung_Gerlitzen01-300x200.jpg 300w, https:\/\/www.slovaklinesmagazin.sk\/cms\/wp-content\/uploads\/2023\/11\/FranzGERDL_KaerntenWerbung_Gerlitzen01-1024x681.jpg 1024w, https:\/\/www.slovaklinesmagazin.sk\/cms\/wp-content\/uploads\/2023\/11\/FranzGERDL_KaerntenWerbung_Gerlitzen01-768x511.jpg 768w, https:\/\/www.slovaklinesmagazin.sk\/cms\/wp-content\/uploads\/2023\/11\/FranzGERDL_KaerntenWerbung_Gerlitzen01-600x399.jpg 600w, https:\/\/www.slovaklinesmagazin.sk\/cms\/wp-content\/uploads\/2023\/11\/FranzGERDL_KaerntenWerbung_Gerlitzen01-1536x1022.jpg 1536w, https:\/\/www.slovaklinesmagazin.sk\/cms\/wp-content\/uploads\/2023\/11\/FranzGERDL_KaerntenWerbung_Gerlitzen01-2048x1363.jpg 2048w\" sizes=\"auto, (max-width: 2560px) 100vw, 2560px\" \/><\/p>\n<p style=\"text-align: center;\">\u00a9Franz GERDL KaerntenWerbung Gerlitzen<\/p>\n<p><strong>S\u00e1nkova\u010dka pod\u00a0hviezdnou oblohou<\/strong><\/p>\n<p>No\u010dn\u00e9 sp\u00fa\u0161\u0165anie sa dolu svahom na\u00a0\u201er\u00fdchlych saniach\u201c m\u00e1 svoje zvl\u00e1\u0161tne \u010daro. No\u010dn\u00e9 s\u00e1nkovanie jednoducho patr\u00ed k\u00a0zimn\u00fdm nociam v\u00a0Korut\u00e1nsku. Najsk\u00f4r putujete k\u00a0v\u00fdchodiskov\u00e9mu bodu a\u00a0po\u010das prest\u00e1vky na\u00a0ob\u010derstvenie v\u00a0jednej z\u00a0tradi\u010dn\u00fdch horsk\u00fdch ch\u00e1t sa mal\u00ed aj ve\u013ek\u00ed n\u00e1v\u0161tevn\u00edci u\u017e te\u0161ia na\u00a0zjazd do\u00a0\u00fadolia. Od\u00a0najdlh\u0161ej osvetlenej s\u00e1nkarskej dr\u00e1hy v\u00a0Korut\u00e1nsku v\u00a0<strong>regi\u00f3ne n\u00e1rodn\u00e9ho parku Vysok\u00e9 Taury<\/strong>, cez\u00a0traktorov\u00fd tax\u00edk k\u00a0chate Unterwirth\u00fcttn v\u00a0<strong>Bad Kleinkirchheime <\/strong>a\u017e po\u00a0praktick\u00fa po\u017ei\u010dov\u0148u s\u00e1nok v\u00a0stredisk\u00e1ch <strong>Innerkrems <\/strong>alebo <strong>Heiligenblut.<\/strong><\/p>\n<p style=\"text-align: center;\"><img loading=\"lazy\" decoding=\"async\" class=\"aligncenter size-full wp-image-92796\" src=\"https:\/\/slovaklinesmagazin.sk\/cms\/wp-content\/uploads\/2023\/11\/gerlitzen_by_night-original_f_Franz-Gerdl_c_Kaernten-Werbung-scaled.jpg\" alt=\"\" width=\"2560\" height=\"1703\" srcset=\"https:\/\/www.slovaklinesmagazin.sk\/cms\/wp-content\/uploads\/2023\/11\/gerlitzen_by_night-original_f_Franz-Gerdl_c_Kaernten-Werbung-scaled.jpg 2560w, https:\/\/www.slovaklinesmagazin.sk\/cms\/wp-content\/uploads\/2023\/11\/gerlitzen_by_night-original_f_Franz-Gerdl_c_Kaernten-Werbung-300x200.jpg 300w, https:\/\/www.slovaklinesmagazin.sk\/cms\/wp-content\/uploads\/2023\/11\/gerlitzen_by_night-original_f_Franz-Gerdl_c_Kaernten-Werbung-1024x681.jpg 1024w, https:\/\/www.slovaklinesmagazin.sk\/cms\/wp-content\/uploads\/2023\/11\/gerlitzen_by_night-original_f_Franz-Gerdl_c_Kaernten-Werbung-768x511.jpg 768w, https:\/\/www.slovaklinesmagazin.sk\/cms\/wp-content\/uploads\/2023\/11\/gerlitzen_by_night-original_f_Franz-Gerdl_c_Kaernten-Werbung-600x399.jpg 600w, https:\/\/www.slovaklinesmagazin.sk\/cms\/wp-content\/uploads\/2023\/11\/gerlitzen_by_night-original_f_Franz-Gerdl_c_Kaernten-Werbung-1536x1022.jpg 1536w, https:\/\/www.slovaklinesmagazin.sk\/cms\/wp-content\/uploads\/2023\/11\/gerlitzen_by_night-original_f_Franz-Gerdl_c_Kaernten-Werbung-2048x1363.jpg 2048w\" sizes=\"auto, (max-width: 2560px) 100vw, 2560px\" \/><\/p>\n<p style=\"text-align: center;\">Franz-Gerdi\u00a9Kaernten Werbung<\/p>\n<p><strong>\u201eNech je svetlo\u201c so\u00a0\u017eiariv\u00fdm adventn\u00fdm programom<\/strong><\/p>\n<p>Ak sa v\u00a0obdob\u00ed adventu ve\u010der prejdete rozpr\u00e1vkov\u00fdmi lesmi alebo historick\u00fdmi mestami v\u00a0Korut\u00e1nsku, uvid\u00edte slne\u010dn\u00fa stranu \u00c1lp zaliatu jedine\u010dn\u00fdm svetlom. Vo<strong>\u00a0Villachu<\/strong> sa po\u010das adventu roz\u017eiaria tis\u00edce svetielok, ve\u017ea pripom\u00ednaj\u00faca obrovsk\u00fa svie\u010dku. <strong>Zimn\u00fd z\u00e1zra\u010dn\u00fd les<\/strong> pred\u00a0hotelom Parkhotel v\u00e1s vtiahne do\u00a0svojej o\u010daruj\u00facej atmosf\u00e9ry a kor\u010duliari si pr\u00eddu na\u00a0svoje na\u00a0kor\u010duliarskej ar\u00e9ne pod\u00a0hol\u00fdm nebom. Po\u010das viano\u010dn\u00e9ho obdobia by ste si ur\u010dite nemali necha\u0165 ujs\u0165 ani <strong>Velden<\/strong>: Pl\u00e1vaj\u00faci adventn\u00fd veniec, u\u017e z\u010faleka vidite\u013en\u00fd symbol adventu vo\u00a0Veldene, vy\u010dar\u00fava svetlo a\u00a0teplo v\u00a0srdciach nespo\u010detn\u00fdch n\u00e1v\u0161tevn\u00edkov v\u00a0\u010dase adventu prich\u00e1dzaj\u00facich zbl\u00edzka i z\u010faleka. Umeleck\u00e9 sveteln\u00e9 in\u0161tal\u00e1cie sprev\u00e1dzaj\u00fa in\u0161pirat\u00edvne putovanie po\u00a0<strong>\u201eMillst\u00e4tterskej adventnej svetelnej ceste\u201c <\/strong>s\u00a0jedin\u00fdm cie\u013eom n\u00e1js\u0165 na\u00a0konci to najd\u00f4le\u017eitej\u0161ie: seba sam\u00e9ho. Do rozpr\u00e1vkov\u00e9ho z\u00e1\u017eitku s\u00fa vtiahnut\u00ed aj t\u00ed najmen\u0161\u00ed, na\u00a0ktor\u00fdch \u010dak\u00e1 v\u00a0op\u00e1tstve <strong>Millstatt <\/strong>hovoriaci rozpr\u00e1vkov\u00fd strom. K\u00a0\u010fal\u0161\u00edm atrakci\u00e1m v\u00a0adventnom obdob\u00ed patr\u00ed napr\u00edklad ly\u017eiarsky a\u00a0k\u00fape\u013en\u00fd advent v\u00a0<strong>Bad Kleinkirchheime<\/strong>, <strong>horsk\u00fd advent v\u00a0obci Mallnitz<\/strong>, <strong>Katschbersk\u00fd adventn\u00fd chodn\u00edk<\/strong> alebo advent nad\u00a0oblakmi na\u00a0osvetlenej vyhliadkovej ve\u017ei <strong>Pyramidenkogel<\/strong>:<\/p>\n<p>Fotografia na titulke:<\/p>\n<p>\u00a9Michael STABENTHEINER Region Villach NachtVillach<\/p>\n","protected":false},"excerpt":{"rendered":"<p>Ke\u010f do\u00a0Korut\u00e1nska zav\u00edta noc, preb\u00fadza sa svet pln\u00fd nezabudnute\u013en\u00fdch z\u00e1\u017eitkov. Pod\u00a0jagavou hviezdnou oblohou a\u00a0za\u00a0romantick\u00e9ho svitu mesiaca m\u00f4\u017eu mal\u00ed aj ve\u013ek\u00ed n\u00e1v\u0161tevn\u00edci za\u017ei\u0165 chv\u00edle, ktor\u00e9 oslovia v\u0161etky zmysly a\u00a0nav\u017edy sa zap\u00ed\u0161u do\u00a0ich pam\u00e4te. V\u00a0no\u010dnom tichu pr\u00edroda ukazuje svoju e\u0161te fascinuj\u00facej\u0161iu str\u00e1nku: Hviezdy na\u00a0oblohe \u017eiaria e\u0161te jasnej\u0161ie, sneh sa trbliece e\u0161te tajuplnej\u0161ie a\u00a0\u010dist\u00fd, chladn\u00fd vzduch e\u0161te intenz\u00edvnej\u0161ie [&hellip;]<\/p>\n","protected":false},"author":7,"featured_media":92798,"comment_status":"closed","ping_status":"closed","sticky":false,"template":"","format":"standard","meta":{"footnotes":""},"categories":[13,11,52,56,50,14],"tags":[],"class_list":["post-92787","post","type-post","status-publish","format-standard","has-post-thumbnail","hentry","category-real-estate","category-news","category-outdoor","category-priroda","category-radim-vam","category-sport","eq-blocks"],"_links":{"self":[{"href":"https:\/\/www.slovaklinesmagazin.sk\/cms\/wp-json\/wp\/v2\/posts\/92787","targetHints":{"allow":["GET"]}}],"collection":[{"href":"https:\/\/www.slovaklinesmagazin.sk\/cms\/wp-json\/wp\/v2\/posts"}],"about":[{"href":"https:\/\/www.slovaklinesmagazin.sk\/cms\/wp-json\/wp\/v2\/types\/post"}],"author":[{"embeddable":true,"href":"https:\/\/www.slovaklinesmagazin.sk\/cms\/wp-json\/wp\/v2\/users\/7"}],"replies":[{"embeddable":true,"href":"https:\/\/www.slovaklinesmagazin.sk\/cms\/wp-json\/wp\/v2\/comments?post=92787"}],"version-history":[{"count":4,"href":"https:\/\/www.slovaklinesmagazin.sk\/cms\/wp-json\/wp\/v2\/posts\/92787\/revisions"}],"predecessor-version":[{"id":92801,"href":"https:\/\/www.slovaklinesmagazin.sk\/cms\/wp-json\/wp\/v2\/posts\/92787\/revisions\/92801"}],"wp:featuredmedia":[{"embeddable":true,"href":"https:\/\/www.slovaklinesmagazin.sk\/cms\/wp-json\/wp\/v2\/media\/92798"}],"wp:attachment":[{"href":"https:\/\/www.slovaklinesmagazin.sk\/cms\/wp-json\/wp\/v2\/media?parent=92787"}],"wp:term":[{"taxonomy":"category","embeddable":true,"href":"https:\/\/www.slovaklinesmagazin.sk\/cms\/wp-json\/wp\/v2\/categories?post=92787"},{"taxonomy":"post_tag","embeddable":true,"href":"https:\/\/www.slovaklinesmagazin.sk\/cms\/wp-json\/wp\/v2\/tags?post=92787"}],"curies":[{"name":"wp","href":"https:\/\/api.w.org\/{rel}","templated":true}]}}