{"id":93087,"date":"2024-02-23T15:24:13","date_gmt":"2024-02-23T13:24:13","guid":{"rendered":"https:\/\/slovaklinesmagazin.sk\/cms\/?p=93087"},"modified":"2024-02-23T16:01:18","modified_gmt":"2024-02-23T14:01:18","slug":"brnianske-vodojemy-zluty-kopec-sa-otvoria-v-celej-svojej-krase","status":"publish","type":"post","link":"https:\/\/www.slovaklinesmagazin.sk\/cms\/2024\/02\/brnianske-vodojemy-zluty-kopec-sa-otvoria-v-celej-svojej-krase\/","title":{"rendered":"Brnianske Vodojemy \u017dlut\u00fd kopec sa otvoria v\u00a0celej svojej kr\u00e1se!"},"content":{"rendered":"<p><strong>Tret\u00ed mesiac v roku, tri vodojemy, tri dni! M\u00e1gia Vodojemov \u017dlut\u00fd kopec pritiahla od ich otvorenia tis\u00edce n\u00e1v\u0161tevn\u00edkov. V\u0161etky tri n\u00e1dr\u017ee aj s n\u00e1v\u0161tevn\u00edckym centrom a revitalizovan\u00fdm parkom sa verejnosti otvoria na Svetov\u00fd de\u0148 vody, 22. marca 2024. Ofici\u00e1lne otvorenie za pr\u00edtomnosti z\u00e1stupcov mesta Brna prebehne 21. marca. Cel\u00fd nasleduj\u00faci v\u00edkend bud\u00fa n\u00e1v\u0161tevn\u00edkov \u010daka\u0165 p\u00f4sobiv\u00e9 audiovizu\u00e1lne in\u0161tal\u00e1cie.<\/strong><\/p>\n<p style=\"text-align: center;\"><img loading=\"lazy\" decoding=\"async\" class=\"aligncenter wp-image-93089 size-full\" src=\"https:\/\/slovaklinesmagazin.sk\/cms\/wp-content\/uploads\/2024\/02\/1.-Treti-betonovy-vodojem-Zluty-kopec-Viktor-Macha.jpg\" alt=\"\" width=\"1500\" height=\"1006\" srcset=\"https:\/\/www.slovaklinesmagazin.sk\/cms\/wp-content\/uploads\/2024\/02\/1.-Treti-betonovy-vodojem-Zluty-kopec-Viktor-Macha.jpg 1500w, https:\/\/www.slovaklinesmagazin.sk\/cms\/wp-content\/uploads\/2024\/02\/1.-Treti-betonovy-vodojem-Zluty-kopec-Viktor-Macha-300x201.jpg 300w, https:\/\/www.slovaklinesmagazin.sk\/cms\/wp-content\/uploads\/2024\/02\/1.-Treti-betonovy-vodojem-Zluty-kopec-Viktor-Macha-1024x687.jpg 1024w, https:\/\/www.slovaklinesmagazin.sk\/cms\/wp-content\/uploads\/2024\/02\/1.-Treti-betonovy-vodojem-Zluty-kopec-Viktor-Macha-768x515.jpg 768w, https:\/\/www.slovaklinesmagazin.sk\/cms\/wp-content\/uploads\/2024\/02\/1.-Treti-betonovy-vodojem-Zluty-kopec-Viktor-Macha-600x402.jpg 600w\" sizes=\"auto, (max-width: 1500px) 100vw, 1500px\" \/><\/p>\n<p style=\"text-align: center;\"><em>Tret\u00ed, bet\u00f3nov\u00fd vodojem, \u017dlut\u00fd kopec,\u00a0 foto: Viktor M\u00e1cha<\/em><\/p>\n<p><em>\u201eVodojemy pre\u0161li citlivou rekon\u0161trukciou pod veden\u00edm architekta Davida Prud\u00edka, ktor\u00e1 dva z nich spr\u00edstupnila aj bezbari\u00e9rovo. U\u017e od proviz\u00f3rneho otvorenia prv\u00e9ho z nich v roku 2020 s\u00fa jednou z najd\u00f4le\u017eitej\u0161\u00edch turistick\u00fdch pamiatok Brna a vypredan\u00e9 term\u00edny prehliadok n\u00e1s utvrdzuj\u00fa v tom, \u017ee takmer 150-mili\u00f3nov\u00e1 invest\u00edcia bola zmyslupln\u00e1. Stavebne je are\u00e1l pripraven\u00fd na prev\u00e1dzku, aktu\u00e1lne prebiehaj\u00fa prehliadky v\u0161etk\u00fdch dotknut\u00fdch \u0161t\u00e1tnych org\u00e1nov a \u010dak\u00e1me na kolaud\u00e1ciu objektu,\u201c<\/em> uviedla <strong>prim\u00e1torka mesta Brna, Mark\u00e9ta Va\u0148kov\u00e1.<\/strong><\/p>\n<p><a href=\"https:\/\/www.kudyznudy.cz\/aktivity\/historicke-vodojemy-na-zlutem-kopci-v-brne\"><strong>Vodojemy \u017dlut\u00fd kopec<\/strong><\/a> stavali na posilnenie vodovodnej s\u00fastavy rozrastaj\u00faceho sa Brna v rokoch 1874, 1894 a 1917 a svojmu \u00fa\u010delu sl\u00fa\u017eili a\u017e do roku 1997. Verejnosti sa prv\u00fdkr\u00e1t otvorili v sk\u00fa\u0161obnom re\u017eime v roku 2020 a\u00a0okam\u017eite sa stali Turistickou novinkou roka na webe CzechTourismu Kudy z nudy. A\u017e do marca 2022 si n\u00e1v\u0161tevn\u00edci mohli prezrie\u0165 len jednu z n\u00e1dr\u017e\u00ed, ale i tak boli prehliadky vypredan\u00e9. Na jese\u0148 roku 2022 sa po predch\u00e1dzaj\u00facej rekon\u0161trukcii op\u00e4\u0165 otvoril prv\u00fd vodojem a pridal sa k nemu aj druh\u00fd tehlov\u00fd vodojem, z\u00e1rove\u0148 sa za\u010dali pr\u00e1ce na spr\u00edstupnen\u00ed tretieho bet\u00f3nov\u00e9ho dvojkomorov\u00e9ho vodojemu a na rekon\u0161trukcii b\u00fdval\u00e9ho str\u00e1\u017eneho dom\u010deka. Od prv\u00e9ho otvorenia v roku 2020 ich, napriek prev\u00e1dzkov\u00fdm obmedzeniam, videlo takmer 32 000 n\u00e1v\u0161tevn\u00edkov.<\/p>\n<p style=\"text-align: center;\"><img loading=\"lazy\" decoding=\"async\" class=\"aligncenter wp-image-93090 size-full\" src=\"https:\/\/slovaklinesmagazin.sk\/cms\/wp-content\/uploads\/2024\/02\/3.-Spojovacia-chodba-medzi-prvym-a-tretim-vodojemom-Zluty-kopec-Viktor-Macha.jpg\" alt=\"\" width=\"1500\" height=\"1000\" srcset=\"https:\/\/www.slovaklinesmagazin.sk\/cms\/wp-content\/uploads\/2024\/02\/3.-Spojovacia-chodba-medzi-prvym-a-tretim-vodojemom-Zluty-kopec-Viktor-Macha.jpg 1500w, https:\/\/www.slovaklinesmagazin.sk\/cms\/wp-content\/uploads\/2024\/02\/3.-Spojovacia-chodba-medzi-prvym-a-tretim-vodojemom-Zluty-kopec-Viktor-Macha-300x200.jpg 300w, https:\/\/www.slovaklinesmagazin.sk\/cms\/wp-content\/uploads\/2024\/02\/3.-Spojovacia-chodba-medzi-prvym-a-tretim-vodojemom-Zluty-kopec-Viktor-Macha-1024x683.jpg 1024w, https:\/\/www.slovaklinesmagazin.sk\/cms\/wp-content\/uploads\/2024\/02\/3.-Spojovacia-chodba-medzi-prvym-a-tretim-vodojemom-Zluty-kopec-Viktor-Macha-768x512.jpg 768w, https:\/\/www.slovaklinesmagazin.sk\/cms\/wp-content\/uploads\/2024\/02\/3.-Spojovacia-chodba-medzi-prvym-a-tretim-vodojemom-Zluty-kopec-Viktor-Macha-600x400.jpg 600w\" sizes=\"auto, (max-width: 1500px) 100vw, 1500px\" \/><em>Spojovacia chodba medzi prv\u00fdm a tret\u00edm vodojemom, \u017dlut\u00fd kopec,\u00a0 foto: Viktor M\u00e1cha<\/em><\/p>\n<p><em>\u201eBr\u00e1ny vodojemov otvor\u00edme verejnosti symbolicky na Svetov\u00fd de\u0148 vody, 22. marca. A\u017e do nedele 24. marca sme roz\u0161\u00edrili otv\u00e1raciu dobu a n\u00e1v\u0161tevn\u00edci nielen\u017ee prv\u00fdkr\u00e1t vst\u00fapia do tretieho bet\u00f3nov\u00e9ho vodojemu, ale u\u017eij\u00fa si v\u0161etky priestory inak v\u010faka p\u00f4sobiv\u00fdm audiovizu\u00e1lnym in\u0161tal\u00e1ci\u00e1m. V prvom a druhom tehlovom vodojeme budete m\u00f4c\u0165 za\u017ei\u0165 \u201eochutn\u00e1vku\u201c festivalu PROTOTYP, ktor\u00fd sa uskuto\u010dn\u00ed na jese\u0148. V bet\u00f3novom vodojeme pripravuj\u00fa in\u0161tal\u00e1ciu s n\u00e1zvom Critical Level hudobn\u00ed a medi\u00e1lni umelci Ji\u0159\u00ed Such\u00e1nek a Petr Brad\u00e1\u010dek,\u201d<\/em> l\u00e1ka <strong>Jana Janul\u00edkov\u00e1, riadite\u013eka TIC BRNO.<\/strong> Vstupenky na otv\u00e1rac\u00ed v\u00edkend aj na \u010fal\u0161ie term\u00edny bud\u00fa v predaji od 22. febru\u00e1ra na str\u00e1nke <a href=\"http:\/\/www.vodojemybrno.cz\">www.vodojemybrno.cz<\/a>.<\/p>\n<p style=\"text-align: center;\"><img loading=\"lazy\" decoding=\"async\" class=\"aligncenter size-full wp-image-93091\" src=\"https:\/\/slovaklinesmagazin.sk\/cms\/wp-content\/uploads\/2024\/02\/4.-Navstevnicke-centrum-Vodojemy-Zluty-kopec-Viktor-Macha.jpg\" alt=\"\" width=\"1500\" height=\"1000\" srcset=\"https:\/\/www.slovaklinesmagazin.sk\/cms\/wp-content\/uploads\/2024\/02\/4.-Navstevnicke-centrum-Vodojemy-Zluty-kopec-Viktor-Macha.jpg 1500w, https:\/\/www.slovaklinesmagazin.sk\/cms\/wp-content\/uploads\/2024\/02\/4.-Navstevnicke-centrum-Vodojemy-Zluty-kopec-Viktor-Macha-300x200.jpg 300w, https:\/\/www.slovaklinesmagazin.sk\/cms\/wp-content\/uploads\/2024\/02\/4.-Navstevnicke-centrum-Vodojemy-Zluty-kopec-Viktor-Macha-1024x683.jpg 1024w, https:\/\/www.slovaklinesmagazin.sk\/cms\/wp-content\/uploads\/2024\/02\/4.-Navstevnicke-centrum-Vodojemy-Zluty-kopec-Viktor-Macha-768x512.jpg 768w, https:\/\/www.slovaklinesmagazin.sk\/cms\/wp-content\/uploads\/2024\/02\/4.-Navstevnicke-centrum-Vodojemy-Zluty-kopec-Viktor-Macha-600x400.jpg 600w\" sizes=\"auto, (max-width: 1500px) 100vw, 1500px\" \/><em>N\u00e1v\u0161tevn\u00edcke centrum, Vodojemy \u017dlut\u00fd kopec,\u00a0 foto: Viktor M\u00e1cha<\/em><\/p>\n<p>V r\u00e1mci rekon\u0161trukcie bol rozobran\u00fd a znovu postaven\u00fd b\u00fdval\u00fd dom\u010dek pre str\u00e1\u017enika, ktor\u00fd bude sl\u00fa\u017ei\u0165 ako n\u00e1v\u0161tevn\u00edcke centrum. Tu n\u00e1jdete v\u0161etky inform\u00e1cie, pokladne, toalety, posedenie i v\u00fd\u0165ah. Ten \u00fasti do prv\u00e9ho tehlov\u00e9ho vodojemu, ktor\u00fd bol podzemnou chodbou prepojen\u00fd s tret\u00edm bet\u00f3nov\u00fdm vodojemom, a umo\u017e\u0148uje tak vstup do t\u00fdchto dvoch n\u00e1dr\u017e\u00ed aj \u013eu\u010fom s pohybov\u00fdm obmedzen\u00edm. Nad vodojemami vznikol aj nov\u00fd, vo\u013ene pr\u00edstupn\u00fd verejn\u00fd park.<\/p>\n<p style=\"text-align: center;\"><img loading=\"lazy\" decoding=\"async\" class=\"aligncenter size-full wp-image-93092\" src=\"https:\/\/slovaklinesmagazin.sk\/cms\/wp-content\/uploads\/2024\/02\/5.-Prvy-tehlovy-vodojem-Vodojemy-Zluty-kopec-Viktor-Macha.jpg\" alt=\"\" width=\"1500\" height=\"1097\" srcset=\"https:\/\/www.slovaklinesmagazin.sk\/cms\/wp-content\/uploads\/2024\/02\/5.-Prvy-tehlovy-vodojem-Vodojemy-Zluty-kopec-Viktor-Macha.jpg 1500w, https:\/\/www.slovaklinesmagazin.sk\/cms\/wp-content\/uploads\/2024\/02\/5.-Prvy-tehlovy-vodojem-Vodojemy-Zluty-kopec-Viktor-Macha-300x219.jpg 300w, https:\/\/www.slovaklinesmagazin.sk\/cms\/wp-content\/uploads\/2024\/02\/5.-Prvy-tehlovy-vodojem-Vodojemy-Zluty-kopec-Viktor-Macha-1024x749.jpg 1024w, https:\/\/www.slovaklinesmagazin.sk\/cms\/wp-content\/uploads\/2024\/02\/5.-Prvy-tehlovy-vodojem-Vodojemy-Zluty-kopec-Viktor-Macha-768x562.jpg 768w, https:\/\/www.slovaklinesmagazin.sk\/cms\/wp-content\/uploads\/2024\/02\/5.-Prvy-tehlovy-vodojem-Vodojemy-Zluty-kopec-Viktor-Macha-600x439.jpg 600w\" sizes=\"auto, (max-width: 1500px) 100vw, 1500px\" \/><em>Prv\u00fd tehlov\u00fd vodojem, Vodojemy \u017dlut\u00fd kopec, foto: Viktor M\u00e1cha<\/em><\/p>\n<p>Od marca sa bude re\u017eim vo vodojemoch meni\u0165, v\u010faka rekon\u0161trukci\u00e1m sa toti\u017e limit po\u010dtu n\u00e1v\u0161tevn\u00edkov nav\u00fd\u0161il. T\u00ed sem bud\u00fa m\u00f4c\u0165 z\u00e1js\u0165 <strong>od stredy do nedele <\/strong>v otv\u00e1racej dobe<strong> od 10:00 do 18:00 hod. <\/strong>Bud\u00fa si tie\u017e m\u00f4c\u0165 vybra\u0165, \u010di chc\u00fa absolvova\u0165 prehliadku so sprievodcom alebo bez, pr\u00edpadne m\u00f4\u017eu vyu\u017ei\u0165 ponuky audiosprievodcov \u010di informa\u010dn\u00fdch bro\u017e\u00far v nieko\u013ek\u00fdch jazykoch. Rezerv\u00e1cia a zak\u00fapenie vstupeniek bud\u00fa mo\u017en\u00e9 online, v infocentr\u00e1ch TIC BRNO i priamo na mieste.<\/p>\n<p>Viac na: <a href=\"http:\/\/www.vodojemybrno.cz\">www.vodojemybrno.cz<\/a><\/p>\n<p><em>Fotografia na titulke: Druh\u00fd tehlov\u00fd vodojem, Vodojemy \u017dlut\u00fd kopec,\u00a0 foto: Viktor M\u00e1cha<\/em><\/p>\n<p style=\"text-align: center;\"><img loading=\"lazy\" decoding=\"async\" class=\"aligncenter size-full wp-image-93093\" src=\"https:\/\/slovaklinesmagazin.sk\/cms\/wp-content\/uploads\/2024\/02\/7.-Treti-betonovy-vodojem-Vodojemy-Zluty-kopec-Viktor-Macha.jpg\" alt=\"\" width=\"1500\" height=\"914\" srcset=\"https:\/\/www.slovaklinesmagazin.sk\/cms\/wp-content\/uploads\/2024\/02\/7.-Treti-betonovy-vodojem-Vodojemy-Zluty-kopec-Viktor-Macha.jpg 1500w, https:\/\/www.slovaklinesmagazin.sk\/cms\/wp-content\/uploads\/2024\/02\/7.-Treti-betonovy-vodojem-Vodojemy-Zluty-kopec-Viktor-Macha-300x183.jpg 300w, https:\/\/www.slovaklinesmagazin.sk\/cms\/wp-content\/uploads\/2024\/02\/7.-Treti-betonovy-vodojem-Vodojemy-Zluty-kopec-Viktor-Macha-1024x624.jpg 1024w, https:\/\/www.slovaklinesmagazin.sk\/cms\/wp-content\/uploads\/2024\/02\/7.-Treti-betonovy-vodojem-Vodojemy-Zluty-kopec-Viktor-Macha-768x468.jpg 768w, https:\/\/www.slovaklinesmagazin.sk\/cms\/wp-content\/uploads\/2024\/02\/7.-Treti-betonovy-vodojem-Vodojemy-Zluty-kopec-Viktor-Macha-600x366.jpg 600w\" sizes=\"auto, (max-width: 1500px) 100vw, 1500px\" \/><em>Tret\u00ed, bet\u00f3nov\u00fd vodojem, Vodojemy \u017dlut\u00fd kopec,\u00a0 foto: Viktor M\u00e1cha<\/em><\/p>\n","protected":false},"excerpt":{"rendered":"<p>Tret\u00ed mesiac v roku, tri vodojemy, tri dni! M\u00e1gia Vodojemov \u017dlut\u00fd kopec pritiahla od ich otvorenia tis\u00edce n\u00e1v\u0161tevn\u00edkov. V\u0161etky tri n\u00e1dr\u017ee aj s n\u00e1v\u0161tevn\u00edckym centrom a revitalizovan\u00fdm parkom sa verejnosti otvoria na Svetov\u00fd de\u0148 vody, 22. marca 2024. Ofici\u00e1lne otvorenie za pr\u00edtomnosti z\u00e1stupcov mesta Brna prebehne 21. marca. Cel\u00fd nasleduj\u00faci v\u00edkend bud\u00fa n\u00e1v\u0161tevn\u00edkov \u010daka\u0165 p\u00f4sobiv\u00e9 [&hellip;]<\/p>\n","protected":false},"author":7,"featured_media":93088,"comment_status":"closed","ping_status":"closed","sticky":false,"template":"","format":"standard","meta":{"footnotes":""},"categories":[58,45,321],"tags":[1104,1103],"class_list":["post-93087","post","type-post","status-publish","format-standard","has-post-thumbnail","hentry","category-architektura","category-nas-tip","category-tlacova-sprava","tag-brno-zlty-kopec","tag-vodojem","eq-blocks"],"_links":{"self":[{"href":"https:\/\/www.slovaklinesmagazin.sk\/cms\/wp-json\/wp\/v2\/posts\/93087","targetHints":{"allow":["GET"]}}],"collection":[{"href":"https:\/\/www.slovaklinesmagazin.sk\/cms\/wp-json\/wp\/v2\/posts"}],"about":[{"href":"https:\/\/www.slovaklinesmagazin.sk\/cms\/wp-json\/wp\/v2\/types\/post"}],"author":[{"embeddable":true,"href":"https:\/\/www.slovaklinesmagazin.sk\/cms\/wp-json\/wp\/v2\/users\/7"}],"replies":[{"embeddable":true,"href":"https:\/\/www.slovaklinesmagazin.sk\/cms\/wp-json\/wp\/v2\/comments?post=93087"}],"version-history":[{"count":3,"href":"https:\/\/www.slovaklinesmagazin.sk\/cms\/wp-json\/wp\/v2\/posts\/93087\/revisions"}],"predecessor-version":[{"id":93096,"href":"https:\/\/www.slovaklinesmagazin.sk\/cms\/wp-json\/wp\/v2\/posts\/93087\/revisions\/93096"}],"wp:featuredmedia":[{"embeddable":true,"href":"https:\/\/www.slovaklinesmagazin.sk\/cms\/wp-json\/wp\/v2\/media\/93088"}],"wp:attachment":[{"href":"https:\/\/www.slovaklinesmagazin.sk\/cms\/wp-json\/wp\/v2\/media?parent=93087"}],"wp:term":[{"taxonomy":"category","embeddable":true,"href":"https:\/\/www.slovaklinesmagazin.sk\/cms\/wp-json\/wp\/v2\/categories?post=93087"},{"taxonomy":"post_tag","embeddable":true,"href":"https:\/\/www.slovaklinesmagazin.sk\/cms\/wp-json\/wp\/v2\/tags?post=93087"}],"curies":[{"name":"wp","href":"https:\/\/api.w.org\/{rel}","templated":true}]}}