{"id":93262,"date":"2024-04-26T09:05:31","date_gmt":"2024-04-26T07:05:31","guid":{"rendered":"https:\/\/slovaklinesmagazin.sk\/cms\/?p=93262"},"modified":"2024-04-29T01:42:16","modified_gmt":"2024-04-28T23:42:16","slug":"investujte-do-planety","status":"publish","type":"post","link":"https:\/\/www.slovaklinesmagazin.sk\/cms\/2024\/04\/investujte-do-planety\/","title":{"rendered":"Investujte do plan\u00e9ty"},"content":{"rendered":"<p>V\u00fdzvy k v\u00e4\u010d\u0161ej zodpovednosti za stav na\u0161ej plan\u00e9ty po\u010d\u00favame zo v\u0161etk\u00fdch str\u00e1n. Je potrebn\u00e9 e\u0161te viac investova\u0165 do obnovite\u013en\u00fdch zdrojov, recykl\u00e1cie odpadu, ochrany biodiverzity, zni\u017eovania emisi\u00ed sklen\u00edkov\u00fdch plynov a podpory environment\u00e1lnej v\u00fdchovy a osvety.<!--more--><\/p>\n<p>V\u00a0pondelok sme si pripomenuli De\u0148 zeme a\u00a0to je v\u017edy dobr\u00e1 pr\u00edle\u017eitos\u0165 zamyslie\u0165 sa, \u010di rob\u00edme naozaj dos\u0165 pre ochranu na\u0161ej plan\u00e9ty. V tento de\u0148 sa konaj\u00fa r\u00f4zne podujatia, ktor\u00e9 maj\u00fa za cie\u013e ochranu pr\u00edrody a zlep\u0161enie \u017eivotn\u00e9ho prostredia, zve\u013ea\u010fovanie zelene, \u010di informovanos\u0165 o\u00a0procesoch zameran\u00fdch na recykl\u00e1ciu.<\/p>\n<p>V aktivit\u00e1ch, ktor\u00e9 si pripom\u00edname 22.apr\u00edla by sme v\u0161ak mali pokra\u010dova\u0165 po\u010das cel\u00e9ho roka, preto\u017ee ide o na\u0161e \u017eivotn\u00e9 prostredie, n\u00e1\u0161 vzduch, ktor\u00fd d\u00fdchame, na\u0161u vodu, ktor\u00fa pijeme a\u00a0\u017eivotn\u00e9 prostredie, ktor\u00e9 udr\u017euje v rovnov\u00e1he pr\u00edrodu a\u00a0t\u00fdm aj \u017eivot na zemi.<\/p>\n<p>Do programu sa m\u00f4\u017eete zapoji\u0165 r\u00f4znymi sp\u00f4sobmi. Prispie\u0165 k ochrane Zeme m\u00f4\u017eete prostredn\u00edctvom dobrovo\u013en\u00edckych aktiv\u00edt, ktor\u00e9 sa konaj\u00fa na celom svete, no zapoji\u0165 sa m\u00f4\u017eete aj tak, \u017ee nebudete zbyto\u010dne produkova\u0165 odpad, \u0161peci\u00e1lne ten elektronick\u00fd.<\/p>\n<p>Je ve\u013ea ciest, ako zn\u00ed\u017ei\u0165 mno\u017estvo elektro odpadu. Be\u017ene napr\u00edklad pou\u017e\u00edvame notebook len zhruba 3 roky a\u00a0potom sa ho sna\u017e\u00edme r\u00fdchlo vymeni\u0165 za nov\u00fd, v\u00fdkonnej\u0161\u00ed. Star\u00fd u\u017e predsa len nem\u00e1 ten v\u00fdkon, ktor\u00fd by sme o\u010dak\u00e1vali, je hlu\u010dn\u00fd a\u00a0baterka ni\u010d moc nevydr\u017e\u00ed. Nepr\u00edde v\u00e1m toto ako obrovsk\u00e9 plytvanie? V\u00e1\u0161 notebook sa predsa d\u00e1 ve\u013emi jednoducho vylep\u0161i\u0165, aby mal op\u00e4\u0165 dobr\u00fd v\u00fdkon a\u00a0mohol fungova\u0165 e\u0161te aspo\u0148 \u010fal\u0161ie 2-3 roky!<\/p>\n<p>V\u00fdmenou disku za nov\u0161\u00ed napr. nielen \u017ee zv\u00e4\u010d\u0161\u00edte \u00falo\u017eisko pre d\u00e1ta, ale m\u00f4\u017eete aj cite\u013ene zr\u00fdchlite \u0161tart a\u00a0chod cel\u00e9ho syst\u00e9mu \u2013 ak si teda zvol\u00edte r\u00fdchly disk (napr. NVMe SSD <a href=\"http:\/\/www.kingston.com\">Kingston<\/a> KC3000 dok\u00e1\u017ee d\u00e1ta \u010d\u00edta\u0165 a\u00a0zapisova\u0165 r\u00fdchlos\u0165ou a\u017e 7 000 MB\/s). Je to ve\u013emi jednoduch\u00fd a\u00a0 u\u017eito\u010dn\u00fd upgrade, ktor\u00fd je aj cenovo v\u00fdhodn\u00fd (1 TB naozaj v\u00fdkonn\u00fd disk stoj\u00ed cca 70\u20ac).<\/p>\n<p>Pref\u00faknut\u00edm rebier chladi\u010dov s\u00a0vyu\u017eit\u00edm stla\u010den\u00e9ho vzduchu uvo\u013en\u00edte pr\u00fadenie vzduchu vo vn\u00fatri po\u010d\u00edta\u010dov, zlep\u0161\u00edte chladenie a\u00a0zn\u00ed\u017eite hlu\u010dnos\u0165 chladiacich ventil\u00e1torov. Zn\u00ed\u017ei sa t\u00fdm aj spotreba, preto\u017ee bud\u00fa be\u017ea\u0165 na men\u0161\u00edch ot\u00e1\u010dkach, no ich \u00fa\u010dinnos\u0165 bude ove\u013ea vy\u0161\u0161ia. A ke\u010f v\u00e1m pr\u00edp. v\u00a0servise po vy\u010disten\u00ed vymenia aj chladiacu pastu na CPU\/GPU a\u00a0 vymenia bat\u00e9riu v\u00a0notebooku za nov\u00fa, m\u00e1te takmer nov\u00fd po\u010d\u00edta\u010d!<\/p>\n<p>Zv\u00fd\u0161i\u0165 plynul\u00fd chod, zv\u00fd\u0161i\u0165 celkov\u00fa r\u00fdchlos\u0165 a\u00a0odozvu syst\u00e9mu, no tie\u017e zn\u00ed\u017ei\u0165 trochu spotrebu a\u00a0v\u00fddr\u017e bat\u00e9rie m\u00f4\u017eete aj pri upgrade RAM. Viac pam\u00e4te v\u00e1m dovol\u00ed ma\u0165 otvoren\u00fdch viac z\u00e1lo\u017eiek (kariet) v\u00a0prehliada\u010di, ma\u0165 otvoren\u00fdch s\u00fa\u010dasne viac aplik\u00e1ci\u00ed (multitasking) a\u00a0v\u00a0neposlednom rade r\u00fdchlej\u0161ie otv\u00e1ra\u0165 ve\u013ek\u00e9 s\u00fabory, \u010di upravova\u0165 fotografie, alebo zv\u00fd\u0161i\u0165 po\u010det FPS vo va\u0161ich hr\u00e1ch. Upgrade RAM z\u00a08 na minim\u00e1lne 16 a\u017e 32 GB je dnes d\u00e1 sa poveda\u0165 \u201epovinn\u00fd\u201c ke\u010f chcete naozaj dobr\u00fd v\u00fdkon pre plynul\u00fa pr\u00e1cu.<\/p>\n<hr \/>\n<h2 style=\"text-align: center;\"><strong>Upgradujeme st\u00e1le m\u00e1lo, ale&#8230;<\/strong><\/h2>\n<hr \/>\n<p>Ned\u00e1vny prieskum medzi \u010ditate\u013emi <a href=\"https:\/\/indian-tv.cz\/\">Indian-TV<\/a> (\u010cR) a\u00a0<a href=\"http:\/\/www.sector.sk\">Sector<\/a> (SR) odhalil, \u017ee svoj po\u010d\u00edta\u010d nikdy neupgraduje alebo rovno vymie\u0148a za nov\u00fd a\u017e zhruba 15% respondentov. Len tretina zo 4500 respondentov v s\u00fa\u010dasnosti akt\u00edvne upgraduje svoj po\u010d\u00edta\u010d a zvy\u0161n\u00fdch 65% to st\u00e1le e\u0161te zva\u017euje.<\/p>\n<p>Prieskum tak potvrdil d\u00e1ta z predajov u\u00a0zna\u010dky Kingston, kde sa v\u00a0roku 2023 v\u00a0\u010cR a\u00a0SR prv\u00fd kr\u00e1t predalo v\u00fdrazne viac NVMe diskov ako SATA SSD (64:36, v roku 2022 dominovali SATA SSD s\u00a02\/3 podielom). Prv\u00e9 mesiace 2024 ukazuj\u00fa, \u017ee sa t\u00e1to priepas\u0165 bude e\u0161te prehlbova\u0165 (aktu\u00e1lny pomer je 70:30 v\u00a0prospech NVMe). Je to pochopite\u013en\u00e9, preto\u017ee cenov\u00fd rozdiel medzi t\u00fdmito diskami je minim\u00e1lny (v z\u00e1kladn\u00fdch modeloch len 1-2\u20ac), no rozdiely vo v\u00fdkone s\u00fa obrovsk\u00e9 (SATA u\u017e d\u00e1vno narazilo na r\u00fdchlostn\u00fd limit) a preto ak je to mo\u017en\u00e9, z\u00e1kazn\u00edci rad\u0161ej uprednostnia \u010dasto aj 20\u00d7 v\u00fdkonnej\u0161ie NVMe disky. Ve\u013ek\u00e9 r\u00fdchle disky s\u00fa dnes aj cenovo dostupnej\u0161ie.<\/p>\n<p>Spom\u00ednan\u00fd prieskum uk\u00e1zal, \u017ee sa \u0161tandardom st\u00e1vaj\u00fa po\u010d\u00edta\u010de s\u00a0minim\u00e1lne 16 GB (46%)\u00a0 a\u017e 32 GB pam\u00e4\u0165ou RAM (37%). Dominantn\u00e9 s\u00fa u\u00a0pou\u017e\u00edvate\u013eov st\u00e1le DDR4 pam\u00e4te, ktor\u00e9 sa minul\u00fd rok podie\u013eali a\u017e 80% na celkov\u00fdch predajoch. \u013dudia vyu\u017e\u00edvali prudk\u00fd pokles cien v\u00a0minulom roku najm\u00e4 na upgrade svojich star\u0161\u00edch zost\u00e1v. Predaje DDR5 v\u0161ak ka\u017ed\u00fdm rokom rast\u00fa a\u00a0dnes tvoria zhruba 20% z\u00a0celkov\u00e9ho objemu predajov na na\u0161om trhu.<\/p>\n<hr \/>\n<h2 style=\"text-align: center;\"><strong>Myslite viac EKO<\/strong><\/h2>\n<hr \/>\n<p>Pokia\u013e potrebujete zv\u00fd\u0161i\u0165 v\u00fdkon v\u00e1\u0161ho po\u010d\u00edta\u010da, UPGRADE pam\u00e4te a disku je ur\u010dite spr\u00e1vna cesta ako s relat\u00edvne men\u0161ou invest\u00edciou zv\u00fd\u0161i\u0165 celkov\u00fd v\u00fdkon. St\u00e1le m\u00f4\u017eete za zlomok ceny nov\u00e9ho zv\u00fd\u0161i\u0165 v\u00fdkon v\u00e1\u0161ho aktu\u00e1lneho po\u010d\u00edta\u010da, ktor\u00fd m\u00f4\u017eete vyu\u017e\u00edva\u0165 \u010fal\u0161ie minim\u00e1lne 2-3 roky. Pr\u00edpadne porozm\u00fd\u0161\u013eajte, \u010di v\u00e1m namiesto k\u00fapy nov\u00e9ho nesta\u010d\u00ed k\u00fapa repasovan\u00e9ho za v\u00fdhodnej\u0161iu cenu. Je to nielen <strong>EKO<\/strong>nomick\u00e9, ale ak <strong>EKO<\/strong>logick\u00e9. Myslite trochu na na\u0161u plan\u00e9tu a\u00a0\u017eivotn\u00e9 prostredie. Pr\u00e1ve pred\u013a\u017eenie \u017eivotn\u00e9ho cyklu produktov m\u00f4\u017ee by\u0165 skvel\u00fdm sp\u00f4sobom ako zn\u00ed\u017ei\u0165 uhl\u00edkov\u00fa stopu vo va\u0161ej firme alebo dom\u00e1cnosti, zn\u00ed\u017ei\u0165 mno\u017estvo elektro odpadu a\u00a0nevyprodukova\u0165 zbyto\u010dne CO2.<\/p>\n","protected":false},"excerpt":{"rendered":"<p>V\u00fdzvy k v\u00e4\u010d\u0161ej zodpovednosti za stav na\u0161ej plan\u00e9ty po\u010d\u00favame zo v\u0161etk\u00fdch str\u00e1n. Je potrebn\u00e9 e\u0161te viac investova\u0165 do obnovite\u013en\u00fdch zdrojov, recykl\u00e1cie odpadu, ochrany biodiverzity, zni\u017eovania emisi\u00ed sklen\u00edkov\u00fdch plynov a podpory environment\u00e1lnej v\u00fdchovy a osvety.<\/p>\n","protected":false},"author":8,"featured_media":91934,"comment_status":"closed","ping_status":"closed","sticky":false,"template":"","format":"standard","meta":{"footnotes":""},"categories":[9],"tags":[],"class_list":["post-93262","post","type-post","status-publish","format-standard","has-post-thumbnail","hentry","category-lifestyle","eq-blocks"],"_links":{"self":[{"href":"https:\/\/www.slovaklinesmagazin.sk\/cms\/wp-json\/wp\/v2\/posts\/93262","targetHints":{"allow":["GET"]}}],"collection":[{"href":"https:\/\/www.slovaklinesmagazin.sk\/cms\/wp-json\/wp\/v2\/posts"}],"about":[{"href":"https:\/\/www.slovaklinesmagazin.sk\/cms\/wp-json\/wp\/v2\/types\/post"}],"author":[{"embeddable":true,"href":"https:\/\/www.slovaklinesmagazin.sk\/cms\/wp-json\/wp\/v2\/users\/8"}],"replies":[{"embeddable":true,"href":"https:\/\/www.slovaklinesmagazin.sk\/cms\/wp-json\/wp\/v2\/comments?post=93262"}],"version-history":[{"count":1,"href":"https:\/\/www.slovaklinesmagazin.sk\/cms\/wp-json\/wp\/v2\/posts\/93262\/revisions"}],"predecessor-version":[{"id":93264,"href":"https:\/\/www.slovaklinesmagazin.sk\/cms\/wp-json\/wp\/v2\/posts\/93262\/revisions\/93264"}],"wp:featuredmedia":[{"embeddable":true,"href":"https:\/\/www.slovaklinesmagazin.sk\/cms\/wp-json\/wp\/v2\/media\/91934"}],"wp:attachment":[{"href":"https:\/\/www.slovaklinesmagazin.sk\/cms\/wp-json\/wp\/v2\/media?parent=93262"}],"wp:term":[{"taxonomy":"category","embeddable":true,"href":"https:\/\/www.slovaklinesmagazin.sk\/cms\/wp-json\/wp\/v2\/categories?post=93262"},{"taxonomy":"post_tag","embeddable":true,"href":"https:\/\/www.slovaklinesmagazin.sk\/cms\/wp-json\/wp\/v2\/tags?post=93262"}],"curies":[{"name":"wp","href":"https:\/\/api.w.org\/{rel}","templated":true}]}}