{"id":93294,"date":"2024-05-15T10:30:36","date_gmt":"2024-05-15T08:30:36","guid":{"rendered":"https:\/\/slovaklinesmagazin.sk\/cms\/?p=93294"},"modified":"2024-05-15T10:30:36","modified_gmt":"2024-05-15T08:30:36","slug":"vystava-muzi-a-zeny-v-banictve","status":"publish","type":"post","link":"https:\/\/www.slovaklinesmagazin.sk\/cms\/2024\/05\/vystava-muzi-a-zeny-v-banictve\/","title":{"rendered":"V\u00fdstava Mu\u017ei a \u017eeny v ban\u00edctve"},"content":{"rendered":"<p><em>Fotografick\u00e9 putovanie za na\u0161ou spolo\u010dnou kult\u00farnou identitou<\/em><\/p>\n<p>&nbsp;<\/p>\n<p>S pote\u0161en\u00edm v\u00e1m predstavujeme\u00a0 putovn\u00fa v\u00fdstavu historick\u00fdch fotografi\u00ed, ktor\u00fa organizuje Feder\u00e1cia eur\u00f3pskych bansk\u00fdch ciest sv\u00e4tej Barbory, MINES.B, ktorej \u010dlenom sa 21. decembra 2023 stalo aj ob\u010dianske zdru\u017eenie Bansk\u00fd Regi\u00f3n \u2013 Terra Montanae, ktor\u00e9 sa star\u00e1 o Barborsk\u00fa cestu.<\/p>\n<p>&nbsp;<\/p>\n<p>Cie\u013eom v\u00fdstavy je vyrozpr\u00e1va\u0165 pr\u00edbehy mu\u017eov, \u017eien a det\u00ed, ktor\u00ed pracovali v baniach. Na\u0161ou snahou je uchova\u0165 a pripomen\u00fa\u0165 si spomienku na t\u00fdchto \u013eud\u00ed, ktor\u00ed v\u00fdznamne prispeli k hist\u00f3rii a rozvoju eur\u00f3pskych ban\u00edckych komun\u00edt.<\/p>\n<p style=\"text-align: center;\"><img loading=\"lazy\" decoding=\"async\" class=\"aligncenter size-full wp-image-93296\" src=\"https:\/\/slovaklinesmagazin.sk\/cms\/wp-content\/uploads\/2024\/05\/Vystava_Banska-Bystrica_Cikkerova-Sien.jpg\" alt=\"\" width=\"2048\" height=\"1536\" srcset=\"https:\/\/www.slovaklinesmagazin.sk\/cms\/wp-content\/uploads\/2024\/05\/Vystava_Banska-Bystrica_Cikkerova-Sien.jpg 2048w, https:\/\/www.slovaklinesmagazin.sk\/cms\/wp-content\/uploads\/2024\/05\/Vystava_Banska-Bystrica_Cikkerova-Sien-300x225.jpg 300w, https:\/\/www.slovaklinesmagazin.sk\/cms\/wp-content\/uploads\/2024\/05\/Vystava_Banska-Bystrica_Cikkerova-Sien-1024x768.jpg 1024w, https:\/\/www.slovaklinesmagazin.sk\/cms\/wp-content\/uploads\/2024\/05\/Vystava_Banska-Bystrica_Cikkerova-Sien-768x576.jpg 768w, https:\/\/www.slovaklinesmagazin.sk\/cms\/wp-content\/uploads\/2024\/05\/Vystava_Banska-Bystrica_Cikkerova-Sien-600x450.jpg 600w, https:\/\/www.slovaklinesmagazin.sk\/cms\/wp-content\/uploads\/2024\/05\/Vystava_Banska-Bystrica_Cikkerova-Sien-1536x1152.jpg 1536w\" sizes=\"auto, (max-width: 2048px) 100vw, 2048px\" \/><\/p>\n<p style=\"text-align: center;\"><em>V\u00fdstava, Bansk\u00e1 Bystrica, Cikkerova Sie\u0148<\/em><\/p>\n<p>Je fascinuj\u00face sledova\u0165, ako jednotliv\u00e9 n\u00e1rody, napriek svojmu odli\u0161n\u00e9mu p\u00f4vodu, zdie\u013eaj\u00fa spolo\u010dn\u00fa kult\u00farnu identitu. Jej odhalenie sa sna\u017eia zd\u00f4razni\u0165 a pripomen\u00fa\u0165 vybran\u00e9 fotografie. Prostredn\u00edctvom nich je mo\u017en\u00e9 sledova\u0165 mu\u017eov a \u017eeny, ktor\u00ed pre\u017e\u00edvali rovnak\u00fd z\u00e1pas, rovnak\u00fa pr\u00e1cu a rovnak\u00fa \u00factu k sv\u00e4tej Barbore, univerz\u00e1lnej patr\u00f3nke ban\u00edkov.<\/p>\n<p>Aj v\u010faka odhodlaniu a vytrvalosti t\u00fdchto \u013eud\u00ed s\u00fa dnes mnoh\u00e9 z \u013eudsk\u00fdch pr\u00e1v a pracovn\u00fdch podmienok hmatate\u013enou realitou a zlep\u0161uj\u00fa \u017eivotn\u00e9 podmienky nielen ban\u00edkov, ale v\u0161etk\u00fdch pracuj\u00facich. T\u00e1to v\u00fdstava chce pripomen\u00fa\u0165 aj \u017eeny a deti v baniach, nako\u013eko aj ony zohrali z\u00e1sadn\u00fa \u00falohu a v\u00fdznamne prispeli k ich fungovaniu.<\/p>\n<p>Feder\u00e1cia eur\u00f3pskych bansk\u00fdch ciest sv\u00e4tej Barbory je odhodlan\u00e1 zve\u013ea\u010fova\u0165 bohat\u00e9 ban\u00edcke dedi\u010dstvo prostredn\u00edctvom udr\u017eate\u013en\u00fdch foriem cestovn\u00e9ho ruchu, a tie\u017e zachov\u00e1va\u0165 a zve\u010d\u0148ova\u0165 spomienky na to, \u010d\u00edm sme boli a ako ban\u00edcka minulos\u0165 pom\u00e1hala definova\u0165 identitu a kult\u00faru na\u0161ich komun\u00edt.<\/p>\n<p>\u010clenmi MINES.B s\u00fa:<\/p>\n<p>Comarca Andorra, Sierra de Arcos, \u0160panielsko<\/p>\n<p>Fondazione Cammino Minerario di Santa Barbara, Taliansko<\/p>\n<p>Le Bois du Cazier, Belgicko<\/p>\n<p>Les Sentiers de Grande Randonn\u00e9e \u2013 GR412, Belgicko<\/p>\n<p>Idrija Mercury Heritage Management Centre, Slovinsko<\/p>\n<p>Mission Bassin Minier, Franc\u00fazsko<\/p>\n<p>Bansk\u00fd Regi\u00f3n &#8211; Terra Montanae &#8211; Barborsk\u00e1 cesta, Slovensk\u00e1 republika<\/p>\n<p>V\u00fdstava je putovn\u00e1, jej cesta od\u0161tartovala 25. 4. 2024 v Cikkerovej sieni na Radnici v Banskej Bystrici, na medzin\u00e1rodnej konferencii INCULTUM Ban\u00edcke poklady stredn\u00e9ho Slovenska, n\u00e1sledne bude putova\u0165 po trase Barborskej cesty cez Zvolen (7. &#8211; 16. 5 . 2024, Krajsk\u00e1 kni\u017enica \u013dudov\u00edta \u0160t\u00fara), v Banskej \u0160tiavnici v Gal\u00e9rii Jozefa Koll\u00e1ra na N\u00e1mest\u00ed sv. Trojice 8 od 17.05. 2024 a v Kremnici (30. 5. &#8211; 12. 6. 2024, Mestsk\u00fd \u00farad). N\u00e1sledne sa v\u00fdstava pres\u00fava do Slovinska \u2013 do Idrie, potom do \u0160panielska, Franc\u00fazska, Belgicka. Svoju p\u00fa\u0165 ukon\u010d\u00ed na talianskej Sard\u00ednii koncom roku 2024.<\/p>\n<p>Pri organizovan\u00ed v\u00fdstavy na Slovensku spolupracujeme s OOCR Stredn\u00e9 Slovensko, OOCR regi\u00f3n Bansk\u00e1 \u0160tiavnica, mestom Bansk\u00e1 Bystrica, mestom Zvolen, mestom Kremnica a\u00a0 mestom Bansk\u00e1 \u0160tiavnica.<\/p>\n","protected":false},"excerpt":{"rendered":"<p>Fotografia, v\u00fdstava, <\/p>\n","protected":false},"author":7,"featured_media":93295,"comment_status":"closed","ping_status":"closed","sticky":false,"template":"","format":"standard","meta":{"footnotes":""},"categories":[321,48],"tags":[1112],"class_list":["post-93294","post","type-post","status-publish","format-standard","has-post-thumbnail","hentry","category-tlacova-sprava","category-umenie-a-kultura","tag-banictvo","eq-blocks"],"_links":{"self":[{"href":"https:\/\/www.slovaklinesmagazin.sk\/cms\/wp-json\/wp\/v2\/posts\/93294","targetHints":{"allow":["GET"]}}],"collection":[{"href":"https:\/\/www.slovaklinesmagazin.sk\/cms\/wp-json\/wp\/v2\/posts"}],"about":[{"href":"https:\/\/www.slovaklinesmagazin.sk\/cms\/wp-json\/wp\/v2\/types\/post"}],"author":[{"embeddable":true,"href":"https:\/\/www.slovaklinesmagazin.sk\/cms\/wp-json\/wp\/v2\/users\/7"}],"replies":[{"embeddable":true,"href":"https:\/\/www.slovaklinesmagazin.sk\/cms\/wp-json\/wp\/v2\/comments?post=93294"}],"version-history":[{"count":1,"href":"https:\/\/www.slovaklinesmagazin.sk\/cms\/wp-json\/wp\/v2\/posts\/93294\/revisions"}],"predecessor-version":[{"id":93297,"href":"https:\/\/www.slovaklinesmagazin.sk\/cms\/wp-json\/wp\/v2\/posts\/93294\/revisions\/93297"}],"wp:featuredmedia":[{"embeddable":true,"href":"https:\/\/www.slovaklinesmagazin.sk\/cms\/wp-json\/wp\/v2\/media\/93295"}],"wp:attachment":[{"href":"https:\/\/www.slovaklinesmagazin.sk\/cms\/wp-json\/wp\/v2\/media?parent=93294"}],"wp:term":[{"taxonomy":"category","embeddable":true,"href":"https:\/\/www.slovaklinesmagazin.sk\/cms\/wp-json\/wp\/v2\/categories?post=93294"},{"taxonomy":"post_tag","embeddable":true,"href":"https:\/\/www.slovaklinesmagazin.sk\/cms\/wp-json\/wp\/v2\/tags?post=93294"}],"curies":[{"name":"wp","href":"https:\/\/api.w.org\/{rel}","templated":true}]}}