{"id":93485,"date":"2024-09-25T07:04:51","date_gmt":"2024-09-25T05:04:51","guid":{"rendered":"https:\/\/slovaklinesmagazin.sk\/cms\/?p=93485"},"modified":"2024-09-25T07:04:51","modified_gmt":"2024-09-25T05:04:51","slug":"priamym-letom-na-madeiru-prvy-let-do-funchalu-startuje-z-bratislavy","status":"publish","type":"post","link":"https:\/\/www.slovaklinesmagazin.sk\/cms\/2024\/09\/priamym-letom-na-madeiru-prvy-let-do-funchalu-startuje-z-bratislavy\/","title":{"rendered":"Priamym letom na Madeiru. Prv\u00fd let do Funchalu \u0161tartuje z Bratislavy"},"content":{"rendered":"<p><strong>Z bratislavsk\u00e9ho letiska dnes odleteli prv\u00ed cestuj\u00faci na portugalsk\u00fd ostrov Madeira. Na sl\u00e1vnostnom otvoren\u00ed historicky prv\u00e9ho priameho spojenia do Funchalu sa z\u00fa\u010dastnili z\u00e1stupcovia Letiska M. R. \u0160tef\u00e1nika Bratislava a cestovnej kancel\u00e1rie \u010cedok, ktor\u00e1 t\u00fato nov\u00fa destin\u00e1ciu zaradila do svojej ponuky a roz\u0161\u00edrila tak letn\u00fa sez\u00f3nu o \u010fal\u0161iu ob\u013e\u00faben\u00fa lokalitu. Cestuj\u00faci sa po pribli\u017ene \u0161tyri a pol hodinovom lete na palube Smartwings m\u00f4\u017eu te\u0161i\u0165 na kilometre lev\u00e1d, malebn\u00e9 dedinky, nespo\u010detn\u00e9 mno\u017estvo vodop\u00e1dov a vynikaj\u00facu portugalsk\u00fa kuchy\u0148u. Cestuj\u00faci si m\u00f4\u017eu napl\u00e1nova\u0165 cestu na ostrov kvetov v Atlantiku u\u017e t\u00fato jese\u0148 a vyu\u017ei\u0165 utorkov\u00e9 nonstop odlety z Bratislavy. Priame charterov\u00e9 lety na Madeiru bud\u00fa pokra\u010dova\u0165 aj v bud\u00facom roku.<\/strong><\/p>\n<p>&nbsp;<\/p>\n<p style=\"text-align: center;\"><a href=\"https:\/\/slovaklinesmagazin.sk\/cms\/wp-content\/uploads\/2024\/09\/Cedok_BTS_Madeira-odlet-1-scaled.jpg\"><img loading=\"lazy\" decoding=\"async\" class=\"aligncenter size-full wp-image-93487\" src=\"https:\/\/slovaklinesmagazin.sk\/cms\/wp-content\/uploads\/2024\/09\/Cedok_BTS_Madeira-odlet-1-scaled.jpg\" alt=\"\" width=\"2560\" height=\"1706\" srcset=\"https:\/\/www.slovaklinesmagazin.sk\/cms\/wp-content\/uploads\/2024\/09\/Cedok_BTS_Madeira-odlet-1-scaled.jpg 2560w, https:\/\/www.slovaklinesmagazin.sk\/cms\/wp-content\/uploads\/2024\/09\/Cedok_BTS_Madeira-odlet-1-300x200.jpg 300w, https:\/\/www.slovaklinesmagazin.sk\/cms\/wp-content\/uploads\/2024\/09\/Cedok_BTS_Madeira-odlet-1-1024x683.jpg 1024w, https:\/\/www.slovaklinesmagazin.sk\/cms\/wp-content\/uploads\/2024\/09\/Cedok_BTS_Madeira-odlet-1-768x512.jpg 768w, https:\/\/www.slovaklinesmagazin.sk\/cms\/wp-content\/uploads\/2024\/09\/Cedok_BTS_Madeira-odlet-1-600x400.jpg 600w, https:\/\/www.slovaklinesmagazin.sk\/cms\/wp-content\/uploads\/2024\/09\/Cedok_BTS_Madeira-odlet-1-1536x1024.jpg 1536w, https:\/\/www.slovaklinesmagazin.sk\/cms\/wp-content\/uploads\/2024\/09\/Cedok_BTS_Madeira-odlet-1-2048x1365.jpg 2048w\" sizes=\"auto, (max-width: 2560px) 100vw, 2560px\" \/><\/a><\/p>\n<p><strong>\u00a0<\/strong><em>\u201eV r\u00e1mci na\u0161ej rekordnej expanzie na slovenskom trhu sme nad\u0161en\u00ed, \u017ee m\u00f4\u017eeme stihn\u00fa\u0165 e\u0161te jeden pl\u00e1novan\u00fd pr\u00edrastok aktu\u00e1lnej letnej sez\u00f3ny, ktor\u00fdm je Madeira. Miesto, prez\u00fdvan\u00e9 ostrov ve\u010dnej jari, je\u00a0v\u010faka pr\u00edjemnej kl\u00edme a v\u0161adepr\u00edtomn\u00fdm kvetom ide\u00e1lnou destin\u00e1ciou pre milovn\u00edkov pr\u00edrody, turistiky, akt\u00edvnych v\u00fdletov, ale aj gastron\u00f3mie,\u201c\u00a0<\/em>uviedol Juraj Sliacky, country mana\u017e\u00e9r \u010cedoku, a dodal<em>\u00a0\u201eV \u010ceskej republike sme zaznamenali, \u017ee z\u00e1ujem o Madeiru rastie rekordn\u00fdm tempom, a to aj v\u010faka mo\u017enosti odletov z ne\u010falek\u00e9ho Brna. Ver\u00edme, \u017ee si t\u00fato zelen\u00fa perlu Atlantiku ob\u013e\u00fabia aj Slov\u00e1ci.\u201d<\/em><\/p>\n<p><em>\u00a0<\/em><em>\u201ePriame lety z Letiska M. R. \u0160tef\u00e1nika na portugalsk\u00fd ostrov Madeira m\u00f4\u017eu vyu\u017ei\u0165 cestuj\u00faci v\u00f4bec po prv\u00fd raz. Roz\u0161iruj\u00fa tak ponuku leteck\u00fdch spojen\u00ed s odletom z Bratislavy a s\u00fa d\u00f4kazom, \u017ee dovolenkov\u00e1 sez\u00f3na sa predl\u017euje a\u017e po za\u010diatok jesenn\u00fdch mesiacov,\u201c\u00a0<\/em>uviedol gener\u00e1lny riadite\u013e a predseda predstavenstva Letiska M. R. \u0160tef\u00e1nika Du\u0161an Novota.<\/p>\n<p>Lietadl\u00e1 so slovensk\u00fdmi turistami bud\u00fa na letisku v hlavnom meste Funchal prist\u00e1va\u0165 v utorok od\u00a024.\u00a0septembra. Klienti \u010cedoku poletia do portugalskej destin\u00e1cie na palube lietadla spolo\u010dnosti Smartwings, ktor\u00e1 na trasu nasad\u00ed Boeing 737 pre 189 cestuj\u00facich v ekonomickej triede. Priamy let bude trva\u0165 pribli\u017ene \u0161tyri a pol hodiny. Turisti si m\u00f4\u017eu objedna\u0165 na cestu catering do lietadla aj vybra\u0165 konkr\u00e9tne sedadlo v kab\u00edne. \u010cedok bude na ostrove pon\u00faka\u0165 trojhviezdi\u010dkov\u00e9 a\u00a0\u0161tvorhviezdi\u010dkov\u00e9 hotely vr\u00e1tane polpenzie, a to na osem dn\u00ed aj dvojt\u00fd\u017ed\u0148ov\u00e9 pobyty, ale aj pozn\u00e1vacie z\u00e1jazdy.<\/p>\n<p>Portugalsk\u00fd ostrov je ob\u013e\u00faben\u00fd pre svoje pr\u00edrodn\u00e9 scen\u00e9rie, kvitn\u00face z\u00e1hrady, ale aj pre k\u00fapanie v\u00a0Atlantiku alebo v morsk\u00fdch baz\u00e9noch ukryt\u00fdch medzi sope\u010dn\u00fdmi skalami. Nach\u00e1dzaj\u00fa sa tu aj lev\u00e1dy, b\u00fdval\u00e9 zavla\u017eovacie kan\u00e1ly, ktor\u00e9 dnes sl\u00fa\u017eia ako turistick\u00e9 chodn\u00edky s \u00fachvatn\u00fdm v\u00fdh\u013eadom na krajinu. Na ostrove ich je viac ako 200 a ved\u00fa turistov na miesta, kde by sa inak \u0165a\u017eko predierali hustou madeirskou fl\u00f3rou. Ob\u013e\u00faben\u00e9 s\u00fa aj v\u00fdlety na najvy\u0161\u0161iu horu Pico Ruivo, plavby po stop\u00e1ch ve\u013er\u00fdb a delf\u00ednov alebo n\u00e1v\u0161tevu tr\u017enice v hlavnom meste Madeiry, Funchale, ktor\u00e9 je z\u00e1rove\u0148 kult\u00farnym centrom ostrova.<\/p>\n<p>Okrem pr\u00edrodn\u00fdch kr\u00e1s je Madeira zn\u00e1ma aj svojou vynikaj\u00facou gastron\u00f3miou, ktorej re\u0161taur\u00e1cie sa\u00a0zameriavaj\u00fa na ryby, ako s\u00fa stuhochosty alebo tuniaky, ako aj na \u0161peci\u00e1lne ovocn\u00e9 chute. Portugalsk\u00e9 pudingov\u00e9 kol\u00e1\u010de, pasteis de nata, s\u00fa tie\u017e v centre pozornosti miestnych obyvate\u013eov a n\u00e1v\u0161tevn\u00edkov, rovnako ako r\u00f4zne druhy \u010derstv\u00e9ho ovocia. Dospel\u00ed cestovatelia potom m\u00f4\u017eu ochutna\u0165 n\u00e1rodn\u00fd n\u00e1poj poncha, miestne v\u00edno alebo biely rum.<\/p>\n<p>Z\u00e1ujemcovia si m\u00f4\u017eu vybra\u0165 z ponuky pobytov\u00fdch a pozn\u00e1vac\u00edch z\u00e1jazdov na Madeiru na webovej str\u00e1nke <a href=\"http:\/\/www.cedok.sk\">www.cedok.sk<\/a>, v kamenn\u00fdch pobo\u010dk\u00e1ch \u010cedoku na Slovensku alebo u partnersk\u00fdch predajcov.<\/p>\n<p>&nbsp;<\/p>\n","protected":false},"excerpt":{"rendered":"<p>Z bratislavsk\u00e9ho letiska dnes odleteli prv\u00ed cestuj\u00faci na portugalsk\u00fd ostrov Madeira. Na sl\u00e1vnostnom otvoren\u00ed historicky prv\u00e9ho priameho spojenia do Funchalu sa z\u00fa\u010dastnili z\u00e1stupcovia Letiska M. R. \u0160tef\u00e1nika Bratislava a cestovnej kancel\u00e1rie \u010cedok, ktor\u00e1 t\u00fato nov\u00fa destin\u00e1ciu zaradila do svojej ponuky a roz\u0161\u00edrila tak letn\u00fa sez\u00f3nu o \u010fal\u0161iu ob\u013e\u00faben\u00fa lokalitu. Cestuj\u00faci sa po pribli\u017ene \u0161tyri a [&hellip;]<\/p>\n","protected":false},"author":7,"featured_media":93486,"comment_status":"closed","ping_status":"closed","sticky":false,"template":"","format":"standard","meta":{"footnotes":""},"categories":[13,11],"tags":[],"class_list":["post-93485","post","type-post","status-publish","format-standard","has-post-thumbnail","hentry","category-real-estate","category-news","eq-blocks"],"_links":{"self":[{"href":"https:\/\/www.slovaklinesmagazin.sk\/cms\/wp-json\/wp\/v2\/posts\/93485","targetHints":{"allow":["GET"]}}],"collection":[{"href":"https:\/\/www.slovaklinesmagazin.sk\/cms\/wp-json\/wp\/v2\/posts"}],"about":[{"href":"https:\/\/www.slovaklinesmagazin.sk\/cms\/wp-json\/wp\/v2\/types\/post"}],"author":[{"embeddable":true,"href":"https:\/\/www.slovaklinesmagazin.sk\/cms\/wp-json\/wp\/v2\/users\/7"}],"replies":[{"embeddable":true,"href":"https:\/\/www.slovaklinesmagazin.sk\/cms\/wp-json\/wp\/v2\/comments?post=93485"}],"version-history":[{"count":1,"href":"https:\/\/www.slovaklinesmagazin.sk\/cms\/wp-json\/wp\/v2\/posts\/93485\/revisions"}],"predecessor-version":[{"id":93488,"href":"https:\/\/www.slovaklinesmagazin.sk\/cms\/wp-json\/wp\/v2\/posts\/93485\/revisions\/93488"}],"wp:featuredmedia":[{"embeddable":true,"href":"https:\/\/www.slovaklinesmagazin.sk\/cms\/wp-json\/wp\/v2\/media\/93486"}],"wp:attachment":[{"href":"https:\/\/www.slovaklinesmagazin.sk\/cms\/wp-json\/wp\/v2\/media?parent=93485"}],"wp:term":[{"taxonomy":"category","embeddable":true,"href":"https:\/\/www.slovaklinesmagazin.sk\/cms\/wp-json\/wp\/v2\/categories?post=93485"},{"taxonomy":"post_tag","embeddable":true,"href":"https:\/\/www.slovaklinesmagazin.sk\/cms\/wp-json\/wp\/v2\/tags?post=93485"}],"curies":[{"name":"wp","href":"https:\/\/api.w.org\/{rel}","templated":true}]}}