{"id":93579,"date":"2024-11-06T15:49:14","date_gmt":"2024-11-06T13:49:14","guid":{"rendered":"https:\/\/slovaklinesmagazin.sk\/cms\/?p=93579"},"modified":"2024-11-06T15:49:14","modified_gmt":"2024-11-06T13:49:14","slug":"fokus-otvoril-v-bratislave-nove-detske-zrakove-centrum","status":"publish","type":"post","link":"https:\/\/www.slovaklinesmagazin.sk\/cms\/2024\/11\/fokus-otvoril-v-bratislave-nove-detske-zrakove-centrum\/","title":{"rendered":"Fokus otvoril v\u00a0Bratislave nov\u00e9 Detsk\u00e9 zrakov\u00e9 centrum."},"content":{"rendered":"<p><strong>V r\u00e1mci siete z\u00e1rove\u0148 pre\u0161kolil person\u00e1l a posil\u0148uje v oblasti detsk\u00e9ho sortimentu<\/strong><\/p>\n<p><strong>Bratislava, 6. novembra 2024 \u2013 O\u010dn\u00e1 optika Fokus dnes otvorila nov\u00e9 Detsk\u00e9 zrakov\u00e9 centrum v\u00a0Bratislave vo svojich priestoroch na Benediktiho ulici. Toto unik\u00e1tne centrum je navrhnut\u00e9 \u0161peci\u00e1lne pre deti, aby im poskytlo nielen komplexn\u00e9 zrakov\u00e9 poradenstvo so \u0161irok\u00fdm sortimentom, ale aj pr\u00edjemn\u00e9 prostredie spestren\u00e9 detsk\u00fdmi mot\u00edvmi, kde sa bud\u00fa c\u00edti\u0165 pohodlne a\u00a0uvo\u013enene. Sie\u0165 o\u010dn\u00fdch opt\u00edk Fokus z\u00e1rove\u0148 odborne pre\u0161kolila svoj person\u00e1l naprie\u010d optikami po celom Slovensku a roz\u0161\u00edrila detsk\u00fd sortiment vo v\u0161etk\u00fdch svojich prev\u00e1dzkach, aby ka\u017ed\u00fd rodi\u010d mohol n\u00e1js\u0165 vhodn\u00e9 okuliare pre svoje die\u0165a.<\/strong><\/p>\n<p style=\"text-align: center;\"><img loading=\"lazy\" decoding=\"async\" class=\"aligncenter size-large wp-image-93581\" src=\"https:\/\/slovaklinesmagazin.sk\/cms\/wp-content\/uploads\/2024\/11\/R0002859-1024x683.jpeg\" alt=\"\" width=\"640\" height=\"427\" srcset=\"https:\/\/www.slovaklinesmagazin.sk\/cms\/wp-content\/uploads\/2024\/11\/R0002859-1024x683.jpeg 1024w, https:\/\/www.slovaklinesmagazin.sk\/cms\/wp-content\/uploads\/2024\/11\/R0002859-300x200.jpeg 300w, https:\/\/www.slovaklinesmagazin.sk\/cms\/wp-content\/uploads\/2024\/11\/R0002859-768x512.jpeg 768w, https:\/\/www.slovaklinesmagazin.sk\/cms\/wp-content\/uploads\/2024\/11\/R0002859-600x400.jpeg 600w, https:\/\/www.slovaklinesmagazin.sk\/cms\/wp-content\/uploads\/2024\/11\/R0002859-1536x1024.jpeg 1536w, https:\/\/www.slovaklinesmagazin.sk\/cms\/wp-content\/uploads\/2024\/11\/R0002859-2048x1366.jpeg 2048w\" sizes=\"auto, (max-width: 640px) 100vw, 640px\" \/><\/p>\n<p>\u201e<em>Nov\u00e9 Detsk\u00e9 zrakov\u00e9 centrum na Benediktiho ulici je navrhnut\u00e9 ako bezpe\u010dn\u00e9 a hrav\u00e9 prostredie pre deti. Priestor optiky sme navrhli tak, aby bol nielen vizu\u00e1lne pr\u00edjemn\u00fd, ale aj z\u00e1bavn\u00fd a l\u00e1kav\u00fd, a aby sa n\u00e1v\u0161teva stala pr\u00edjemn\u00fdm z\u00e1\u017eitkom, spojen\u00fdm s profesion\u00e1lnou starostlivos\u0165ou<\/em>,\u201c uviedol Mari\u00e1n C\u00e1pay, gener\u00e1lny riadite\u013e siete o\u010dn\u00fdch opt\u00edk Fokus a\u00a0dodal: \u201e<em>Rodi\u010dia tu n\u00e1jdu odbornos\u0165 a\u00a0priate\u013esk\u00fd pr\u00edstup na\u0161ich kolegov, deti zasa mno\u017estvo r\u00e1mov, ktor\u00e9 s\u00fa nielen trendy a \u0161t\u00fdlov\u00e9, ale aj kvalitn\u00e9 a odoln\u00e9. Na\u0161\u00edm cie\u013eom je, aby ka\u017ed\u00e9 die\u0165a s hrdos\u0165ou a rados\u0165ou nosilo okuliare, ktor\u00e9 si samo vybralo.\u201c<\/em><\/p>\n<p style=\"text-align: center;\"><strong>\u00a0<a href=\"https:\/\/slovaklinesmagazin.sk\/cms\/wp-content\/uploads\/2024\/11\/R0002852.jpeg\"><img loading=\"lazy\" decoding=\"async\" class=\"aligncenter size-large wp-image-93582\" src=\"https:\/\/slovaklinesmagazin.sk\/cms\/wp-content\/uploads\/2024\/11\/R0002852-1024x683.jpeg\" alt=\"\" width=\"640\" height=\"427\" srcset=\"https:\/\/www.slovaklinesmagazin.sk\/cms\/wp-content\/uploads\/2024\/11\/R0002852-1024x683.jpeg 1024w, https:\/\/www.slovaklinesmagazin.sk\/cms\/wp-content\/uploads\/2024\/11\/R0002852-300x200.jpeg 300w, https:\/\/www.slovaklinesmagazin.sk\/cms\/wp-content\/uploads\/2024\/11\/R0002852-768x512.jpeg 768w, https:\/\/www.slovaklinesmagazin.sk\/cms\/wp-content\/uploads\/2024\/11\/R0002852-600x400.jpeg 600w, https:\/\/www.slovaklinesmagazin.sk\/cms\/wp-content\/uploads\/2024\/11\/R0002852-1536x1024.jpeg 1536w, https:\/\/www.slovaklinesmagazin.sk\/cms\/wp-content\/uploads\/2024\/11\/R0002852-2048x1366.jpeg 2048w\" sizes=\"auto, (max-width: 640px) 100vw, 640px\" \/><\/a><\/strong><\/p>\n<p>Nov\u00e9 Detsk\u00e9 zrakov\u00e9 centrum na Benediktiho v\u0161ak nie je s\u00f3lo projekt optiky. O\u010dn\u00e1 optika Fokus ned\u00e1vno roz\u0161\u00edrila a\u00a0posilnila koncept detsk\u00fdch \u201ecornerov\u201c so \u0161irok\u00fdm v\u00fdberom farebn\u00fdch i\u00a0tvarovo zauj\u00edmav\u00fdch detsk\u00fdch okuliarov pre men\u0161ie deti, ale i\u00a0t\u00edned\u017eerov v r\u00e1mci celej siete (a\u017e 75 opt\u00edk) po celom Slovensku. Z\u00e1rove\u0148 odborne pre\u0161kolil svoj person\u00e1l na pr\u00e1cu s\u00a0detsk\u00fdmi pacientmi tak, aby ka\u017ed\u00fd mal\u00fd n\u00e1v\u0161tevn\u00edk, ale aj rodi\u010d c\u00edtil, \u017ee je v\u00a0ruk\u00e1ch sk\u00fasen\u00e9ho a\u00a0ch\u00e1pav\u00e9ho odborn\u00edka. \u201e<em>Trpezliv\u00fd a\u00a0priate\u013esk\u00fd pr\u00edstup je z\u00e1kladom na\u0161ej starostlivosti, preto\u017ee vieme, \u017ee svet det\u00ed je pln\u00fd fant\u00e1zie. V\u00fdber okuliarov tak prebieha v\u00a0pokojnej atmosf\u00e9re, v\u010faka ktorej sa deti c\u00edtia sebavedome a uvo\u013enene<\/em>,\u201c dodal Mari\u00e1n C\u00e1pay.<\/p>\n<p style=\"text-align: center;\"><a href=\"https:\/\/slovaklinesmagazin.sk\/cms\/wp-content\/uploads\/2024\/11\/R0002853.jpeg\"><img loading=\"lazy\" decoding=\"async\" class=\"aligncenter size-large wp-image-93583\" src=\"https:\/\/slovaklinesmagazin.sk\/cms\/wp-content\/uploads\/2024\/11\/R0002853-1024x683.jpeg\" alt=\"\" width=\"640\" height=\"427\" srcset=\"https:\/\/www.slovaklinesmagazin.sk\/cms\/wp-content\/uploads\/2024\/11\/R0002853-1024x683.jpeg 1024w, https:\/\/www.slovaklinesmagazin.sk\/cms\/wp-content\/uploads\/2024\/11\/R0002853-300x200.jpeg 300w, https:\/\/www.slovaklinesmagazin.sk\/cms\/wp-content\/uploads\/2024\/11\/R0002853-768x512.jpeg 768w, https:\/\/www.slovaklinesmagazin.sk\/cms\/wp-content\/uploads\/2024\/11\/R0002853-600x400.jpeg 600w, https:\/\/www.slovaklinesmagazin.sk\/cms\/wp-content\/uploads\/2024\/11\/R0002853-1536x1024.jpeg 1536w, https:\/\/www.slovaklinesmagazin.sk\/cms\/wp-content\/uploads\/2024\/11\/R0002853-2048x1366.jpeg 2048w\" sizes=\"auto, (max-width: 640px) 100vw, 640px\" \/><\/a><\/p>\n<p>O\u010dn\u00e1 optika Fokus si uvedomuje, \u017ee detsk\u00fd zrak je rovnako d\u00f4le\u017eit\u00fd, ako ten u\u00a0dospel\u00e9ho \u010dloveka. Aj preto ned\u00e1vno do ponuky priniesla \u0161peci\u00e1lne okuliarov\u00e9 \u0161o\u0161ovky s patentovanou technol\u00f3giou pre deti, ktor\u00e9 spoma\u013euj\u00fa n\u00e1rast dioptri\u00ed pri diagnostikovanej myopii (kr\u00e1tkozrakosti). Tento unik\u00e1tny pr\u00edstup zni\u017euje riziko neskor\u0161\u00edch komplik\u00e1ci\u00ed a podporuje zdrav\u00fd zrakov\u00fd v\u00fdvoj. Tieto \u0161o\u0161ovky s\u00fa u\u017e dostupn\u00e9 v celej sieti opt\u00edk Fokus, kde odborn\u00fd person\u00e1l ochotne porad\u00ed s ich v\u00fdberom a zabezpe\u010d\u00ed k\u00a0nim vhodn\u00e9 okuliarov\u00e9 r\u00e1my.<\/p>\n<p style=\"text-align: center;\"><a href=\"https:\/\/slovaklinesmagazin.sk\/cms\/wp-content\/uploads\/2024\/11\/R0002856.jpeg\"><img loading=\"lazy\" decoding=\"async\" class=\"aligncenter size-large wp-image-93584\" src=\"https:\/\/slovaklinesmagazin.sk\/cms\/wp-content\/uploads\/2024\/11\/R0002856-1024x683.jpeg\" alt=\"\" width=\"640\" height=\"427\" srcset=\"https:\/\/www.slovaklinesmagazin.sk\/cms\/wp-content\/uploads\/2024\/11\/R0002856-1024x683.jpeg 1024w, https:\/\/www.slovaklinesmagazin.sk\/cms\/wp-content\/uploads\/2024\/11\/R0002856-300x200.jpeg 300w, https:\/\/www.slovaklinesmagazin.sk\/cms\/wp-content\/uploads\/2024\/11\/R0002856-768x512.jpeg 768w, https:\/\/www.slovaklinesmagazin.sk\/cms\/wp-content\/uploads\/2024\/11\/R0002856-600x400.jpeg 600w, https:\/\/www.slovaklinesmagazin.sk\/cms\/wp-content\/uploads\/2024\/11\/R0002856-1536x1024.jpeg 1536w, https:\/\/www.slovaklinesmagazin.sk\/cms\/wp-content\/uploads\/2024\/11\/R0002856-2048x1366.jpeg 2048w\" sizes=\"auto, (max-width: 640px) 100vw, 640px\" \/><\/a><\/p>\n<p>\u201e<em>Kr\u00e1tkozrakos\u0165 je naj\u010dastej\u0161ou o\u010dnou chybou za\u0165a\u017euj\u00facou nielen dospel\u00fdch, ale \u010d\u00edm \u010falej sk\u00f4r postihuje aj deti. U\u017e dnes trp\u00ed myopiou (kr\u00e1tkozrakos\u0165ou) a\u017e 30 % popul\u00e1cie, pri\u010dom odborn\u00edci z WHO predpokladaj\u00fa, \u017ee tento probl\u00e9m zasiahne do roku 2050 a\u017e polovicu svetovej popul\u00e1cie. Aj z\u00a0tohto d\u00f4vodu sme vo Fokuse priniesli tento unik\u00e1tny produkt, ktor\u00fd m\u00f4\u017ee pom\u00f4c\u0165 de\u0165om lep\u0161ie vidie\u0165 a\u00a0s\u00fastredi\u0165 sa tak na to, \u010do je pre nich d\u00f4le\u017eit\u00e9, ako je napr. \u010d\u00edtanie, \u0161t\u00fadium \u010di \u0161port<\/em>,\u201c dodal Martin Slan\u00fd.<\/p>\n<p>Myopia (kr\u00e1tkozrakos\u0165) je pritom u\u00a0det\u00ed rast\u00facim trendom, ktor\u00fd dok\u00e1\u017ee v\u00fdrazne (negat\u00edvne) ovplyvni\u0165 ich ka\u017edodenn\u00e9 fungovanie. Ovplyv\u0148uje ho pritom najm\u00e4 zmena \u017eivotn\u00e9ho \u0161t\u00fdlu. \u201e<em>Na\u0161e o\u010di s\u00fa evolu\u010dne prisp\u00f4soben\u00e9 na poh\u013ead do dia\u013eky, len\u017ee dnes tr\u00e1vime v\u00e4\u010d\u0161inu d\u0148a a mo\u017eno aj cel\u00e9 dni v \u0161kol\u00e1ch a kancel\u00e1ri\u00e1ch, kde vo ve\u013ekom pou\u017e\u00edvame digit\u00e1lne zariadenia pri umelom osvetlen\u00ed. Tieto faktory a najm\u00e4 dlhodob\u00fd poh\u013ead na kr\u00e1tke vzdialenosti men\u0161ie ako je 6 metrov sp\u00f4sobuje prisp\u00f4sobovanie oka tejto extr\u00e9mnej zmene,<\/em>\u201c vysvetlil Martin Slan\u00fd z\u00a0Fokusu.<\/p>\n<p>Fokus otvoren\u00edm Detsk\u00e9ho zrakov\u00e9ho centra, ako aj zameran\u00edm sa na detsk\u00e9ho pacienta ver\u00ed, \u017ee prispeje k\u00a0lep\u0161iemu zraku a\u00a0kvalite \u017eivota det\u00ed na Slovensku. \u201e<em>Kr\u00e1tkozrakos\u0165 sa v\u00a0r\u00e1mci na\u0161ich intern\u00fdch meran\u00ed prejavuje \u010doraz intenz\u00edvnej\u0161ie a\u00a0vy\u017eaduje si pozornos\u0165 nielen odborn\u00edkov, ale aj verejnosti. Na\u0161im cie\u013eom je nielen poskytova\u0165 odborn\u00e9 slu\u017eby, ale aj vzdel\u00e1va\u0165 a podporova\u0165 rodiny v oblasti prevencie zrakov\u00fdch probl\u00e9mov<\/em>,\u201c uzavrel Martin Slan\u00fd.<\/p>\n<p style=\"text-align: center;\"><strong>\u00a0<a href=\"https:\/\/slovaklinesmagazin.sk\/cms\/wp-content\/uploads\/2024\/11\/R0002862.jpeg\"><img loading=\"lazy\" decoding=\"async\" class=\"aligncenter size-large wp-image-93585\" src=\"https:\/\/slovaklinesmagazin.sk\/cms\/wp-content\/uploads\/2024\/11\/R0002862-1024x683.jpeg\" alt=\"\" width=\"640\" height=\"427\" srcset=\"https:\/\/www.slovaklinesmagazin.sk\/cms\/wp-content\/uploads\/2024\/11\/R0002862-1024x683.jpeg 1024w, https:\/\/www.slovaklinesmagazin.sk\/cms\/wp-content\/uploads\/2024\/11\/R0002862-300x200.jpeg 300w, https:\/\/www.slovaklinesmagazin.sk\/cms\/wp-content\/uploads\/2024\/11\/R0002862-768x512.jpeg 768w, https:\/\/www.slovaklinesmagazin.sk\/cms\/wp-content\/uploads\/2024\/11\/R0002862-600x400.jpeg 600w, https:\/\/www.slovaklinesmagazin.sk\/cms\/wp-content\/uploads\/2024\/11\/R0002862-1536x1024.jpeg 1536w, https:\/\/www.slovaklinesmagazin.sk\/cms\/wp-content\/uploads\/2024\/11\/R0002862-2048x1366.jpeg 2048w\" sizes=\"auto, (max-width: 640px) 100vw, 640px\" \/><\/a><\/strong><\/p>\n<p><strong>\u00a0<\/strong><\/p>\n","protected":false},"excerpt":{"rendered":"<p>V r\u00e1mci siete z\u00e1rove\u0148 pre\u0161kolil person\u00e1l a posil\u0148uje v oblasti detsk\u00e9ho sortimentu Bratislava, 6. novembra 2024 \u2013 O\u010dn\u00e1 optika Fokus dnes otvorila nov\u00e9 Detsk\u00e9 zrakov\u00e9 centrum v\u00a0Bratislave vo svojich priestoroch na Benediktiho ulici. Toto unik\u00e1tne centrum je navrhnut\u00e9 \u0161peci\u00e1lne pre deti, aby im poskytlo nielen komplexn\u00e9 zrakov\u00e9 poradenstvo so \u0161irok\u00fdm sortimentom, ale aj pr\u00edjemn\u00e9 prostredie [&hellip;]<\/p>\n","protected":false},"author":7,"featured_media":93580,"comment_status":"closed","ping_status":"closed","sticky":false,"template":"","format":"standard","meta":{"footnotes":""},"categories":[7,11,50,44],"tags":[],"class_list":["post-93579","post","type-post","status-publish","format-standard","has-post-thumbnail","hentry","category-health","category-news","category-radim-vam","category-zdravie","eq-blocks"],"_links":{"self":[{"href":"https:\/\/www.slovaklinesmagazin.sk\/cms\/wp-json\/wp\/v2\/posts\/93579","targetHints":{"allow":["GET"]}}],"collection":[{"href":"https:\/\/www.slovaklinesmagazin.sk\/cms\/wp-json\/wp\/v2\/posts"}],"about":[{"href":"https:\/\/www.slovaklinesmagazin.sk\/cms\/wp-json\/wp\/v2\/types\/post"}],"author":[{"embeddable":true,"href":"https:\/\/www.slovaklinesmagazin.sk\/cms\/wp-json\/wp\/v2\/users\/7"}],"replies":[{"embeddable":true,"href":"https:\/\/www.slovaklinesmagazin.sk\/cms\/wp-json\/wp\/v2\/comments?post=93579"}],"version-history":[{"count":1,"href":"https:\/\/www.slovaklinesmagazin.sk\/cms\/wp-json\/wp\/v2\/posts\/93579\/revisions"}],"predecessor-version":[{"id":93586,"href":"https:\/\/www.slovaklinesmagazin.sk\/cms\/wp-json\/wp\/v2\/posts\/93579\/revisions\/93586"}],"wp:featuredmedia":[{"embeddable":true,"href":"https:\/\/www.slovaklinesmagazin.sk\/cms\/wp-json\/wp\/v2\/media\/93580"}],"wp:attachment":[{"href":"https:\/\/www.slovaklinesmagazin.sk\/cms\/wp-json\/wp\/v2\/media?parent=93579"}],"wp:term":[{"taxonomy":"category","embeddable":true,"href":"https:\/\/www.slovaklinesmagazin.sk\/cms\/wp-json\/wp\/v2\/categories?post=93579"},{"taxonomy":"post_tag","embeddable":true,"href":"https:\/\/www.slovaklinesmagazin.sk\/cms\/wp-json\/wp\/v2\/tags?post=93579"}],"curies":[{"name":"wp","href":"https:\/\/api.w.org\/{rel}","templated":true}]}}