{"id":93598,"date":"2024-11-08T13:11:26","date_gmt":"2024-11-08T11:11:26","guid":{"rendered":"https:\/\/slovaklinesmagazin.sk\/cms\/?p=93598"},"modified":"2024-11-08T13:12:32","modified_gmt":"2024-11-08T11:12:32","slug":"svetovy-unikat-zimny-zazrak-morbisch-impozantna-betlehemska-scena-na-jazere","status":"publish","type":"post","link":"https:\/\/www.slovaklinesmagazin.sk\/cms\/2024\/11\/svetovy-unikat-zimny-zazrak-morbisch-impozantna-betlehemska-scena-na-jazere\/","title":{"rendered":"Svetov\u00fd unik\u00e1t &#8211; Zimn\u00fd z\u00e1zrak M\u00f6rbisch, impozantn\u00e1 betlehemsk\u00e1 sc\u00e9na na jazere"},"content":{"rendered":"<p>Od 23. novembra 2024 do 5. janu\u00e1ra 2025 o\u017eije na javisku na jazere v obci M\u00f6rbisch am See projekt \u201eZimn\u00fd z\u00e1zrak M\u00f6rbisch\u201c \u2013 \u010darovn\u00e1 betlehemsk\u00e1 sc\u00e9na uprostred jazera.<\/p>\n<p>Tento projekt je svetov\u00fdm unik\u00e1tom: impozantn\u00fd betlehem \u0161irok\u00fd 90 metrov a vysok\u00fd 18 metrov, umiestnen\u00fd priamo na javisku na jazere, so strhuj\u00facou projek\u010dnou \u0161ou.<\/p>\n<p style=\"text-align: center;\"><img loading=\"lazy\" decoding=\"async\" class=\"aligncenter size-large wp-image-93601\" src=\"https:\/\/slovaklinesmagazin.sk\/cms\/wp-content\/uploads\/2024\/11\/Mo\u2560lrbischcMK_Illumination1-1024x768.jpg\" alt=\"\" width=\"640\" height=\"480\" srcset=\"https:\/\/www.slovaklinesmagazin.sk\/cms\/wp-content\/uploads\/2024\/11\/Mo\u2560lrbischcMK_Illumination1-1024x768.jpg 1024w, https:\/\/www.slovaklinesmagazin.sk\/cms\/wp-content\/uploads\/2024\/11\/Mo\u2560lrbischcMK_Illumination1-300x225.jpg 300w, https:\/\/www.slovaklinesmagazin.sk\/cms\/wp-content\/uploads\/2024\/11\/Mo\u2560lrbischcMK_Illumination1-768x576.jpg 768w, https:\/\/www.slovaklinesmagazin.sk\/cms\/wp-content\/uploads\/2024\/11\/Mo\u2560lrbischcMK_Illumination1-600x450.jpg 600w, https:\/\/www.slovaklinesmagazin.sk\/cms\/wp-content\/uploads\/2024\/11\/Mo\u2560lrbischcMK_Illumination1-1536x1152.jpg 1536w, https:\/\/www.slovaklinesmagazin.sk\/cms\/wp-content\/uploads\/2024\/11\/Mo\u2560lrbischcMK_Illumination1-2048x1536.jpg 2048w\" sizes=\"auto, (max-width: 640px) 100vw, 640px\" \/>Mo\u2560\u0142rbisch(c)MK Illumination<\/p>\n<p>\u2022 Viano\u010dn\u00e9 meste\u010dko s region\u00e1lnymi \u0161pecialitami a remeseln\u00fdmi v\u00fdrobkami, ako aj pestr\u00fd program pre deT s vyst\u00fapeniami spev\u00e1ckych zborov a k\u00fazeln\u00edckymi predstaveniami roz\u017eiaria o\u010di n\u00e1v\u0161tevn\u00edkov spolu s trblietaj\u00facimi sa osvetlen\u00fdmi postavi\u010dkami.<\/p>\n<p>\u2022 Nezabudnute\u013en\u00fd z\u00e1\u017eitok dop\u013a\u0148aj\u00fa sl\u00e1vnostn\u00e9 koncerty, ktor\u00e9 predstavuj\u00fa jedine\u010dn\u00e9 dobrodru\u017estvo pre cel\u00fa rodinu. Ako predohra sa 23. novembra po otv\u00e1racom predstaven\u00ed uskuto\u010dn\u00ed pr\u00edjemn\u00fd viano\u010dn\u00fd koncert hudobnej skupiny Edlseer so za\u010diatkom o 20.00 hod.<\/p>\n<p>\u2022 Hostia si u\u017e teraz m\u00f4\u017eu zabezpe\u010di\u0165 vstupenky a te\u0161i\u0165 sa na toto jedine\u010dn\u00e9 podujadujatie na\u017eivo!<\/p>\n<p style=\"text-align: center;\"><img loading=\"lazy\" decoding=\"async\" class=\"aligncenter size-large wp-image-93602\" src=\"https:\/\/slovaklinesmagazin.sk\/cms\/wp-content\/uploads\/2024\/11\/winterwunder_mo\u2560lrbisch_nur_krippehirschcBurgenland_Tourismus1-1024x954.jpg\" alt=\"\" width=\"640\" height=\"596\" srcset=\"https:\/\/www.slovaklinesmagazin.sk\/cms\/wp-content\/uploads\/2024\/11\/winterwunder_mo\u2560lrbisch_nur_krippehirschcBurgenland_Tourismus1-1024x954.jpg 1024w, https:\/\/www.slovaklinesmagazin.sk\/cms\/wp-content\/uploads\/2024\/11\/winterwunder_mo\u2560lrbisch_nur_krippehirschcBurgenland_Tourismus1-300x280.jpg 300w, https:\/\/www.slovaklinesmagazin.sk\/cms\/wp-content\/uploads\/2024\/11\/winterwunder_mo\u2560lrbisch_nur_krippehirschcBurgenland_Tourismus1-768x716.jpg 768w, https:\/\/www.slovaklinesmagazin.sk\/cms\/wp-content\/uploads\/2024\/11\/winterwunder_mo\u2560lrbisch_nur_krippehirschcBurgenland_Tourismus1-600x559.jpg 600w, https:\/\/www.slovaklinesmagazin.sk\/cms\/wp-content\/uploads\/2024\/11\/winterwunder_mo\u2560lrbisch_nur_krippehirschcBurgenland_Tourismus1-1536x1431.jpg 1536w, https:\/\/www.slovaklinesmagazin.sk\/cms\/wp-content\/uploads\/2024\/11\/winterwunder_mo\u2560lrbisch_nur_krippehirschcBurgenland_Tourismus1-2048x1908.jpg 2048w\" sizes=\"auto, (max-width: 640px) 100vw, 640px\" \/>Winterwunder mo\u2560\u0142rbisch nur krippe&amp;hirsch(c)Burgenland Tourismus<\/p>\n<p>Mystick\u00e1 atmosf\u00e9ra zimn\u00e9ho Nezidersk\u00e9ho jazera bude tento rok po prv\u00fdkr\u00e1t tvori\u0165 kulisu pre mimoriadne p\u00f4sobiv\u00fd viano\u010dn\u00fd projekt. Netradi\u010dn\u00e1 inscen\u00e1cia premen\u00ed cel\u00e9 javisko na jazere v M\u00f6rbischi na o\u010daruj\u00face, magick\u00e9 prostredie, ktor\u00e9 je priam stvoren\u00e9 na to, aby ste ho<br \/>\npresk\u00famali. \u201eNa\u0161\u00edm cie\u013eom je v\u00fdrazne zv\u00fd\u0161i\u0165 atraktvitu regi\u00f3nu pre n\u00e1v\u0161tevn\u00edkov aj po\u010das chladn\u00fdch mesiacov.<\/p>\n<p>Hlavnou s\u00fa\u010das\u0165ou strat\u00e9gie rozvoja cestovn\u00e9ho ruchu do roku 2030 je roz\u0161\u00edrenie sez\u00f3n a pr\u00edprava tzv. maj\u00e1kov\u00fdch projektov. Pr\u00e1ve v \u010dase, ke\u010f zimn\u00fd cestovn\u00fd ruch prech\u00e1dza radik\u00e1lnymi zmenami v d\u00f4sledku klimaTck\u00fdch zmien a zmenen\u00e9ho spr\u00e1vania potenci\u00e1lnych turistov, m\u00e1 regi\u00f3n Burgenland vynikaj\u00face pr\u00edle\u017eitos\u0165 prisp\u00f4sobi\u0165 sa a profitova\u0165 z inovavnych opatren\u00ed,\u201c vysvet\u013euje Didi Tunkel, v\u00fdkonn\u00fd riadite\u013e turistick\u00e9ho informa\u010dn\u00e9ho centra Burgenland Tourismus.<\/p>\n<p>&nbsp;<\/p>\n<p>Foto na titulke: Winterwunder mo\u2560\u0142rbisch(c)Burgenland Tourismus<\/p>\n","protected":false},"excerpt":{"rendered":"<p>Od 23. novembra 2024 do 5. janu\u00e1ra 2025 o\u017eije na javisku na jazere v obci M\u00f6rbisch am See projekt \u201eZimn\u00fd z\u00e1zrak M\u00f6rbisch\u201c \u2013 \u010darovn\u00e1 betlehemsk\u00e1 sc\u00e9na uprostred jazera. Tento projekt je svetov\u00fdm unik\u00e1tom: impozantn\u00fd betlehem \u0161irok\u00fd 90 metrov a vysok\u00fd 18 metrov, umiestnen\u00fd priamo na javisku na jazere, so strhuj\u00facou projek\u010dnou \u0161ou. Mo\u2560\u0142rbisch(c)MK Illumination \u2022 [&hellip;]<\/p>\n","protected":false},"author":7,"featured_media":93599,"comment_status":"closed","ping_status":"closed","sticky":false,"template":"","format":"standard","meta":{"footnotes":""},"categories":[13,1,52,321],"tags":[],"class_list":["post-93598","post","type-post","status-publish","format-standard","has-post-thumbnail","hentry","category-real-estate","category-nezaradene","category-outdoor","category-tlacova-sprava","eq-blocks"],"_links":{"self":[{"href":"https:\/\/www.slovaklinesmagazin.sk\/cms\/wp-json\/wp\/v2\/posts\/93598","targetHints":{"allow":["GET"]}}],"collection":[{"href":"https:\/\/www.slovaklinesmagazin.sk\/cms\/wp-json\/wp\/v2\/posts"}],"about":[{"href":"https:\/\/www.slovaklinesmagazin.sk\/cms\/wp-json\/wp\/v2\/types\/post"}],"author":[{"embeddable":true,"href":"https:\/\/www.slovaklinesmagazin.sk\/cms\/wp-json\/wp\/v2\/users\/7"}],"replies":[{"embeddable":true,"href":"https:\/\/www.slovaklinesmagazin.sk\/cms\/wp-json\/wp\/v2\/comments?post=93598"}],"version-history":[{"count":2,"href":"https:\/\/www.slovaklinesmagazin.sk\/cms\/wp-json\/wp\/v2\/posts\/93598\/revisions"}],"predecessor-version":[{"id":93604,"href":"https:\/\/www.slovaklinesmagazin.sk\/cms\/wp-json\/wp\/v2\/posts\/93598\/revisions\/93604"}],"wp:featuredmedia":[{"embeddable":true,"href":"https:\/\/www.slovaklinesmagazin.sk\/cms\/wp-json\/wp\/v2\/media\/93599"}],"wp:attachment":[{"href":"https:\/\/www.slovaklinesmagazin.sk\/cms\/wp-json\/wp\/v2\/media?parent=93598"}],"wp:term":[{"taxonomy":"category","embeddable":true,"href":"https:\/\/www.slovaklinesmagazin.sk\/cms\/wp-json\/wp\/v2\/categories?post=93598"},{"taxonomy":"post_tag","embeddable":true,"href":"https:\/\/www.slovaklinesmagazin.sk\/cms\/wp-json\/wp\/v2\/tags?post=93598"}],"curies":[{"name":"wp","href":"https:\/\/api.w.org\/{rel}","templated":true}]}}