{"id":93912,"date":"2025-05-07T17:50:10","date_gmt":"2025-05-07T15:50:10","guid":{"rendered":"https:\/\/www.slovaklinesmagazin.sk\/cms\/?p=93912"},"modified":"2025-05-07T17:52:39","modified_gmt":"2025-05-07T15:52:39","slug":"v-trnave-sa-buduci-vikend-kona-trh-plny-kvetov","status":"publish","type":"post","link":"https:\/\/www.slovaklinesmagazin.sk\/cms\/2025\/05\/v-trnave-sa-buduci-vikend-kona-trh-plny-kvetov\/","title":{"rendered":"V\u00a0TRNAVE SA BUD\u00daCI V\u00cdKEND KON\u00c1 TRH PLN\u00dd KVETOV"},"content":{"rendered":"<p><strong>Od \u0161tvrtka 15. m\u00e1ja do nedele 18. m\u00e1ja sa centrum Trnavy premen\u00ed na ve\u013ek\u00e9 kvetinov\u00e9 trhovisko. M\u00e1jov\u00fd kvet pon\u00faka pestr\u00fa paletu rastl\u00edn, vizu\u00e1lny z\u00e1\u017eitok aj\u00a0sprievodn\u00fd program. To v\u0161etko pod hol\u00fdm nebom.<\/strong><\/p>\n<p style=\"text-align: center;\"><strong>\u00a0<img loading=\"lazy\" decoding=\"async\" class=\"alignnone size-full wp-image-93915\" src=\"https:\/\/www.slovaklinesmagazin.sk\/cms\/wp-content\/uploads\/2025\/05\/Majovy-kvet_foto-Zazi-v-Trnave-5.jpg\" alt=\"\" width=\"750\" height=\"499\" srcset=\"https:\/\/www.slovaklinesmagazin.sk\/cms\/wp-content\/uploads\/2025\/05\/Majovy-kvet_foto-Zazi-v-Trnave-5.jpg 750w, https:\/\/www.slovaklinesmagazin.sk\/cms\/wp-content\/uploads\/2025\/05\/Majovy-kvet_foto-Zazi-v-Trnave-5-300x200.jpg 300w, https:\/\/www.slovaklinesmagazin.sk\/cms\/wp-content\/uploads\/2025\/05\/Majovy-kvet_foto-Zazi-v-Trnave-5-600x400.jpg 600w\" sizes=\"auto, (max-width: 750px) 100vw, 750px\" \/><\/strong><\/p>\n<p>Do Trnavy mieri takmer stovka predajcov z r\u00f4znych k\u00fatov Slovenska \u2013 od ju\u017en\u00e9ho regi\u00f3nu cez Z\u00e1horie a\u017e po Tren\u010diansky kraj. Svoje st\u00e1nky rozlo\u017eia <strong>na Troji\u010dnom n\u00e1mest\u00ed a\u00a0tie\u017e na Hlavnej a Hviezdoslavovej ulici<\/strong>. Pon\u00faknu v\u00a0nich letni\u010dky, trvalky, skalni\u010dky, citrusy, sukulenty \u010di aromatick\u00e9 byliny. N\u00e1v\u0161tevn\u00edci tu n\u00e1jdu aj \u010derstv\u00e9 ovocie a zeleninu, su\u0161en\u00e9 bylinky a koreniny.<\/p>\n<p style=\"text-align: center;\"><img loading=\"lazy\" decoding=\"async\" class=\"alignnone size-full wp-image-93916\" src=\"https:\/\/www.slovaklinesmagazin.sk\/cms\/wp-content\/uploads\/2025\/05\/Majovy-kvet_foto-Zazi-v-Trnave-21.jpg\" alt=\"\" width=\"750\" height=\"499\" srcset=\"https:\/\/www.slovaklinesmagazin.sk\/cms\/wp-content\/uploads\/2025\/05\/Majovy-kvet_foto-Zazi-v-Trnave-21.jpg 750w, https:\/\/www.slovaklinesmagazin.sk\/cms\/wp-content\/uploads\/2025\/05\/Majovy-kvet_foto-Zazi-v-Trnave-21-300x200.jpg 300w, https:\/\/www.slovaklinesmagazin.sk\/cms\/wp-content\/uploads\/2025\/05\/Majovy-kvet_foto-Zazi-v-Trnave-21-600x400.jpg 600w\" sizes=\"auto, (max-width: 750px) 100vw, 750px\" \/><\/p>\n<p><strong><em>\u201eTento rok M\u00e1jov\u00fd kvet obohatia rozsiahle oddychov\u00e9 a hern\u00e9 z\u00f3ny na Hlavnej ulici. \u013dudia si m\u00f4\u017eu uplies\u0165 ozdoby technikou makram\u00e9. Ver\u00edme, \u017ee zaujm\u00fa aj senzorick\u00e1 z\u00f3na a interakt\u00edvna in\u0161tal\u00e1cia z Gal\u00e9rie J\u00e1na Koniarka. Atmosf\u00e9ru spr\u00edjemnia pouli\u010dn\u00ed umelci,\u201c<\/em><\/strong> hovor\u00ed Mat\u00fa\u0161 Koprda z Mestsk\u00e9ho kult\u00farneho strediska Za\u017ei v Trnave.<\/p>\n<p style=\"text-align: center;\"><img loading=\"lazy\" decoding=\"async\" class=\"alignnone size-full wp-image-93917\" src=\"https:\/\/www.slovaklinesmagazin.sk\/cms\/wp-content\/uploads\/2025\/05\/Majovy-kvet_foto-Zazi-v-Trnave-18.jpg\" alt=\"\" width=\"750\" height=\"499\" srcset=\"https:\/\/www.slovaklinesmagazin.sk\/cms\/wp-content\/uploads\/2025\/05\/Majovy-kvet_foto-Zazi-v-Trnave-18.jpg 750w, https:\/\/www.slovaklinesmagazin.sk\/cms\/wp-content\/uploads\/2025\/05\/Majovy-kvet_foto-Zazi-v-Trnave-18-300x200.jpg 300w, https:\/\/www.slovaklinesmagazin.sk\/cms\/wp-content\/uploads\/2025\/05\/Majovy-kvet_foto-Zazi-v-Trnave-18-600x400.jpg 600w\" sizes=\"auto, (max-width: 750px) 100vw, 750px\" \/><\/p>\n<p>Pod\u013ea Alexandra Prostin\u00e1ka z Oblastnej organiz\u00e1cie cestovn\u00e9ho ruchu Trnava Tourism je podujatie z\u00e1rove\u0148 v\u00fdznamn\u00fdm impulzom pre turizmus v regi\u00f3ne. <strong><em>\u201eTrhy s\u00fa s\u00fa\u010das\u0165ou Trnavy od jej vzniku a ich v\u00fdnimo\u010dn\u00fa atmosf\u00e9ru za\u017e\u00edvaj\u00fa \u013eudia v\u00a0meste aj dnes. M\u00e1jov\u00fd kvet je v\u0161ak in\u00fd. Na n\u00e1mestie prin\u00e1\u0161a tis\u00edcky kvetov a\u00a0popri mo\u017enosti n\u00e1kupu tak\u00a0z\u00e1rove\u0148 vznik\u00e1 v\u00fdnimo\u010dn\u00fd vizu\u00e1lny z\u00e1\u017eitok,\u201c<\/em><\/strong> hovor\u00ed Prostin\u00e1k.<\/p>\n<p style=\"text-align: center;\"><img loading=\"lazy\" decoding=\"async\" class=\"alignnone size-full wp-image-93918\" src=\"https:\/\/www.slovaklinesmagazin.sk\/cms\/wp-content\/uploads\/2025\/05\/Majovy-kvet_foto-Zazi-v-Trnave-3.jpg\" alt=\"\" width=\"750\" height=\"499\" srcset=\"https:\/\/www.slovaklinesmagazin.sk\/cms\/wp-content\/uploads\/2025\/05\/Majovy-kvet_foto-Zazi-v-Trnave-3.jpg 750w, https:\/\/www.slovaklinesmagazin.sk\/cms\/wp-content\/uploads\/2025\/05\/Majovy-kvet_foto-Zazi-v-Trnave-3-300x200.jpg 300w, https:\/\/www.slovaklinesmagazin.sk\/cms\/wp-content\/uploads\/2025\/05\/Majovy-kvet_foto-Zazi-v-Trnave-3-600x400.jpg 600w\" sizes=\"auto, (max-width: 750px) 100vw, 750px\" \/><\/p>\n<p>Po\u010das \u0161tyroch dn\u00ed bud\u00fa pre n\u00e1v\u0161tevn\u00edkov pripraven\u00e9 aj <strong>odborn\u00e9 predn\u00e1\u0161ky, poradensk\u00e1 z\u00f3na, tvoriv\u00e9 dielne<\/strong> a oddychov\u00e9 z\u00f3ny. Rady a tipy oh\u013eadom starostlivosti o zele\u0148, ovocie \u010di bylinky poskytn\u00fa <strong>odborn\u00edci zo Slovensk\u00e9ho zv\u00e4zu z\u00e1hradk\u00e1rov<\/strong>. N\u00e1v\u0161tevn\u00edci sa m\u00f4\u017eu stretn\u00fa\u0165 aj so osobnos\u0165ami zo sveta z\u00e1hradn\u00edctva \u2013 na ot\u00e1zky bud\u00fa odpoveda\u0165 Martin \u010curda a Franti\u0161ek La\u0161\u0161\u00e1k, zn\u00e1mi z telev\u00edznych obrazoviek.<\/p>\n<p>Na Hlavnej ulici \u010dakaj\u00fa na n\u00e1v\u0161tevn\u00edkov tulivaky, hojda\u010dky a workshopy, ktor\u00e9 poskytn\u00fa priestor na oddych aj tvoriv\u00fa in\u0161pir\u00e1ciu. <strong><em>\u201eNezabudli sme ani na najmen\u0161\u00edch. Pre deti sme napl\u00e1novali cirkusov\u00e9 vyst\u00fapenie v\u00a0podobe klauni\u00e1dy s bublinami a mno\u017estvo \u010fal\u0161\u00edch aktiv\u00edt,\u201c<\/em><\/strong> dod\u00e1va Mat\u00fa\u0161 Koprda z Mestsk\u00e9ho kult\u00farneho strediska Za\u017ei v Trnave.<\/p>\n<p>&nbsp;<\/p>\n<p><strong>M\u00e1jov\u00fd kvet 2025 \u2013 Program<\/strong><\/p>\n<p>\u0160TVRTOK 15. 5.<\/p>\n<ul>\n<li>8:00 &#8211; 18:00 Kvetinov\u00fd trh (Hlavn\u00e1 ul., Hviezdoslavova ul., Troji\u010dn\u00e9 n\u00e1m.)<\/li>\n<\/ul>\n<p>PIATOK 16. 5.<\/p>\n<ul>\n<li>8:00 &#8211; 18:00 Kvetinov\u00fd trh<\/li>\n<li>10:00 &#8211; 11:00 Kvetinov\u00fd sprievod s bubnovou \u0161ou Maribondo (Hlavn\u00e1 ul.)<\/li>\n<\/ul>\n<p>SOBOTA 17. 5.<\/p>\n<ul>\n<li>8:00 &#8211; 18:00 Kvetinov\u00fd trh<\/li>\n<\/ul>\n<p>P\u00f3dium pred radnicou<\/p>\n<ul>\n<li>9:00 \u017div\u00e1 z\u00e1hrada \u2013 Predn\u00e1\u0161ka a workshop o kompostovan\u00ed<\/li>\n<li>11:00 David Fendrich \u2013 Choroby a \u0161kodcovia ovocn\u00fdch stromov<\/li>\n<li>15:00 Nov\u00e1 z\u00e1hrada \u2013 Balk\u00f3novky: Novinky a starostlivos\u0165<\/li>\n<li>16:00 Show De Tom \u2013 Bubliryba\u010dka (chod\u00fa\u013eov\u00e9 predstavenie s bublinami)<\/li>\n<li>16:45 Show De Tom \u2013 Bublinov\u00fd workshop pre deti<\/li>\n<\/ul>\n<p>St\u00e1nok pred radnicou<\/p>\n<ul>\n<li>9:00 &#8211; 12:00 Spojen\u00e1 \u0161kola Rakovice \u2013 Workshop aran\u017eovania kyt\u00edc<\/li>\n<li>13:00 &#8211; 15:00 Slovensk\u00fd zv\u00e4z z\u00e1hradk\u00e1rov \u2013 Poradenstvo, zeleninov\u00e1 z\u00e1hrada a lie\u010div\u00e9<\/li>\n<\/ul>\n<p>bylinky<\/p>\n<ul>\n<li>15:30 Nov\u00e1 z\u00e1hrada \u2013 Ot\u00e1zky, odpovede a\u00a0konzult\u00e1cie<\/li>\n<\/ul>\n<p>Workshopy pri #TRNAVA<\/p>\n<ul>\n<li>10:00 &#8211; 12:00 Tvorenie v hojnosti \u2013 Makram\u00e9 k\u013e\u00fa\u010denka<\/li>\n<li>13:00 &#8211; 15:00 U Zlatej priadky \u2013 Nama\u013euj si origin\u00e1lny keramick\u00fd kvetin\u00e1\u010d<\/li>\n<li>16:00 &#8211; 18:00 Vesel\u00e9 Makram\u00e9 \u2013 Uple\u0165 si makram\u00e9 dr\u017eiak na kvetin\u00e1\u010d<\/li>\n<\/ul>\n<p>Hudba v uliciach (Hviezdoslavova ulica)<\/p>\n<ul>\n<li>10:00 &#8211; 12:00 Urban Ludmilla<\/li>\n<li>12:00 &#8211; 14:00 Konstantin Bublikov<\/li>\n<li>16:00 &#8211; 18:00 Chris Ellys<\/li>\n<\/ul>\n<p>NEDE\u013dA 18. 5.<\/p>\n<ul>\n<li>8:00 &#8211; 18:00 Kvetinov\u00fd trh<\/li>\n<\/ul>\n<p>P\u00f3dium pred radnicou<\/p>\n<ul>\n<li>10:00 Marek Semelbauer \u2013 V\u00fdznam biop\u00e1sov a biodiverzity v z\u00e1hrade (po predn\u00e1\u0161ke<\/li>\n<\/ul>\n<p>diskusia v st\u00e1nku)<\/p>\n<ul>\n<li>11:00 David Fendrich \u2013 V\u00fdznam biodiverzity v ovocn\u00fdch z\u00e1hrad\u00e1ch<\/li>\n<li>14:00 NevaDivadlo \u2013 Kompost Story (divadlo pre deti)<\/li>\n<li>15:00 \u017div\u00e1 z\u00e1hrada \u2013 Predn\u00e1\u0161ka a workshop o kompostovan\u00ed (po predn\u00e1\u0161ke diskusia v<\/li>\n<\/ul>\n<p>st\u00e1nku)<\/p>\n<p>St\u00e1nok pred radnicou<\/p>\n<ul>\n<li>10:00 &#8211; 12:00 Slovensk\u00fd zv\u00e4z z\u00e1hradk\u00e1rov \u2013 Poradenstvo: Sady a\u00a0vinice<\/li>\n<\/ul>\n<p>Workshopy pri #TRNAVA<\/p>\n<ul>\n<li>10:00 &#8211; 12:00 Tvorenie v hojnosti \u2013 Vytvor si k\u013e\u00fa\u010denku z makram\u00e9 &#8211; vhodn\u00e9 aj pre deti<\/li>\n<li>13:00 &#8211; 15:00 Tvorc\u00edtenie \u2013 Workshopy o pr\u00e1ci s drevom pre deti<\/li>\n<li>16:00 &#8211; 18:00 Vesel\u00e9 Makram\u00e9 \u2013 Uple\u0165 si makram\u00e9 dr\u017eiak na kvetin\u00e1\u010d<\/li>\n<\/ul>\n<p>Hudba v uliciach (Troji\u010dn\u00e9 n\u00e1mestie)<\/p>\n<ul>\n<li>10:00 &#8211; 12:00 Robert Fap\u0161o a Belinder Ra\u0161ner<\/li>\n<li>12:00 &#8211; 14:00 \u010cierna Luna<\/li>\n<li>16:00 &#8211; 18:00 Graeme Mark<\/li>\n<\/ul>\n<p>PO\u010cAS CEL\u00c9HO V\u00cdKENDU (Sobota a Nede\u013ea)<\/p>\n<ul>\n<li>Smejoland z\u00f3na (Hlavn\u00e1 ulica): Aktivity pre najmen\u0161ie deti v \u0161t\u00fdle Montessori,<\/li>\n<\/ul>\n<p>senzorick\u00e9 hry.<\/p>\n<ul>\n<li>Oddychov\u00e1 z\u00f3na (Hlavn\u00e1 ulica): Hamaky, tulivaky, leh\u00e1tka, oddych.<\/li>\n<li>Nadrozmern\u00e9 spolo\u010densk\u00e9 hry.<\/li>\n<li>In\u0161tal\u00e1cia z Gal\u00e9rie J\u00e1na Koniareka: Juraj Dud\u00e1\u0161: Digi Doggie 2002-2023.<\/li>\n<li>Verklik\u00e1r (v Oddychovej z\u00f3ne).<\/li>\n<\/ul>\n<p><strong>Zdroj foto: <\/strong>Za\u017ei v Trnave<\/p>\n<p>Foto na titulke: M\u00e1jov\u00fd kvet_foto Za\u017ei v Trnave<\/p>\n<p>Viac inform\u00e1ci\u00ed na str\u00e1nke <a href=\"http:\/\/www.regiontrnava.sk\">www.regiontrnava.sk<\/a>, emailom <a href=\"mailto:info@trnavatourism.sk\">info@trnavatourism.sk<\/a> alebo priamo v\u00a0Turistickom informa\u010dnom centre \u2013 Regi\u00f3n Trnava. Otv\u00e1racie hodiny TIC n\u00e1jdete na <a href=\"https:\/\/www.regiontrnava.sk\/produkt\/turisticke-informacne-centrum\">www.regiontrnava.sk\/produkt\/turisticke-informacne-centrum<\/a> .<\/p>\n<p>N\u00e1jdete n\u00e1s aj na Facebooku <a href=\"http:\/\/www.facebook.com\/RegionTrnava\">www.facebook.com\/RegionTrnava<\/a> a\u00a0na Instagrame <a href=\"http:\/\/www.instagram.com\/regiontrnava\">www.instagram.com\/regiontrnava<\/a>.<\/p>\n<p>Te\u0161\u00edme sa na v\u00e1s v\u00a0Regi\u00f3ne Trnava!<\/p>\n","protected":false},"excerpt":{"rendered":"<p>Od \u0161tvrtka 15. m\u00e1ja do nedele 18. m\u00e1ja sa centrum Trnavy premen\u00ed na ve\u013ek\u00e9 kvetinov\u00e9 trhovisko. M\u00e1jov\u00fd kvet pon\u00faka pestr\u00fa paletu rastl\u00edn, vizu\u00e1lny z\u00e1\u017eitok aj\u00a0sprievodn\u00fd program. To v\u0161etko pod hol\u00fdm nebom. \u00a0 Do Trnavy mieri takmer stovka predajcov z r\u00f4znych k\u00fatov Slovenska \u2013 od ju\u017en\u00e9ho regi\u00f3nu cez Z\u00e1horie a\u017e po Tren\u010diansky kraj. Svoje st\u00e1nky rozlo\u017eia [&hellip;]<\/p>\n","protected":false},"author":10,"featured_media":93913,"comment_status":"closed","ping_status":"closed","sticky":false,"template":"","format":"standard","meta":{"footnotes":""},"categories":[13,45,11,52],"tags":[],"class_list":["post-93912","post","type-post","status-publish","format-standard","has-post-thumbnail","hentry","category-real-estate","category-nas-tip","category-news","category-outdoor","eq-blocks"],"_links":{"self":[{"href":"https:\/\/www.slovaklinesmagazin.sk\/cms\/wp-json\/wp\/v2\/posts\/93912","targetHints":{"allow":["GET"]}}],"collection":[{"href":"https:\/\/www.slovaklinesmagazin.sk\/cms\/wp-json\/wp\/v2\/posts"}],"about":[{"href":"https:\/\/www.slovaklinesmagazin.sk\/cms\/wp-json\/wp\/v2\/types\/post"}],"author":[{"embeddable":true,"href":"https:\/\/www.slovaklinesmagazin.sk\/cms\/wp-json\/wp\/v2\/users\/10"}],"replies":[{"embeddable":true,"href":"https:\/\/www.slovaklinesmagazin.sk\/cms\/wp-json\/wp\/v2\/comments?post=93912"}],"version-history":[{"count":1,"href":"https:\/\/www.slovaklinesmagazin.sk\/cms\/wp-json\/wp\/v2\/posts\/93912\/revisions"}],"predecessor-version":[{"id":93919,"href":"https:\/\/www.slovaklinesmagazin.sk\/cms\/wp-json\/wp\/v2\/posts\/93912\/revisions\/93919"}],"wp:featuredmedia":[{"embeddable":true,"href":"https:\/\/www.slovaklinesmagazin.sk\/cms\/wp-json\/wp\/v2\/media\/93913"}],"wp:attachment":[{"href":"https:\/\/www.slovaklinesmagazin.sk\/cms\/wp-json\/wp\/v2\/media?parent=93912"}],"wp:term":[{"taxonomy":"category","embeddable":true,"href":"https:\/\/www.slovaklinesmagazin.sk\/cms\/wp-json\/wp\/v2\/categories?post=93912"},{"taxonomy":"post_tag","embeddable":true,"href":"https:\/\/www.slovaklinesmagazin.sk\/cms\/wp-json\/wp\/v2\/tags?post=93912"}],"curies":[{"name":"wp","href":"https:\/\/api.w.org\/{rel}","templated":true}]}}