{"id":94001,"date":"2025-06-02T12:08:48","date_gmt":"2025-06-02T10:08:48","guid":{"rendered":"https:\/\/www.slovaklinesmagazin.sk\/cms\/?p=94001"},"modified":"2025-06-02T12:08:48","modified_gmt":"2025-06-02T10:08:48","slug":"cyklojazda-regionom-trnava-sa-po-uspesnom-prvom-rocniku-vracia-aj-tento-rok","status":"publish","type":"post","link":"https:\/\/www.slovaklinesmagazin.sk\/cms\/2025\/06\/cyklojazda-regionom-trnava-sa-po-uspesnom-prvom-rocniku-vracia-aj-tento-rok\/","title":{"rendered":"CYKLOJAZDA REGI\u00d3NOM TRNAVA SA PO \u00daSPE\u0160NOM PRVOM RO\u010cN\u00cdKU VRACIA AJ TENTO ROK"},"content":{"rendered":"<p><strong>Po \u00faspe\u0161nej premi\u00e9re, ktor\u00e1 minul\u00fd rok pril\u00e1kala viac ako 400 \u00fa\u010dastn\u00edkov, sa Cyklojazda Regi\u00f3nom Trnava vracia. V sobotu 14. j\u00fana prinesie op\u00e4\u0165 pohodov\u00fa jazdu po pr\u00edjemnej trase a komunitn\u00fa atmosf\u00e9ru pre cyklistov r\u00f4zneho veku.<\/strong><\/p>\n<p style=\"text-align: center;\"><strong>\u00a0<img loading=\"lazy\" decoding=\"async\" class=\"alignnone size-full wp-image-94003\" src=\"https:\/\/www.slovaklinesmagazin.sk\/cms\/wp-content\/uploads\/2025\/06\/MTBIKER-cyklojazda-Regionom-Trnava-2024_foto-MTBIKER-6.jpg\" alt=\"\" width=\"750\" height=\"499\" srcset=\"https:\/\/www.slovaklinesmagazin.sk\/cms\/wp-content\/uploads\/2025\/06\/MTBIKER-cyklojazda-Regionom-Trnava-2024_foto-MTBIKER-6.jpg 750w, https:\/\/www.slovaklinesmagazin.sk\/cms\/wp-content\/uploads\/2025\/06\/MTBIKER-cyklojazda-Regionom-Trnava-2024_foto-MTBIKER-6-300x200.jpg 300w, https:\/\/www.slovaklinesmagazin.sk\/cms\/wp-content\/uploads\/2025\/06\/MTBIKER-cyklojazda-Regionom-Trnava-2024_foto-MTBIKER-6-600x400.jpg 600w\" sizes=\"auto, (max-width: 750px) 100vw, 750px\" \/><\/strong><strong><img loading=\"lazy\" decoding=\"async\" class=\"alignnone  wp-image-94004\" src=\"https:\/\/www.slovaklinesmagazin.sk\/cms\/wp-content\/uploads\/2025\/06\/MTBIKER-cyklojazda-Regionom-Trnava-2024_foto-MTBIKER-5.jpg\" alt=\"\" width=\"697\" height=\"465\" srcset=\"https:\/\/www.slovaklinesmagazin.sk\/cms\/wp-content\/uploads\/2025\/06\/MTBIKER-cyklojazda-Regionom-Trnava-2024_foto-MTBIKER-5.jpg 750w, https:\/\/www.slovaklinesmagazin.sk\/cms\/wp-content\/uploads\/2025\/06\/MTBIKER-cyklojazda-Regionom-Trnava-2024_foto-MTBIKER-5-300x200.jpg 300w, https:\/\/www.slovaklinesmagazin.sk\/cms\/wp-content\/uploads\/2025\/06\/MTBIKER-cyklojazda-Regionom-Trnava-2024_foto-MTBIKER-5-600x400.jpg 600w\" sizes=\"auto, (max-width: 697px) 100vw, 697px\" \/><\/strong><strong>\u00a0<\/strong><\/p>\n<p>Spolo\u010dn\u00fd \u0161tart je napl\u00e1novan\u00fd <strong>z\u00a0Trnavy<\/strong>, z N\u00e1mestia SNP a povedie \u00fa\u010dastn\u00edkov po pribli\u017ene<\/p>\n<p><strong>40-kilometrovej trase<\/strong> cez <strong>vinohrady, polia a\u00a0okolit\u00e9 dediny<\/strong>. Na skupinu cyklistov \u010dak\u00e1 <strong>ob\u010derstvenie vo vin\u00e1rstve<\/strong> a\u00a0fin\u00e1le s vychladenou odmenou a sprievodn\u00fdm <strong>programom v\u00a0are\u00e1li golfov\u00e9ho ihriska<\/strong> v\u00a0rekrea\u010dnej oblasti Kamenn\u00fd mlyn.<\/p>\n<audio class=\"wp-audio-shortcode\" id=\"audio-94001-1\" preload=\"none\" style=\"width: 100%;\" controls=\"controls\"><source type=\"audio\/mpeg\" src=\"https:\/\/www.slovaklinesmagazin.sk\/cms\/wp-content\/uploads\/2025\/06\/Cyklojazda-Regionom-Trnava.m4a?_=1\" \/><a href=\"https:\/\/www.slovaklinesmagazin.sk\/cms\/wp-content\/uploads\/2025\/06\/Cyklojazda-Regionom-Trnava.m4a\">https:\/\/www.slovaklinesmagazin.sk\/cms\/wp-content\/uploads\/2025\/06\/Cyklojazda-Regionom-Trnava.m4a<\/a><\/audio>\n<p><em>\u201eCyklojazda Regi\u00f3nom Trnava nie je o v\u00fdkone, ale o z\u00e1\u017eitku. Je ur\u010den\u00e1 pre ka\u017ed\u00e9ho, kto chce spozna\u0165 kr\u00e1sy n\u00e1\u0161ho regi\u00f3nu zo sedla bicykla \u2013 pohodov\u00fdm tempom a v dobrej spolo\u010dnosti,\u201c<\/em> hovor\u00ed <strong>Alexander Prostin\u00e1k, <\/strong>riadite\u013e Oblastnej organiz\u00e1cie cestovn\u00e9ho ruchu Trnava Tourism.<\/p>\n<p style=\"text-align: center;\">\n<p>Trasa \u013eud\u00ed povedie po \u00faseku pripravovanej <strong>vinohradn\u00edckej cykloturistickej trasy<\/strong>, ktor\u00e1 <strong>bude zna\u010den\u00e1 v\u00a0tomto roku<\/strong>. Projekt pripravuje Oblastn\u00e1 organiz\u00e1cia cestovn\u00e9ho\u00a0ruchu Trnava Tourism s cie\u013eom <strong>prepoji\u0165 vinohradn\u00edcke obce<\/strong> v okol\u00ed Trnavy do jedn\u00e9ho tematick\u00e9ho celku. <em>\u201eReagujeme tak na rast\u00faci z\u00e1ujem o bezpe\u010dn\u00e9 a z\u00e1\u017eitkov\u00e9 cyklotrasy, ktor\u00e9 prep\u00e1jaj\u00fa pr\u00edrodu, kult\u00faru a miestne trad\u00edcie. Projektom vinohradn\u00edckej cyklotrasy nadvia\u017eeme na strategick\u00e9 ciele rozvoja udr\u017eate\u013en\u00e9ho cestovn\u00e9ho ruchu v na\u0161om regi\u00f3ne a prinesie nov\u00e9 mo\u017enosti pre akt\u00edvnych n\u00e1v\u0161tevn\u00edkov aj miestne komunity,\u201c <\/em>vysvet\u013euje Alexander Prostin\u00e1k.<\/p>\n<p style=\"text-align: center;\"><img loading=\"lazy\" decoding=\"async\" class=\"alignnone size-full wp-image-94005\" src=\"https:\/\/www.slovaklinesmagazin.sk\/cms\/wp-content\/uploads\/2025\/06\/MTBIKER-cyklojazda-Regionom-Trnava-2024_foto-MTBIKER-10.jpg\" alt=\"\" width=\"750\" height=\"499\" srcset=\"https:\/\/www.slovaklinesmagazin.sk\/cms\/wp-content\/uploads\/2025\/06\/MTBIKER-cyklojazda-Regionom-Trnava-2024_foto-MTBIKER-10.jpg 750w, https:\/\/www.slovaklinesmagazin.sk\/cms\/wp-content\/uploads\/2025\/06\/MTBIKER-cyklojazda-Regionom-Trnava-2024_foto-MTBIKER-10-300x200.jpg 300w, https:\/\/www.slovaklinesmagazin.sk\/cms\/wp-content\/uploads\/2025\/06\/MTBIKER-cyklojazda-Regionom-Trnava-2024_foto-MTBIKER-10-600x400.jpg 600w\" sizes=\"auto, (max-width: 750px) 100vw, 750px\" \/><\/p>\n<p>Prv\u00fd ro\u010dn\u00edk spolo\u010dnej Cyklojazdy Regi\u00f3nom Trnava absolvovalo viac ako 400 \u00fa\u010dastn\u00edkov. <strong>\u00da\u010das\u0165 tak v\u00fdrazne prekonala o\u010dak\u00e1vania<\/strong> organiz\u00e1torov a podujatie si \u00a0vysl\u00fa\u017eilo pozit\u00edvne reakcie aj od \u00fa\u010dastn\u00edkov. Niektor\u00ed boli ochotn\u00ed prekona\u0165 za podujat\u00edm dlh\u00fa cestu. \u201e<em>Na toto hromadn\u00e9 podujatie sme s mojou drahou polovi\u010dkou cestovali autom 150 km. Chceli sme si zajazdi\u0165 pr\u00edrodou v nepoznanom regi\u00f3ne a spozna\u0165 \u013eud\u00ed. U\u017e na parkovisku sme sa dali do re\u010di s\u00a0pr\u00edjemn\u00fdmi dom\u00e1cimi, ktor\u00ed n\u00e1s odprevadili na \u0161tart. V\u0161etko \u010do nasledovalo, bol pre n\u00e1s bonus. \u010eakujem ka\u017ed\u00e9mu, kto prilo\u017eil ruku k dielu a mohlo sa uskuto\u010dni\u0165 tak\u00e9to podujatie<\/em>,\u201c reagoval Miroslav, jeden z\u00a0\u00fa\u010dastn\u00edkov prv\u00e9ho ro\u010dn\u00edka.<\/p>\n<p style=\"text-align: center;\"><img loading=\"lazy\" decoding=\"async\" class=\"alignnone size-full wp-image-94006\" src=\"https:\/\/www.slovaklinesmagazin.sk\/cms\/wp-content\/uploads\/2025\/06\/MTBIKER-cyklojazda-Regionom-Trnava-2024_foto-MTBIKER-3.jpg\" alt=\"\" width=\"750\" height=\"500\" srcset=\"https:\/\/www.slovaklinesmagazin.sk\/cms\/wp-content\/uploads\/2025\/06\/MTBIKER-cyklojazda-Regionom-Trnava-2024_foto-MTBIKER-3.jpg 750w, https:\/\/www.slovaklinesmagazin.sk\/cms\/wp-content\/uploads\/2025\/06\/MTBIKER-cyklojazda-Regionom-Trnava-2024_foto-MTBIKER-3-300x200.jpg 300w, https:\/\/www.slovaklinesmagazin.sk\/cms\/wp-content\/uploads\/2025\/06\/MTBIKER-cyklojazda-Regionom-Trnava-2024_foto-MTBIKER-3-600x400.jpg 600w\" sizes=\"auto, (max-width: 750px) 100vw, 750px\" \/><\/p>\n<p><em>\u201eTento rok cyklojazdu pl\u00e1nujeme e\u0161te pohodovej\u0161iu a\u00a0priate\u013eskej\u0161iu aj pre men\u0161\u00edch cyklistov. Pridajte sa a sta\u0148te sa s\u00fa\u010das\u0165ou pelot\u00f3nu, ktor\u00fd ukazuje, \u017ee Trnava a jej okolie patria medzi najkraj\u0161ie cykloregi\u00f3ny Slovenska<\/em>,\u201c dod\u00e1va <strong>Viera Tran\u017e\u00edkov\u00e1<\/strong> marketingov\u00e1 mana\u017e\u00e9rka Trnava Tourism.<\/p>\n<p>&nbsp;<\/p>\n<p>Cyklojazdu Regi\u00f3nom Trnava organizuje <strong>OOCR Trnava Tourism<\/strong> v\u00a0spolupr\u00e1ci s <strong>port\u00e1lom MTBIKER<\/strong> v\u010faka finan\u010dnej podpore <strong>Ministerstva cestovn\u00e9ho ruchu a \u0161portu Slovenskej republiky.<\/strong> V\u00edtan\u00ed s\u00fa jednotlivci, skupiny aj rodiny s de\u0165mi \u2013 sta\u010d\u00ed si skontrolova\u0165 bicykel a vyrazi\u0165 za letn\u00fdm dobrodru\u017estvom.<\/p>\n<p>Viac inform\u00e1ci\u00ed na webe <a href=\"http:\/\/www.regiontrnava.sk\/produkt\/cyklojazda-regionom-trnava-2025\">www.regiontrnava.sk\/produkt\/cyklojazda-regionom-trnava-2025<\/a><strong>\u00a0<\/strong><\/p>\n<p><strong>Zdroj foto: <\/strong>Region Trnava<\/p>\n<p>Viac inform\u00e1ci\u00ed na str\u00e1nke <a href=\"http:\/\/www.regiontrnava.sk\">www.regiontrnava.sk<\/a>, emailom <a href=\"mailto:info@trnavatourism.sk\">info@trnavatourism.sk<\/a> alebo priamo v\u00a0Turistickom informa\u010dnom centre \u2013 Regi\u00f3n Trnava. Otv\u00e1racie hodiny TIC n\u00e1jdete na <a href=\"https:\/\/www.regiontrnava.sk\/produkt\/turisticke-informacne-centrum\">www.regiontrnava.sk\/produkt\/turisticke-informacne-centrum<\/a> .<\/p>\n<p>N\u00e1jdete n\u00e1s aj na Facebooku <a href=\"http:\/\/www.facebook.com\/RegionTrnava\">www.facebook.com\/RegionTrnava<\/a> a\u00a0na Instagrame <a href=\"http:\/\/www.instagram.com\/regiontrnava\">www.instagram.com\/regiontrnava<\/a>.<\/p>\n<p>Te\u0161\u00edme sa na v\u00e1s v\u00a0Regi\u00f3ne Trnava!<\/p>\n<p><strong>Realizovan\u00e9 s finan\u010dnou podporou Ministerstva cestovn\u00e9ho ruchu a \u0161portu Slovenskej republiky.<\/strong><\/p>\n<p>&nbsp;<\/p>\n","protected":false},"excerpt":{"rendered":"<p>Po \u00faspe\u0161nej premi\u00e9re, ktor\u00e1 minul\u00fd rok pril\u00e1kala viac ako 400 \u00fa\u010dastn\u00edkov, sa Cyklojazda Regi\u00f3nom Trnava vracia. V sobotu 14. j\u00fana prinesie op\u00e4\u0165 pohodov\u00fa jazdu po pr\u00edjemnej trase a komunitn\u00fa atmosf\u00e9ru pre cyklistov r\u00f4zneho veku. \u00a0\u00a0 Spolo\u010dn\u00fd \u0161tart je napl\u00e1novan\u00fd z\u00a0Trnavy, z N\u00e1mestia SNP a povedie \u00fa\u010dastn\u00edkov po pribli\u017ene 40-kilometrovej trase cez vinohrady, polia a\u00a0okolit\u00e9 dediny. [&hellip;]<\/p>\n","protected":false},"author":10,"featured_media":94003,"comment_status":"closed","ping_status":"closed","sticky":false,"template":"","format":"standard","meta":{"footnotes":""},"categories":[13,11,52,50,14],"tags":[],"class_list":["post-94001","post","type-post","status-publish","format-standard","has-post-thumbnail","hentry","category-real-estate","category-news","category-outdoor","category-radim-vam","category-sport","eq-blocks"],"_links":{"self":[{"href":"https:\/\/www.slovaklinesmagazin.sk\/cms\/wp-json\/wp\/v2\/posts\/94001","targetHints":{"allow":["GET"]}}],"collection":[{"href":"https:\/\/www.slovaklinesmagazin.sk\/cms\/wp-json\/wp\/v2\/posts"}],"about":[{"href":"https:\/\/www.slovaklinesmagazin.sk\/cms\/wp-json\/wp\/v2\/types\/post"}],"author":[{"embeddable":true,"href":"https:\/\/www.slovaklinesmagazin.sk\/cms\/wp-json\/wp\/v2\/users\/10"}],"replies":[{"embeddable":true,"href":"https:\/\/www.slovaklinesmagazin.sk\/cms\/wp-json\/wp\/v2\/comments?post=94001"}],"version-history":[{"count":1,"href":"https:\/\/www.slovaklinesmagazin.sk\/cms\/wp-json\/wp\/v2\/posts\/94001\/revisions"}],"predecessor-version":[{"id":94007,"href":"https:\/\/www.slovaklinesmagazin.sk\/cms\/wp-json\/wp\/v2\/posts\/94001\/revisions\/94007"}],"wp:featuredmedia":[{"embeddable":true,"href":"https:\/\/www.slovaklinesmagazin.sk\/cms\/wp-json\/wp\/v2\/media\/94003"}],"wp:attachment":[{"href":"https:\/\/www.slovaklinesmagazin.sk\/cms\/wp-json\/wp\/v2\/media?parent=94001"}],"wp:term":[{"taxonomy":"category","embeddable":true,"href":"https:\/\/www.slovaklinesmagazin.sk\/cms\/wp-json\/wp\/v2\/categories?post=94001"},{"taxonomy":"post_tag","embeddable":true,"href":"https:\/\/www.slovaklinesmagazin.sk\/cms\/wp-json\/wp\/v2\/tags?post=94001"}],"curies":[{"name":"wp","href":"https:\/\/api.w.org\/{rel}","templated":true}]}}