{"id":94155,"date":"2025-10-22T17:11:28","date_gmt":"2025-10-22T15:11:28","guid":{"rendered":"https:\/\/www.slovaklinesmagazin.sk\/cms\/?p=94155"},"modified":"2025-10-22T17:12:24","modified_gmt":"2025-10-22T15:12:24","slug":"uzite-si-zimny-cas-v-objati-hor-a-jazera","status":"publish","type":"post","link":"https:\/\/www.slovaklinesmagazin.sk\/cms\/2025\/10\/uzite-si-zimny-cas-v-objati-hor-a-jazera\/","title":{"rendered":"U\u017eite si zimn\u00fd \u010cAS v objat\u00ed h\u00f4r a jazera"},"content":{"rendered":"<p>Vo svete, ktor\u00fd sa to\u010d\u00ed \u010doraz r\u00fdchlej\u0161ie, otv\u00e1ra regi\u00f3n Millst\u00e4tter See \u2013 Bad Kleinkirchheim \u2013 Nockberge priestor pre v\u00fdnimo\u010dn\u00fd zimn\u00fd \u010cAS. V piatich ly\u017eiarskych stredisk\u00e1ch si ka\u017ed\u00fd pr\u00edde na svoje \u2013 rodiny aj \u0161portov\u00ed nad\u0161enci. V dvoch term\u00e1lnych k\u00fape\u013eoch a modernom k\u00fape\u013enom dome si m\u00f4\u017eete vychutna\u0165 teplo a pohodu. Aj otu\u017eovanie v trblietaj\u00facom sa jazere sa tu men\u00ed na nezabudnute\u013en\u00fd z\u00e1\u017eitok. V oblasti jazier a h\u00f4r \u010cAS neplynie, je tu pre v\u00e1s \u2013 na oddych, re\u0161tart a nov\u00e9 na\u010derpanie s\u00edl. \u010cAS na m\u00f4j \u010cAS tu nie je len sloganom, ale skuto\u010dn\u00fdm pr\u00eds\u013eubom.<\/p>\n<p style=\"text-align: center;\"><img loading=\"lazy\" decoding=\"async\" class=\"alignnone size-full wp-image-94156\" src=\"https:\/\/www.slovaklinesmagazin.sk\/cms\/wp-content\/uploads\/2025\/10\/Wellness_Badehaus-Millstatter-See_Herbst-\u00a9-Gert-Perauer_MBN-Tourismus-32-scaled.jpg\" alt=\"\" width=\"2560\" height=\"1707\" srcset=\"https:\/\/www.slovaklinesmagazin.sk\/cms\/wp-content\/uploads\/2025\/10\/Wellness_Badehaus-Millstatter-See_Herbst-\u00a9-Gert-Perauer_MBN-Tourismus-32-scaled.jpg 2560w, https:\/\/www.slovaklinesmagazin.sk\/cms\/wp-content\/uploads\/2025\/10\/Wellness_Badehaus-Millstatter-See_Herbst-\u00a9-Gert-Perauer_MBN-Tourismus-32-300x200.jpg 300w, https:\/\/www.slovaklinesmagazin.sk\/cms\/wp-content\/uploads\/2025\/10\/Wellness_Badehaus-Millstatter-See_Herbst-\u00a9-Gert-Perauer_MBN-Tourismus-32-1024x683.jpg 1024w, https:\/\/www.slovaklinesmagazin.sk\/cms\/wp-content\/uploads\/2025\/10\/Wellness_Badehaus-Millstatter-See_Herbst-\u00a9-Gert-Perauer_MBN-Tourismus-32-768x512.jpg 768w, https:\/\/www.slovaklinesmagazin.sk\/cms\/wp-content\/uploads\/2025\/10\/Wellness_Badehaus-Millstatter-See_Herbst-\u00a9-Gert-Perauer_MBN-Tourismus-32-1536x1024.jpg 1536w, https:\/\/www.slovaklinesmagazin.sk\/cms\/wp-content\/uploads\/2025\/10\/Wellness_Badehaus-Millstatter-See_Herbst-\u00a9-Gert-Perauer_MBN-Tourismus-32-2048x1365.jpg 2048w\" sizes=\"auto, (max-width: 2560px) 100vw, 2560px\" \/><\/p>\n<p><strong>Od rodinnej zjazdovky a\u017e po svetov\u00fd poh\u00e1r \u2013 p\u00e4\u0165 ly\u017eiarskych stred\u00edsk, jedno zimn\u00e9 kr\u00e1\u013eovstvo.<\/strong><\/p>\n<p>Otvor dvere &#8211; obuj ly\u017ee- ide sa: ke\u010f je dokonale upraven\u00e1 zjazdovka len na skok, zimn\u00fd \u010cAS sa premen\u00ed na \u010dist\u00fd p\u00f4\u017eitok. \u010cak\u00e1 tu na v\u00e1s p\u00e4\u0165 ly\u017eiarskych stred\u00edsk s nespo\u010detn\u00fdm mno\u017estvom zjazdoviek v\u0161etk\u00fdch mo\u017en\u00fdch \u00farovn\u00ed, ktor\u00e9 \u010dakaj\u00fa na presk\u00famanie. Chcete si na ju\u017enej strane \u00c1lp u\u017e\u00edva\u0165 ka\u017ed\u00fd de\u0148 in\u00e9 ly\u017eiarske stredisko? Pribli\u017ene 200 km zjazdoviek v\u00e1s poz\u00fdva na ly\u017eova\u010dku pod slne\u010dn\u00fdmi l\u00fa\u010dmi. Bad Kleinkirchheim, Turracher H\u00f6he, Sportberg Goldeck, Hochrindl a Falkert.<\/p>\n<p style=\"text-align: center;\"><img loading=\"lazy\" decoding=\"async\" class=\"alignnone size-full wp-image-94157\" src=\"https:\/\/www.slovaklinesmagazin.sk\/cms\/wp-content\/uploads\/2025\/10\/Skifahren_Bad-Kleinkirchheim_Winter-\u00a9Gert-Perauer_MBN-Tourismus-63.jpg\" alt=\"\" width=\"2048\" height=\"1365\" srcset=\"https:\/\/www.slovaklinesmagazin.sk\/cms\/wp-content\/uploads\/2025\/10\/Skifahren_Bad-Kleinkirchheim_Winter-\u00a9Gert-Perauer_MBN-Tourismus-63.jpg 2048w, https:\/\/www.slovaklinesmagazin.sk\/cms\/wp-content\/uploads\/2025\/10\/Skifahren_Bad-Kleinkirchheim_Winter-\u00a9Gert-Perauer_MBN-Tourismus-63-300x200.jpg 300w, https:\/\/www.slovaklinesmagazin.sk\/cms\/wp-content\/uploads\/2025\/10\/Skifahren_Bad-Kleinkirchheim_Winter-\u00a9Gert-Perauer_MBN-Tourismus-63-1024x683.jpg 1024w, https:\/\/www.slovaklinesmagazin.sk\/cms\/wp-content\/uploads\/2025\/10\/Skifahren_Bad-Kleinkirchheim_Winter-\u00a9Gert-Perauer_MBN-Tourismus-63-768x512.jpg 768w, https:\/\/www.slovaklinesmagazin.sk\/cms\/wp-content\/uploads\/2025\/10\/Skifahren_Bad-Kleinkirchheim_Winter-\u00a9Gert-Perauer_MBN-Tourismus-63-1536x1024.jpg 1536w\" sizes=\"auto, (max-width: 2048px) 100vw, 2048px\" \/><\/p>\n<p><strong>Zimn\u00fd \u010cAS, wellness \u010cAS<\/strong><\/p>\n<p>Popri p\u00f4\u017eitk\u00e1rskom ly\u017eovan\u00ed na \u0161irok\u00fdch slne\u010dn\u00fdch svahoch sa o porciu sne\u017en\u00e9ho dobrodru\u017estva postaraj\u00fa zimn\u00e9 turistick\u00e9 chodn\u00edky, pr\u00edrodn\u00e9 s\u00e1nkarsk\u00e9 dr\u00e1hy, t\u00fary na sne\u017eniciach, skialpov\u00e9 v\u00fdstupy a jazdy v konskom z\u00e1prahu. Sl\u00e1vnostn\u00fd z\u00e1ver zimn\u00e9ho d\u0148a m\u00f4\u017eete ukon\u010di\u0165 v lie\u010divej term\u00e1lnej vode v meste\u010dku Bad Kleinkirchheim v term\u00e1lnych k\u00fape\u013eoch R\u00f6merbad a St. Kathrein. Dvoje k\u00fapele \u2013 jedno miesto: unik\u00e1t v r\u00e1mci Rak\u00faska. Ponuku dop\u013a\u0148a wellness na brehu jazera v k\u00fape\u013enom dome Badehaus Millst\u00e4tter See: modern\u00e1 architekt\u00fara, panoramatick\u00e9 v\u00fdh\u013eady a blahodarn\u00e9 saunov\u00e9 ritu\u00e1ly, po ktor\u00fdch nasleduje osvie\u017euj\u00faci skok do jazera \u2013 zimn\u00fd wellness na najvy\u0161\u0161ej \u00farovni.<\/p>\n<p><strong>Workshopy otu\u017eovania v Korut\u00e1nsku<\/strong><\/p>\n<p>Kto sa odv\u00e1\u017ei sko\u010di\u0165 do studenej vody, priprav\u00ed si imunitu na ka\u017edodenn\u00e9 v\u00fdzvy. Pri jazere Millst\u00e4tter See, v meste\u010dku Bad Kleinkirchheim a v pohor\u00ed Nockberge, sa po prv\u00fd raz po\u010das celej zimy konaj\u00fa workshopy otu\u017eovania pod\u013ea met\u00f3dy Wima Hofa. Zotavuj\u00face workshopy trvaj\u00fa pribli\u017ene p\u00e4\u0165 hod\u00edn a ved\u00fa ich certifikovan\u00ed kou\u010di. \u201e\u0160peci\u00e1lne dychov\u00e9 techniky v spojen\u00ed s chladom a ment\u00e1lnym tr\u00e9ningom posil\u0148uj\u00fa fyzick\u00fa aj du\u0161evn\u00fa odolnos\u0165,\u201c vysvet\u013euje tr\u00e9ner met\u00f3dy Wima Hofa, Bernhard Friedrich. Hostia tak na\u010derpaj\u00fa sily na \u010fal\u0161ie dobrodru\u017estv\u00e1 v kulis\u00e1ch dychber\u00facej pr\u00edrody. Pri opusten\u00ed svojej komfortnej z\u00f3ny sa ka\u017ed\u00fd s\u00e1m rozhodne, ako dlho pobudne v \u013eadovom k\u00fapeli. Na workshopy boli vybran\u00e9 exkluz\u00edvne prev\u00e1dzky s priamym pr\u00edstupom k jazeru alebo k\u00fape\u013en\u00fdm z\u00f3nam. Okrem pokynov na cvi\u010denie doma s\u00fa v cene zahrnut\u00e9 aj \u010fal\u0161ie zdravotn\u00e9 pobyty v z\u00e1vislosti od zvolen\u00e9ho bal\u00edka (hotely pon\u00fakaj\u00fa r\u00f4zne dovolenkov\u00e9 akcie). Viac inform\u00e1ci\u00ed n\u00e1jdete na www.seeundberg.at\/kaltbaden.<\/p>\n<p style=\"text-align: center;\"><img loading=\"lazy\" decoding=\"async\" class=\"alignnone size-full wp-image-94158\" src=\"https:\/\/www.slovaklinesmagazin.sk\/cms\/wp-content\/uploads\/2025\/10\/Gesundheit_Kaltbaden_Millstatter-See_Hotel-Seefischer_Herbst-\u00a9Michael-Stabentheiner_Karnten-Werbung-1-2-scaled.jpg\" alt=\"\" width=\"2560\" height=\"1707\" srcset=\"https:\/\/www.slovaklinesmagazin.sk\/cms\/wp-content\/uploads\/2025\/10\/Gesundheit_Kaltbaden_Millstatter-See_Hotel-Seefischer_Herbst-\u00a9Michael-Stabentheiner_Karnten-Werbung-1-2-scaled.jpg 2560w, https:\/\/www.slovaklinesmagazin.sk\/cms\/wp-content\/uploads\/2025\/10\/Gesundheit_Kaltbaden_Millstatter-See_Hotel-Seefischer_Herbst-\u00a9Michael-Stabentheiner_Karnten-Werbung-1-2-300x200.jpg 300w, https:\/\/www.slovaklinesmagazin.sk\/cms\/wp-content\/uploads\/2025\/10\/Gesundheit_Kaltbaden_Millstatter-See_Hotel-Seefischer_Herbst-\u00a9Michael-Stabentheiner_Karnten-Werbung-1-2-1024x683.jpg 1024w, https:\/\/www.slovaklinesmagazin.sk\/cms\/wp-content\/uploads\/2025\/10\/Gesundheit_Kaltbaden_Millstatter-See_Hotel-Seefischer_Herbst-\u00a9Michael-Stabentheiner_Karnten-Werbung-1-2-768x512.jpg 768w, https:\/\/www.slovaklinesmagazin.sk\/cms\/wp-content\/uploads\/2025\/10\/Gesundheit_Kaltbaden_Millstatter-See_Hotel-Seefischer_Herbst-\u00a9Michael-Stabentheiner_Karnten-Werbung-1-2-1536x1024.jpg 1536w, https:\/\/www.slovaklinesmagazin.sk\/cms\/wp-content\/uploads\/2025\/10\/Gesundheit_Kaltbaden_Millstatter-See_Hotel-Seefischer_Herbst-\u00a9Michael-Stabentheiner_Karnten-Werbung-1-2-2048x1365.jpg 2048w\" sizes=\"auto, (max-width: 2560px) 100vw, 2560px\" \/><\/p>\n<p style=\"text-align: center;\"><img loading=\"lazy\" decoding=\"async\" class=\"alignnone size-full wp-image-94159\" src=\"https:\/\/www.slovaklinesmagazin.sk\/cms\/wp-content\/uploads\/2025\/10\/Gesundheit_Kaltbaden_Millstatter-See_Fischerpark_Herbst-\u00a9Michael-Stabentheiner_Karnten-Werbung-3-scaled.jpg\" alt=\"\" width=\"2560\" height=\"1707\" srcset=\"https:\/\/www.slovaklinesmagazin.sk\/cms\/wp-content\/uploads\/2025\/10\/Gesundheit_Kaltbaden_Millstatter-See_Fischerpark_Herbst-\u00a9Michael-Stabentheiner_Karnten-Werbung-3-scaled.jpg 2560w, https:\/\/www.slovaklinesmagazin.sk\/cms\/wp-content\/uploads\/2025\/10\/Gesundheit_Kaltbaden_Millstatter-See_Fischerpark_Herbst-\u00a9Michael-Stabentheiner_Karnten-Werbung-3-300x200.jpg 300w, https:\/\/www.slovaklinesmagazin.sk\/cms\/wp-content\/uploads\/2025\/10\/Gesundheit_Kaltbaden_Millstatter-See_Fischerpark_Herbst-\u00a9Michael-Stabentheiner_Karnten-Werbung-3-1024x683.jpg 1024w, https:\/\/www.slovaklinesmagazin.sk\/cms\/wp-content\/uploads\/2025\/10\/Gesundheit_Kaltbaden_Millstatter-See_Fischerpark_Herbst-\u00a9Michael-Stabentheiner_Karnten-Werbung-3-768x512.jpg 768w, https:\/\/www.slovaklinesmagazin.sk\/cms\/wp-content\/uploads\/2025\/10\/Gesundheit_Kaltbaden_Millstatter-See_Fischerpark_Herbst-\u00a9Michael-Stabentheiner_Karnten-Werbung-3-1536x1024.jpg 1536w, https:\/\/www.slovaklinesmagazin.sk\/cms\/wp-content\/uploads\/2025\/10\/Gesundheit_Kaltbaden_Millstatter-See_Fischerpark_Herbst-\u00a9Michael-Stabentheiner_Karnten-Werbung-3-2048x1365.jpg 2048w\" sizes=\"auto, (max-width: 2560px) 100vw, 2560px\" \/><\/p>\n<p><strong>P\u00f4\u017eitkov\u00fd \u010cAS \u2013 gastron\u00f3mia v kombin\u00e1cii s \u010darovn\u00fdm adventom medzi jazerom a horami<\/strong><\/p>\n<p>Medzi tradi\u010dn\u00fdmi receptami a kreat\u00edvnou rafinovanos\u0165ou sa v regi\u00f3ne rozv\u00edja kult\u00fara stolovania, ktor\u00e1 stavia na kvalite a p\u00f4vode surov\u00edn. V certifikovan\u00fdch miestach Slow Food Villages sa vedome \u017eije region\u00e1lnymi surovinami \u2013 stretnete tu pestovate\u013eov, objav\u00edte nov\u00e9 chute a z\u00edskate nov\u00fd poh\u013ead na p\u00f4\u017eitok z jedla. Na tanieroch sa alpsk\u00e9 ar\u00f3my sp\u00e1jaj\u00fa s ju\u017eanskou \u013eahkos\u0165ou \u2013 poctivo a z\u00e1rove\u0148 prekvapivo. Aj kult\u00fara m\u00e1 v zime svoje pevn\u00e9 miesto. A\u017e do 6. janu\u00e1ra 2026 sa regi\u00f3n men\u00ed na sc\u00e9nu pln\u00fa svetla a hudby. Jeho srdcom je adventn\u00fd chodn\u00edk, Millst\u00e4tter Lichtweg, s ka\u017edodenne nasvieten\u00fdmi zast\u00e1vkami, ozvu\u010den\u00fdmi priestormi a projekciami od kolekt\u00edvu umelcov OchoReSotto. Novinka: po\u00e9zia v kombin\u00e1cii so zvukom a svetlami v Schillerparku. Program dop\u013a\u0148a viano\u010dn\u00e1 po\u0161ta, lo\u010fky prian\u00ed, bylinkov\u00e9 o\u010distn\u00e9 t\u00fary &#8211; R\u00e4ucherwanderung, adventn\u00e9 trhy a zimn\u00e1 plavba lo\u010fou MS Porcia. V obci Bad Kleinkirchheim sa pokojn\u00fd \u010cAS nalad\u00ed na rytmus Vianoc. Region\u00e1lne remeslo, jemn\u00e9 v\u00f4ne, viano\u010dn\u00fd chodn\u00edk, region\u00e1lne podujatie &#8222;Weg der W\u00e4rme&#8220; a tich\u00e1 hudba vytv\u00e1raj\u00fa ne\u017en\u00fa atmosf\u00e9ru. Pod\u013ea slogana \u201eWarm ums Herz \u2013 Let it slow\u201c, &#8222;Teplo pri srdci &#8211; dopraj si pomalos\u0165&#8220; si po\u010das adventu v Bad Kleinkirchheim doprajete \u010das na odpo\u010dinok vo vlastnom tempe.<\/p>\n<p style=\"text-align: center;\"><img loading=\"lazy\" decoding=\"async\" class=\"alignnone size-full wp-image-94160\" src=\"https:\/\/www.slovaklinesmagazin.sk\/cms\/wp-content\/uploads\/2025\/10\/Wellness_Badehaus-Millstatter-See_Herbst-\u00a9-Gert-Perauer_MBN-Tourismus-32-1-scaled.jpg\" alt=\"\" width=\"2560\" height=\"1707\" srcset=\"https:\/\/www.slovaklinesmagazin.sk\/cms\/wp-content\/uploads\/2025\/10\/Wellness_Badehaus-Millstatter-See_Herbst-\u00a9-Gert-Perauer_MBN-Tourismus-32-1-scaled.jpg 2560w, https:\/\/www.slovaklinesmagazin.sk\/cms\/wp-content\/uploads\/2025\/10\/Wellness_Badehaus-Millstatter-See_Herbst-\u00a9-Gert-Perauer_MBN-Tourismus-32-1-300x200.jpg 300w, https:\/\/www.slovaklinesmagazin.sk\/cms\/wp-content\/uploads\/2025\/10\/Wellness_Badehaus-Millstatter-See_Herbst-\u00a9-Gert-Perauer_MBN-Tourismus-32-1-1024x683.jpg 1024w, https:\/\/www.slovaklinesmagazin.sk\/cms\/wp-content\/uploads\/2025\/10\/Wellness_Badehaus-Millstatter-See_Herbst-\u00a9-Gert-Perauer_MBN-Tourismus-32-1-768x512.jpg 768w, https:\/\/www.slovaklinesmagazin.sk\/cms\/wp-content\/uploads\/2025\/10\/Wellness_Badehaus-Millstatter-See_Herbst-\u00a9-Gert-Perauer_MBN-Tourismus-32-1-1536x1024.jpg 1536w, https:\/\/www.slovaklinesmagazin.sk\/cms\/wp-content\/uploads\/2025\/10\/Wellness_Badehaus-Millstatter-See_Herbst-\u00a9-Gert-Perauer_MBN-Tourismus-32-1-2048x1365.jpg 2048w\" sizes=\"auto, (max-width: 2560px) 100vw, 2560px\" \/><\/p>\n<p><strong>Nockbergsk\u00fd trail \u2013 zima, nekone\u010dn\u00e1 pr\u00edroda a divo\u010dina<\/strong><\/p>\n<p>Prv\u00fd skialpov\u00fd trail v Rak\u00fasku, ktor\u00fd je mo\u017en\u00e9 rezervova\u0165 online, vedie v \u0161tyroch etap\u00e1ch a na viac ne\u017e 60 kilometroch cez Biosf\u00e9rick\u00fd park UNESCO Nockberge \u2013 od Katschbergu po Bad Kleinkirchheim. T\u00e1to trasa sp\u00e1ja vzru\u0161uj\u00face jazdy v hlbokom snehu s pohodov\u00fdm k\u013azan\u00edm po upraven\u00fdch zjazdovk\u00e1ch a pritom pon\u00faka v\u0161etky v\u00fdhody ly\u017eiarskych stred\u00edsk Turracher H\u00f6he, Falkert a Bad Kleinkirchheim. Pohodln\u00e9 hotely, chaty a wellness centr\u00e1 zaru\u010duj\u00fa p\u00f4\u017eitok a relax. Od roku 2022 je mo\u017en\u00e9 rezervova\u0165 si v\u00fdstup aj ako t\u00faru so sprievodcom na sne\u017eniciach.<\/p>\n<p style=\"text-align: center;\"><img loading=\"lazy\" decoding=\"async\" class=\"alignnone size-full wp-image-94161\" src=\"https:\/\/www.slovaklinesmagazin.sk\/cms\/wp-content\/uploads\/2025\/10\/Schneeschuhwandern_Millstatter-Alpe_Millstatter-See_Winter-\u00a9Gert-Perauer_MBN-Tourismus-2-1-scaled.jpg\" alt=\"\" width=\"2560\" height=\"1708\" srcset=\"https:\/\/www.slovaklinesmagazin.sk\/cms\/wp-content\/uploads\/2025\/10\/Schneeschuhwandern_Millstatter-Alpe_Millstatter-See_Winter-\u00a9Gert-Perauer_MBN-Tourismus-2-1-scaled.jpg 2560w, https:\/\/www.slovaklinesmagazin.sk\/cms\/wp-content\/uploads\/2025\/10\/Schneeschuhwandern_Millstatter-Alpe_Millstatter-See_Winter-\u00a9Gert-Perauer_MBN-Tourismus-2-1-300x200.jpg 300w, https:\/\/www.slovaklinesmagazin.sk\/cms\/wp-content\/uploads\/2025\/10\/Schneeschuhwandern_Millstatter-Alpe_Millstatter-See_Winter-\u00a9Gert-Perauer_MBN-Tourismus-2-1-1024x683.jpg 1024w, https:\/\/www.slovaklinesmagazin.sk\/cms\/wp-content\/uploads\/2025\/10\/Schneeschuhwandern_Millstatter-Alpe_Millstatter-See_Winter-\u00a9Gert-Perauer_MBN-Tourismus-2-1-768x512.jpg 768w, https:\/\/www.slovaklinesmagazin.sk\/cms\/wp-content\/uploads\/2025\/10\/Schneeschuhwandern_Millstatter-Alpe_Millstatter-See_Winter-\u00a9Gert-Perauer_MBN-Tourismus-2-1-1536x1025.jpg 1536w, https:\/\/www.slovaklinesmagazin.sk\/cms\/wp-content\/uploads\/2025\/10\/Schneeschuhwandern_Millstatter-Alpe_Millstatter-See_Winter-\u00a9Gert-Perauer_MBN-Tourismus-2-1-2048x1366.jpg 2048w\" sizes=\"auto, (max-width: 2560px) 100vw, 2560px\" \/><\/p>\n<p>V\u0161etky inform\u00e1cie n\u00e1jdete na <a href=\"http:\/\/www.seeundberg.at\">www.seeundberg.at<\/a><\/p>\n","protected":false},"excerpt":{"rendered":"<p>Vo svete, ktor\u00fd sa to\u010d\u00ed \u010doraz r\u00fdchlej\u0161ie, otv\u00e1ra regi\u00f3n Millst\u00e4tter See \u2013 Bad Kleinkirchheim \u2013 Nockberge priestor pre v\u00fdnimo\u010dn\u00fd zimn\u00fd \u010cAS. V piatich ly\u017eiarskych stredisk\u00e1ch si ka\u017ed\u00fd pr\u00edde na svoje \u2013 rodiny aj \u0161portov\u00ed nad\u0161enci. V dvoch term\u00e1lnych k\u00fape\u013eoch a modernom k\u00fape\u013enom dome si m\u00f4\u017eete vychutna\u0165 teplo a pohodu. Aj otu\u017eovanie v trblietaj\u00facom sa jazere [&hellip;]<\/p>\n","protected":false},"author":10,"featured_media":94163,"comment_status":"closed","ping_status":"closed","sticky":false,"template":"","format":"standard","meta":{"footnotes":""},"categories":[13,46,45,52,56,50,44],"tags":[],"class_list":["post-94155","post","type-post","status-publish","format-standard","has-post-thumbnail","hentry","category-real-estate","category-gastronomia","category-nas-tip","category-outdoor","category-priroda","category-radim-vam","category-zdravie","eq-blocks"],"_links":{"self":[{"href":"https:\/\/www.slovaklinesmagazin.sk\/cms\/wp-json\/wp\/v2\/posts\/94155","targetHints":{"allow":["GET"]}}],"collection":[{"href":"https:\/\/www.slovaklinesmagazin.sk\/cms\/wp-json\/wp\/v2\/posts"}],"about":[{"href":"https:\/\/www.slovaklinesmagazin.sk\/cms\/wp-json\/wp\/v2\/types\/post"}],"author":[{"embeddable":true,"href":"https:\/\/www.slovaklinesmagazin.sk\/cms\/wp-json\/wp\/v2\/users\/10"}],"replies":[{"embeddable":true,"href":"https:\/\/www.slovaklinesmagazin.sk\/cms\/wp-json\/wp\/v2\/comments?post=94155"}],"version-history":[{"count":1,"href":"https:\/\/www.slovaklinesmagazin.sk\/cms\/wp-json\/wp\/v2\/posts\/94155\/revisions"}],"predecessor-version":[{"id":94162,"href":"https:\/\/www.slovaklinesmagazin.sk\/cms\/wp-json\/wp\/v2\/posts\/94155\/revisions\/94162"}],"wp:featuredmedia":[{"embeddable":true,"href":"https:\/\/www.slovaklinesmagazin.sk\/cms\/wp-json\/wp\/v2\/media\/94163"}],"wp:attachment":[{"href":"https:\/\/www.slovaklinesmagazin.sk\/cms\/wp-json\/wp\/v2\/media?parent=94155"}],"wp:term":[{"taxonomy":"category","embeddable":true,"href":"https:\/\/www.slovaklinesmagazin.sk\/cms\/wp-json\/wp\/v2\/categories?post=94155"},{"taxonomy":"post_tag","embeddable":true,"href":"https:\/\/www.slovaklinesmagazin.sk\/cms\/wp-json\/wp\/v2\/tags?post=94155"}],"curies":[{"name":"wp","href":"https:\/\/api.w.org\/{rel}","templated":true}]}}