{"id":94318,"date":"2026-02-23T16:26:30","date_gmt":"2026-02-23T14:26:30","guid":{"rendered":"https:\/\/www.slovaklinesmagazin.sk\/cms\/?p=94318"},"modified":"2026-02-23T16:33:37","modified_gmt":"2026-02-23T14:33:37","slug":"jarne-lyzovanie-v-korutansku-slnko-firn-a-alpska-pohoda","status":"publish","type":"post","link":"https:\/\/www.slovaklinesmagazin.sk\/cms\/2026\/02\/jarne-lyzovanie-v-korutansku-slnko-firn-a-alpska-pohoda\/","title":{"rendered":"Jarn\u00e9 ly\u017eovanie v Korut\u00e1nsku: slnko, firn a alpsk\u00e1 pohoda"},"content":{"rendered":"<p>Zatia\u013e \u010do v \u00fadoliach sa u\u017e hl\u00e1si jar, na slne\u010dnej strane \u00c1lp za\u010d\u00edna najkraj\u0161ie obdobie ly\u017eiarskej sez\u00f3ny. Jarn\u00e9 ly\u017eovanie v Korut\u00e1nsku l\u00e1ka od polovice marca a\u017e do konca zimy na perfektne upraven\u00e9 zjazdovky, firnov\u00e9 podmienky a jedine\u010dn\u00fa kombin\u00e1ciu \u0161portu, slnka a relaxu.<\/p>\n<p style=\"text-align: center;\"><img loading=\"lazy\" decoding=\"async\" class=\"alignnone size-full wp-image-94319\" src=\"https:\/\/www.slovaklinesmagazin.sk\/cms\/wp-content\/uploads\/2026\/02\/sonnenskilauf_Kulinarik.jpg\" alt=\"\" width=\"850\" height=\"566\" srcset=\"https:\/\/www.slovaklinesmagazin.sk\/cms\/wp-content\/uploads\/2026\/02\/sonnenskilauf_Kulinarik.jpg 850w, https:\/\/www.slovaklinesmagazin.sk\/cms\/wp-content\/uploads\/2026\/02\/sonnenskilauf_Kulinarik-300x200.jpg 300w, https:\/\/www.slovaklinesmagazin.sk\/cms\/wp-content\/uploads\/2026\/02\/sonnenskilauf_Kulinarik-768x511.jpg 768w\" sizes=\"auto, (max-width: 850px) 100vw, 850px\" \/><\/p>\n<p style=\"text-align: center;\"><img loading=\"lazy\" decoding=\"async\" class=\"alignnone size-full wp-image-94320\" src=\"https:\/\/www.slovaklinesmagazin.sk\/cms\/wp-content\/uploads\/2026\/02\/Stabentheiner_Skifahren_Nassfeld_Winter_2023-176.jpg\" alt=\"\" width=\"850\" height=\"566\" srcset=\"https:\/\/www.slovaklinesmagazin.sk\/cms\/wp-content\/uploads\/2026\/02\/Stabentheiner_Skifahren_Nassfeld_Winter_2023-176.jpg 850w, https:\/\/www.slovaklinesmagazin.sk\/cms\/wp-content\/uploads\/2026\/02\/Stabentheiner_Skifahren_Nassfeld_Winter_2023-176-300x200.jpg 300w, https:\/\/www.slovaklinesmagazin.sk\/cms\/wp-content\/uploads\/2026\/02\/Stabentheiner_Skifahren_Nassfeld_Winter_2023-176-768x511.jpg 768w\" sizes=\"auto, (max-width: 850px) 100vw, 850px\" \/><\/p>\n<p style=\"text-align: center;\"><em>(C) Stabentheiner Nassfeld<\/em><\/p>\n<p>R\u00e1no \u010dakaj\u00fa ly\u017eiarov pevn\u00e9 a kvalitne upraven\u00e9 trate, ide\u00e1lne na carving. Popoludn\u00ed sa de\u0148 na svahu men\u00ed na skuto\u010dn\u00fd p\u00f4\u017eitok \u2013 slne\u010dn\u00e9 terasy, le\u017eadl\u00e1 pod hol\u00fdm nebom a region\u00e1lne \u0161peciality vytv\u00e1raj\u00fa atmosf\u00e9ru, ktor\u00e1 je pre jarn\u00e9 ly\u017eovanie v Korut\u00e1nsku typick\u00e1.<br \/>\nT\u00ed, ktor\u00ed chc\u00fa naplno vyu\u017ei\u0165 ide\u00e1lne snehov\u00e9 podmienky, m\u00f4\u017eu za\u010da\u0165 de\u0148 s <strong>Early Morning Skiing<\/strong>. V stredisku <strong>Bad Kleinkirchheim<\/strong> maj\u00fa navy\u0161e ly\u017eiari vo vybran\u00fdch term\u00ednoch jedine\u010dn\u00fa pr\u00edle\u017eitos\u0165 vyrazi\u0165 na svah po boku olympijsk\u00e9ho v\u00ed\u0165aza <strong>Franza Klammera<\/strong>. V stredisku <strong>Nassfeld<\/strong> sprev\u00e1dza jarn\u00e9 ly\u017eovanie ob\u013e\u00faben\u00e9 podujatie <strong>\u201eMusic meets Sun \u201c,<\/strong> ktor\u00e9 po\u010das nieko\u013ek\u00fdch t\u00fd\u017ed\u0148ov sp\u00e1ja d\u00edd\u017eejov a<br \/>\n\u017eiv\u00e9 koncerty s uvo\u013enenou atmosf\u00e9rou slne\u010dn\u00fdch ter\u00e1s.<br \/>\nV stredisku <strong>Turracher H\u00f6he<\/strong> pote\u0161\u00ed ly\u017eiarov origin\u00e1lny servis \u2013 pistenbutler, slu\u017eobn\u00edk na zjazdovke, tu na slne\u010dn\u00fdch miestach pon\u00faka poh\u00e1r sektu a farm\u00e1rsku zmrzlinu. Jarn\u00e1 sez\u00f3na tu za\u010d\u00edna s v\u00fdzvami, drobn\u00fdmi dar\u010dekmi a siln\u00fdm komunitn\u00fdm duchom. Aj v stredisku <strong>Gerlitzen Alpe<\/strong> sa ly\u017euje cel\u00fd de\u0148 v \u00fastrety slnku \u2013 tradi\u010dn\u00fd <strong>retro ly\u017eiarsky de\u0148<\/strong> prin\u00e1\u0161a nostalgiu v podobe \u0161t\u00fdlov\u00fdch outfitov, \u017eiv\u00e9ho<br \/>\nvyst\u00fapenia d\u00edd\u017eeja, ve\u010dern\u00e9ho ly\u017eovania a no\u010dn\u00fdch pretekov.<\/p>\n<p style=\"text-align: center;\"><img loading=\"lazy\" decoding=\"async\" class=\"alignnone size-full wp-image-94321\" src=\"https:\/\/www.slovaklinesmagazin.sk\/cms\/wp-content\/uploads\/2026\/02\/Butlerservice-Pa\u2560lrchen_Foto-Kampitsch41.jpg\" alt=\"\" width=\"850\" height=\"566\" srcset=\"https:\/\/www.slovaklinesmagazin.sk\/cms\/wp-content\/uploads\/2026\/02\/Butlerservice-Pa\u2560lrchen_Foto-Kampitsch41.jpg 850w, https:\/\/www.slovaklinesmagazin.sk\/cms\/wp-content\/uploads\/2026\/02\/Butlerservice-Pa\u2560lrchen_Foto-Kampitsch41-300x200.jpg 300w, https:\/\/www.slovaklinesmagazin.sk\/cms\/wp-content\/uploads\/2026\/02\/Butlerservice-Pa\u2560lrchen_Foto-Kampitsch41-768x511.jpg 768w\" sizes=\"auto, (max-width: 850px) 100vw, 850px\" \/><\/p>\n<p style=\"text-align: center;\"><em>(C) Kampitsch<\/em><\/p>\n<p style=\"text-align: center;\"><img loading=\"lazy\" decoding=\"async\" class=\"alignnone size-full wp-image-94322\" src=\"https:\/\/www.slovaklinesmagazin.sk\/cms\/wp-content\/uploads\/2026\/02\/Gelati2-Pistenbutlerin-Turracher-Ho\u2560lhe_Attisani.jpg\" alt=\"\" width=\"850\" height=\"566\" srcset=\"https:\/\/www.slovaklinesmagazin.sk\/cms\/wp-content\/uploads\/2026\/02\/Gelati2-Pistenbutlerin-Turracher-Ho\u2560lhe_Attisani.jpg 850w, https:\/\/www.slovaklinesmagazin.sk\/cms\/wp-content\/uploads\/2026\/02\/Gelati2-Pistenbutlerin-Turracher-Ho\u2560lhe_Attisani-300x200.jpg 300w, https:\/\/www.slovaklinesmagazin.sk\/cms\/wp-content\/uploads\/2026\/02\/Gelati2-Pistenbutlerin-Turracher-Ho\u2560lhe_Attisani-768x511.jpg 768w\" sizes=\"auto, (max-width: 850px) 100vw, 850px\" \/><\/p>\n<p style=\"text-align: center;\"><em>(C) Anttisani<\/em><\/p>\n<p style=\"text-align: left;\">Milovn\u00edci relaxu ocenia kombin\u00e1ciu slne\u010dn\u00e9ho ly\u017eovania a wellnessu. <strong>Bad Kleinkirchheim<\/strong> pon\u00faka po\u010das jarn\u00fdch ak\u010dn\u00fdch t\u00fd\u017ed\u0148ov zv\u00fdhodnen\u00e9 skipasy s bonusom do term\u00e1lnych k\u00fape\u013eov <strong>R\u00f6merbad<\/strong> a hudobn\u00e9 apr\u00e8s-ski podujatia <strong>\u201eNock Beats\u201c<\/strong>. Rodiny s de\u0165mi sa m\u00f4\u017eu v apr\u00edli te\u0161i\u0165 na <strong>Family &amp; Fun Weekend<\/strong> na \u013eadovci <strong>M\u00f6lltal<\/strong> alebo na tradi\u010dn\u00e9 h\u013eadanie ve\u013ekono\u010dn\u00fdch vaj\u00ed\u010dok v ly\u017eiarskom stredisku<br \/>\n<strong>Gro\u00dfglockner\/Heiligenblut.<\/strong> V\u00fdhodn\u00e9 ponuky na spont\u00e1nne ly\u017eovanie po\u010das t\u00fd\u017ed\u0148a dop\u013a\u0148aj\u00fa <strong>Ladies Day<\/strong> a <strong>Seniors Day<\/strong> v stredisku <strong>Koralpe.<\/strong><\/p>\n<p style=\"text-align: center;\"><img loading=\"lazy\" decoding=\"async\" class=\"alignnone size-full wp-image-94323\" src=\"https:\/\/www.slovaklinesmagazin.sk\/cms\/wp-content\/uploads\/2026\/02\/Badehaus-Millsta\u2560ltter-See99.jpg\" alt=\"\" width=\"1277\" height=\"850\" srcset=\"https:\/\/www.slovaklinesmagazin.sk\/cms\/wp-content\/uploads\/2026\/02\/Badehaus-Millsta\u2560ltter-See99.jpg 1277w, https:\/\/www.slovaklinesmagazin.sk\/cms\/wp-content\/uploads\/2026\/02\/Badehaus-Millsta\u2560ltter-See99-300x200.jpg 300w, https:\/\/www.slovaklinesmagazin.sk\/cms\/wp-content\/uploads\/2026\/02\/Badehaus-Millsta\u2560ltter-See99-1024x682.jpg 1024w, https:\/\/www.slovaklinesmagazin.sk\/cms\/wp-content\/uploads\/2026\/02\/Badehaus-Millsta\u2560ltter-See99-768x511.jpg 768w\" sizes=\"auto, (max-width: 1277px) 100vw, 1277px\" \/><\/p>\n<p style=\"text-align: center;\"><em>Badehaus Millst\u00e4tter See<\/em><\/p>\n<p style=\"text-align: center;\"><img loading=\"lazy\" decoding=\"async\" class=\"alignnone size-full wp-image-94324\" src=\"https:\/\/www.slovaklinesmagazin.sk\/cms\/wp-content\/uploads\/2026\/02\/Gert_Perauer_KaerntenWerbung_Roemerbad_bkk.jpg\" alt=\"\" width=\"850\" height=\"566\" srcset=\"https:\/\/www.slovaklinesmagazin.sk\/cms\/wp-content\/uploads\/2026\/02\/Gert_Perauer_KaerntenWerbung_Roemerbad_bkk.jpg 850w, https:\/\/www.slovaklinesmagazin.sk\/cms\/wp-content\/uploads\/2026\/02\/Gert_Perauer_KaerntenWerbung_Roemerbad_bkk-300x200.jpg 300w, https:\/\/www.slovaklinesmagazin.sk\/cms\/wp-content\/uploads\/2026\/02\/Gert_Perauer_KaerntenWerbung_Roemerbad_bkk-768x511.jpg 768w\" sizes=\"auto, (max-width: 850px) 100vw, 850px\" \/><\/p>\n<p style=\"text-align: center;\"><em>R\u00f6merbad (C) Gert Perauer K\u00e4rnten Werbung<\/em><\/p>\n<p>Po dni str\u00e1venom na svahu l\u00e1ka <strong>zimn\u00fd wellness<\/strong> \u2013 jazern\u00e9 sauny a k\u00fape\u013en\u00e9 domy pri jazer\u00e1ch <strong>Millst\u00e4tter See, W\u00f6rthersee a Klopeiner See,<\/strong> term\u00e1ly <strong>K\u00e4rnten Therme Warmbad Villach<\/strong> aj term\u00e1lne k\u00fapele v <strong>Bad Kleinkirchheime (R\u00f6merbad<\/strong> a <strong>Therme St. Kathrein)<\/strong> vytv\u00e1raj\u00fa ide\u00e1lnu rovnov\u00e1hu medzi pohybom a regener\u00e1ciou. Na samotnom konci zimnej sez\u00f3ny navy\u0161e n\u00e1v\u0161tevn\u00edkov \u010dak\u00e1 v\u00fdnimo\u010dn\u00fd pr\u00edrodn\u00fd \u00fakaz: jazierko <strong>Maibachl<\/strong> vo Warmbad Villachu sa napln\u00ed teplou term\u00e1lnou vodou \u2013 jedine\u010dn\u00fd z\u00e1\u017eitok pod hol\u00fdm nebom, ktor\u00fd nem\u00e1 v Alp\u00e1ch obdobu.<\/p>\n<p>&nbsp;<\/p>\n<p><strong>Preh\u013ead jarn\u00fdch podujat\u00ed 2026:<\/strong><\/p>\n<p><strong>-febru\u00e1r \u2013 marec \u2013<\/strong> Nassfeld: Music meets Sun, s\u00e9ria hudobn\u00fdch podujat\u00ed na snehu<br \/>\n<strong>-od marca \u2013<\/strong> Nassfeld: Jarn\u00e9 ly\u017eovanie<br \/>\n<strong>-07. marec \u2013<\/strong> Gerlitzen Alpe: Retro ly\u017eiarsky de\u0148 \u2013 Live DJ, ve\u010dern\u00e9 ly\u017eovanie &amp; no\u010dn\u00e9 preteky<br \/>\n<strong>-07. 03. \u2013 06. 04. \u2013<\/strong> Bad Kleinkirchheim: Ak\u010dn\u00e9 t\u00fd\u017edne Ski \u2013 Wellness<br \/>\n<strong>-14. 03. \u2013<\/strong> Turracher H\u00f6he: Spring Session, za\u010diatok jarnej sez\u00f3ny v snowparku<br \/>\n<strong>-do apr\u00edla \u2013<\/strong> Bad Kleinkirchheim: Nock Beats &#8211; 16 eventov, to je z\u00e1\u017eitok medzi trad\u00edciou a modernou, pr\u00edrodou a zvukom, rytmom a atmosf\u00e9rou. A k tomu: najlep\u0161ia korut\u00e1nska kuchy\u0148a.<br \/>\n<strong>-04. \u2013 06. 04. \u2013<\/strong> \u013dadovec M\u00f6lltal: Family &amp; Fun Weekend<br \/>\n<strong>-05. 04. \u2013<\/strong> Gro\u00dfglockner\/Heiligenblut: H\u013eadanie ve\u013ekono\u010dn\u00fdch vaj\u00ed\u010dok<br \/>\n<strong>-11. 04. \u2013<\/strong> Turracher H\u00f6he: Kilt Ski Day, z\u00e1bavn\u00fd a v\u00fdnimo\u010dn\u00fd de\u0148 v kilte alebo kroji na ly\u017eiach<br \/>\n<strong>-ka\u017ed\u00fd pondelok \u2013<\/strong> Koralpe: Ladies Day<br \/>\n<strong>-ka\u017ed\u00fd utorok \u2013<\/strong> Koralpe: Seniors Day<\/p>\n<p>Vias inform\u00e1ci\u00ed na <a href=\"http:\/\/www.korutansko.com\">www.korutansko.com\u00a0<\/a><\/p>\n<p><em>Foto na titulke: (C) Stabentheiner Nassfeld<\/em><\/p>\n","protected":false},"excerpt":{"rendered":"<p>Zatia\u013e \u010do v \u00fadoliach sa u\u017e hl\u00e1si jar, na slne\u010dnej strane \u00c1lp za\u010d\u00edna najkraj\u0161ie obdobie ly\u017eiarskej sez\u00f3ny. Jarn\u00e9 ly\u017eovanie v Korut\u00e1nsku l\u00e1ka od polovice marca a\u017e do konca zimy na perfektne upraven\u00e9 zjazdovky, firnov\u00e9 podmienky a jedine\u010dn\u00fa kombin\u00e1ciu \u0161portu, slnka a relaxu. (C) Stabentheiner Nassfeld R\u00e1no \u010dakaj\u00fa ly\u017eiarov pevn\u00e9 a kvalitne upraven\u00e9 trate, ide\u00e1lne na [&hellip;]<\/p>\n","protected":false},"author":10,"featured_media":94319,"comment_status":"closed","ping_status":"closed","sticky":false,"template":"","format":"standard","meta":{"footnotes":""},"categories":[13,7,45,52,56,50,321],"tags":[],"class_list":["post-94318","post","type-post","status-publish","format-standard","has-post-thumbnail","hentry","category-real-estate","category-health","category-nas-tip","category-outdoor","category-priroda","category-radim-vam","category-tlacova-sprava","eq-blocks"],"_links":{"self":[{"href":"https:\/\/www.slovaklinesmagazin.sk\/cms\/wp-json\/wp\/v2\/posts\/94318","targetHints":{"allow":["GET"]}}],"collection":[{"href":"https:\/\/www.slovaklinesmagazin.sk\/cms\/wp-json\/wp\/v2\/posts"}],"about":[{"href":"https:\/\/www.slovaklinesmagazin.sk\/cms\/wp-json\/wp\/v2\/types\/post"}],"author":[{"embeddable":true,"href":"https:\/\/www.slovaklinesmagazin.sk\/cms\/wp-json\/wp\/v2\/users\/10"}],"replies":[{"embeddable":true,"href":"https:\/\/www.slovaklinesmagazin.sk\/cms\/wp-json\/wp\/v2\/comments?post=94318"}],"version-history":[{"count":2,"href":"https:\/\/www.slovaklinesmagazin.sk\/cms\/wp-json\/wp\/v2\/posts\/94318\/revisions"}],"predecessor-version":[{"id":94326,"href":"https:\/\/www.slovaklinesmagazin.sk\/cms\/wp-json\/wp\/v2\/posts\/94318\/revisions\/94326"}],"wp:featuredmedia":[{"embeddable":true,"href":"https:\/\/www.slovaklinesmagazin.sk\/cms\/wp-json\/wp\/v2\/media\/94319"}],"wp:attachment":[{"href":"https:\/\/www.slovaklinesmagazin.sk\/cms\/wp-json\/wp\/v2\/media?parent=94318"}],"wp:term":[{"taxonomy":"category","embeddable":true,"href":"https:\/\/www.slovaklinesmagazin.sk\/cms\/wp-json\/wp\/v2\/categories?post=94318"},{"taxonomy":"post_tag","embeddable":true,"href":"https:\/\/www.slovaklinesmagazin.sk\/cms\/wp-json\/wp\/v2\/tags?post=94318"}],"curies":[{"name":"wp","href":"https:\/\/api.w.org\/{rel}","templated":true}]}}