{"id":94405,"date":"2026-04-30T17:28:00","date_gmt":"2026-04-30T15:28:00","guid":{"rendered":"https:\/\/www.slovaklinesmagazin.sk\/cms\/?p=94405"},"modified":"2026-04-30T17:31:53","modified_gmt":"2026-04-30T15:31:53","slug":"novinky-sezony-vo-vychodnych-cechach","status":"publish","type":"post","link":"https:\/\/www.slovaklinesmagazin.sk\/cms\/2026\/04\/novinky-sezony-vo-vychodnych-cechach\/","title":{"rendered":"Novinky sez\u00f3ny vo v\u00fdchodn\u00fdch \u010cech\u00e1ch"},"content":{"rendered":"<p><strong>V\u00fdchodn\u00e9 \u010cechy za\u017e\u00edvaj\u00fa v posledn\u00fdch rokoch v\u00fdrazn\u00fd rozmach cestovn\u00e9ho ruchu, sp\u00e1jaj\u00faci trad\u00edcie s modern\u00fdmi z\u00e1\u017eitkami. Jedn\u00fdm z hlavn\u00fdch l\u00e1kadiel je v zozname UNESCO zap\u00edsan\u00e1 Litomy\u0161l s festivalom, ktor\u00fd ka\u017edoro\u010dne pri\u0165ahuje milovn\u00edkov klasickej hudby z celej Eur\u00f3py. Novinky v cestovan\u00ed v\u0161ak smeruj\u00fa aj k akt\u00edvnemu oddychu a relaxu v horskej oblasti Doln\u00ed Morava, ktor\u00e1 okrem visut\u00e9ho mostu Sky Bridge 721 a Chodn\u00edku v oblakoch pon\u00faka aj slu\u017eby nov\u00e9ho horsk\u00e9ho wellness Melori. Regi\u00f3n prep\u00e1ja kult\u00farne dedi\u010dstvo, pr\u00edrodu, s\u00fa\u010dasn\u00e9 trendy v relaxe a z\u00e1\u017eitkovom cestovan\u00ed aj lok\u00e1lne \u0161peciality.<\/strong><\/p>\n<p>V priestoroch <a href=\"https:\/\/bratislava.czechcentres.cz\/sk\/cesky-dum\"><strong>\u010cesk\u00e9ho domu v\u00a0Bratislave<\/strong><\/a> dnes na tla\u010dovej konferencii, <strong>organizovanej agent\u00farou CzechTourism Slovensko<\/strong> v\u00a0spolupr\u00e1ci s <strong>\u010cesk\u00fdm centrom Bratislava,<\/strong> predstavili z\u00e1stupcom slovensk\u00fdch m\u00e9di\u00ed a\u00a0cestovn\u00fdch kancel\u00e1ri\u00ed novinky z\u00a0V\u00fdchodn\u00fdch \u010ciech <strong>Alena Hor\u00e1kov\u00e1, <\/strong>riadite\u013eka <a href=\"https:\/\/www.vychodni-cechy.org\/\"><strong>Destina\u010dnej spolo\u010dnosti V\u00fdchodn\u00e9 \u010cechy<\/strong><\/a><strong>,<\/strong> <strong>Veronika Dole\u010dkov\u00e1, <\/strong>projektov\u00e1 mana\u017e\u00e9rka <a href=\"https:\/\/www.ccrkhk.cz\/#page=0;orderby=17|DESC\"><strong>Kr\u00e1lovohradeckej centr\u00e1ly cestovn\u00e9ho ruchu<\/strong><\/a><strong>,<\/strong> <strong>Lenka Kadlecov\u00e1 z\u00a0<\/strong><a href=\"https:\/\/www.dolnimorava.cz\/\"><strong>Horsk\u00e9ho rezortu Doln\u00e1 Morava<\/strong><\/a> a\u00a0<strong>Jan Pr\u016f\u0161a, <\/strong>riadite\u013e fundraisingu festivalu <a href=\"https:\/\/smetanovalitomysl.cz\/\"><strong>Smetanova Litomy\u0161l<\/strong><\/a><strong>.<\/strong><\/p>\n<p><em>\u201eV\u00fdchodn\u00e9 \u010cechy s\u00fa regi\u00f3nom, kam turisti zo Slovenska smeruj\u00fa \u010dasto, ale st\u00e1le vid\u00edme potenci\u00e1l jeho n\u00e1v\u0161tevnos\u0165 zvy\u0161ova\u0165. Na\u0161\u00edm prim\u00e1rnym cie\u013eom je da\u0165 do pozornosti atrakt\u00edvne miesta v oboch krajoch, aby slovensk\u00fd turista prepojil pri svojej n\u00e1v\u0161teve Kr\u00e1lovohradeck\u00fd\u00a0 kraj s Pardubick\u00fdm a pred\u013a\u017eil si aspo\u0148 o jeden de\u0148 celkov\u00fa dobu pobytu,\u201c<\/em> povedala <strong>Nora Gill, riadite\u013eka slovensk\u00e9ho zast\u00fapenia agent\u00fary CzechTourism.<\/strong>.<\/p>\n<p><strong>Pardubick\u00fd kraj a UNESCO<\/strong><\/p>\n<p>\u010cesko patr\u00ed medzi krajiny s mimoriadne zachovan\u00fdm kult\u00farnym dedi\u010dstvom a Pardubick\u00fd kraj pon\u00faka n\u00e1v\u0161tevn\u00edkom hne\u010f dve hmotn\u00e9 a dve nehmotn\u00e9 pamiatky, zap\u00edsan\u00e9 na zozname svetov\u00e9ho dedi\u010dstva UNESCO<strong>: <\/strong><a href=\"https:\/\/www.kudyznudy.cz\/aktivity\/zamek-litomysl-renesancni-zamek-s-unikatni-sgraf\"><strong>renesan\u010dn\u00fd z\u00e1mok a z\u00e1mock\u00fd are\u00e1l v Litomy\u0161li<\/strong><\/a> a <a href=\"https:\/\/www.kudyznudy.cz\/aktivity\/zamek-a-hrebcin-kladruby-nad-labem\"><strong>N\u00e1rodn\u00fd \u017ereb\u010d\u00edn v Kladrub\u00e1ch nad Labem<\/strong><\/a><strong>, <\/strong>ur\u010den\u00fd na chov a v\u00fdcvik sl\u00e1vnostn\u00fdch ko\u010diarov\u00fdch kon\u00ed.<\/p>\n<p>Medzi nehmotn\u00e9 pamiatky patr\u00ed b\u00e1bkarstvo, s ktor\u00fdm sa zozn\u00e1mite v <a href=\"https:\/\/www.kudyznudy.cz\/aktivity\/loutky-v-muzeu-loutkarskych-kultur-v-chrudimi-neje\"><strong>M\u00fazeu b\u00e1bkarsk\u00fdch kult\u00far v\u00a0Chrudimi<\/strong><\/a> a trad\u00edcia unik\u00e1tnych dedinsk\u00fdch fa\u0161iangov\u00fdch sprievodov a masiek v mikroregi\u00f3ne <strong>Hlinecko.<\/strong> Urbanisticky a\u00a0architektonicky ojedinel\u00fd s\u00fabor stavieb v\u00a0strede Hlinska, nazvan\u00fd <a href=\"https:\/\/www.kudyznudy.cz\/aktivity\/expozice-masopustnich-masek-a-obchuzek-z-hlinecka\"><strong>Betl\u00e9m<\/strong><\/a><strong>,<\/strong> je dnes pamiatkovou rezerv\u00e1ciou s\u00a0expoz\u00edciou venovanou pr\u00e1ve trad\u00edcii fa\u0161iangov\u00fdch sprievodov.<\/p>\n<p><strong>Nov\u00e9 technick\u00e9 m\u00fazeum vo Vysokom M\u00fdte<\/strong><\/p>\n<p>Hor\u00facou novinkou je apr\u00edlov\u00e9 otvorenie <a href=\"https:\/\/www.kudyznudy.cz\/aktivity\/muzeum-ceskeho-karosarstvi-vysoke-myto\"><strong>Krajsk\u00e9ho technick\u00e9ho m\u00fazea vo Vysokom M\u00fdte<\/strong><\/a><strong>. <\/strong>Mapuje hist\u00f3riu vybran\u00fdch technick\u00fdch odborov a\u00a0v\u00fdznamn\u00fdch region\u00e1lnych firiem. Srdcom m\u00fazea je \u010das\u0165 venovan\u00e1 svetozn\u00e1mej Sodomke, ktorej karos\u00e9rie pre zna\u010dky <strong>Aero, Tatra <\/strong>a <strong>\u0160koda<\/strong> boli sl\u00e1vne na za\u010diatku 20. storo\u010dia. Zozn\u00e1mite sa tie\u017e s hasi\u010dskou technikou firmy Strat\u00edlek i s v\u00fdrobou automobilov\u00fdch sedadiel v <a href=\"https:\/\/www.kudyznudy.cz\/kam-pojedete\/oblasti\/orlicke-hory-a-podorlicko\/brandys-nad-orlici\"><strong>Brand\u00fdse nad Orlic\u00ed.<\/strong><\/a> M\u00fazeum predstavuje v\u00fdrobcov bicyklov, dom\u00e1cich elektrospotrebi\u010dov aj lanoviek spolo\u010dnosti <strong>Transporta Chrudim<\/strong> a lietadiel <strong>Orli\u010dan Choce\u0148.<\/strong> Expoz\u00edcie na modeloch a interakt\u00edvnych prvkoch vysvet\u013euj\u00fa, ako veci funguj\u00fa a ak\u00e9 fyzik\u00e1lne princ\u00edpy za nimi stoja. M\u00fazeum nadchne technicky zalo\u017een\u00fdch n\u00e1v\u0161tevn\u00edkov v\u0161etk\u00fdch gener\u00e1ci\u00ed.<\/p>\n<p><strong>Smetanova Litomy\u0161l<\/strong><\/p>\n<p>Druh\u00fd najstar\u0161\u00ed hudobn\u00fd festival v\u00a0\u010cesku v\u00a0rodisku Bed\u0159icha Smetanu &#8211; <a href=\"https:\/\/www.kudyznudy.cz\/akce\/smetanova-litomysl-2012\"><strong>Smetanova Litomy\u0161l<\/strong><\/a>, sa tento rok kon\u00e1 <strong>od 12. j\u00fana do 5. j\u00fala.<\/strong> Hlavn\u00fdm dejiskom je unik\u00e1tny <a href=\"https:\/\/www.kudyznudy.cz\/aktivity\/zamek-litomysl-renesancni-zamek-s-unikatni-sgraf\"><strong>renesan\u010dn\u00fd z\u00e1mok<\/strong><\/a> zap\u00edsan\u00fd na zozname pamiatok UNESCO. Architekt <strong>Josef Pleskot<\/strong> pre festival vlani navrhol mobiln\u00fa kon\u0161trukciu s\u00a0posuvnou strechou so skvel\u00fdmi technick\u00fdmi a\u00a0akustick\u00fdmi mo\u017enos\u0165ami pre uv\u00e1dzanie opier, baletn\u00fdch gala a\u00a0symfonick\u00fdch koncertov pod otvoren\u00fdm nebom. Festival mysl\u00ed aj na mlad\u00e9 publikum a\u00a0rodiny s\u00a0de\u0165mi a\u00a0 po\u010das festivalu otv\u00e1ra festivalov\u00e9 z\u00e1hrady na oddych i pre prezent\u00e1cie festivalov\u00fdch partnerov. Hudbu prep\u00e1ja aj s\u00a0v\u00fdtvarn\u00fdm umen\u00edm, ktor\u00e9 n\u00e1jdete nielen v\u00a0gal\u00e9ri\u00e1ch, ale aj v\u00a0exteri\u00e9roch mesta. <a href=\"https:\/\/smetanovalitomysl.cz\/program\/\"><strong>Program<\/strong><\/a> pon\u00fakne men\u00e1 a\u00a0teles\u00e1, ktor\u00e9 maj\u00fa zvuk na dom\u00e1cej aj svetovej sc\u00e9ne.<\/p>\n<p><strong>Horsk\u00e9 wellness dop\u013a\u0148a Horsk\u00fd rezort Doln\u00e1 Morava<\/strong><\/p>\n<p>Najv\u00e4\u010d\u0161ie horsk\u00e9 wellness v\u00a0\u010cesku \u2013 <a href=\"https:\/\/www.kudyznudy.cz\/aktivity\/melori-aqua-spa-na-dolni-morave\"><strong>Melori<\/strong><\/a> \u2013 pod <a href=\"https:\/\/www.kudyznudy.cz\/aktivity\/narodni-prirodni-rezervace-kralicky-sneznik-a-nauc\"><strong>Kr\u00e1lick\u00fdm Sne\u017en\u00edkom<\/strong><\/a> v\u00a0Orlick\u00fdch hor\u00e1ch pon\u00faka vyhrievan\u00e9 baz\u00e9ny s\u00a0v\u00fdh\u013eadmi na okolit\u00fa pr\u00edrodu, saunov\u00fd svet s\u00a0bylinkovou aj medovou saunou, so\u013enou parou \u010di Kneippov\u00fdm k\u00fape\u013eom. Vonku sa d\u00e1 ochladi\u0165 v\u00a0jazierku pod vodop\u00e1dmi, tekutiny doplni\u0165 vo vital bare alebo vo wellness \u010dajovni. Origin\u00e1lny tematick\u00fd <strong>Spray Park<\/strong> pre deti so striekaj\u00facim lesom a\u00a0Mamut\u00edkom zabav\u00ed v\u0161etky ratolesti miluj\u00face vodu. A tri tobogany dlh\u00e9 viac ne\u017e 270 metrov si m\u00f4\u017eu u\u017e\u00edva\u0165 v\u0161etci bez oh\u013eadu na vek. Z\u00a0Melori sa m\u00f4\u017eete kocha\u0165 n\u00e1dhern\u00fdmi v\u00fdh\u013eadmi na horsk\u00e9 hrebene.<\/p>\n<p style=\"text-align: center;\"><img loading=\"lazy\" decoding=\"async\" class=\"alignnone size-full wp-image-94407\" src=\"https:\/\/www.slovaklinesmagazin.sk\/cms\/wp-content\/uploads\/2026\/04\/MELORI_autor-Melori.jpg\" alt=\"\" width=\"850\" height=\"566\" srcset=\"https:\/\/www.slovaklinesmagazin.sk\/cms\/wp-content\/uploads\/2026\/04\/MELORI_autor-Melori.jpg 850w, https:\/\/www.slovaklinesmagazin.sk\/cms\/wp-content\/uploads\/2026\/04\/MELORI_autor-Melori-300x200.jpg 300w, https:\/\/www.slovaklinesmagazin.sk\/cms\/wp-content\/uploads\/2026\/04\/MELORI_autor-Melori-768x511.jpg 768w\" sizes=\"auto, (max-width: 850px) 100vw, 850px\" \/><br \/>\n<em>MELORI,\u00a0 autor Melori<\/em><\/p>\n<p>Po\u010das leta je v\u017edy v\u00a0sobotu pripraven\u00e1 no\u010dn\u00e1 prech\u00e1dzka po visutom moste <a href=\"https:\/\/www.kudyznudy.cz\/ceska-nej\/architektonicke\/sky-bridge-721-na-dolni-morave-nejdelsi-visuty-mos\"><strong>Sky Bridge 721<\/strong><\/a> a\u00a0osvetlen\u00fd <a href=\"https:\/\/www.kudyznudy.cz\/aktivity\/stezka-v-oblacich-na-dolni-morave\"><strong>Chodn\u00edk v\u00a0oblakoch<\/strong><\/a> s\u00a0hudbou, programom pre deti, s\u00a0pozorovan\u00edm no\u010dnej oblohy s\u00a0profesion\u00e1lnymi hvezd\u00e1rmi a\u00a0do polnoci pred\u013a\u017een\u00e1 prem\u00e1vka lanovky.<\/p>\n<p>E\u0161te pred pr\u00e1zdninami je napl\u00e1novan\u00fd <strong>De\u0148 z\u00e1\u017eitkov v\u00a0Mamut\u00edkov\u00fdch detsk\u00fdch z\u00e1\u017eitkov\u00fdch parkoch<\/strong> s\u00a0vo\u013en\u00fdm vstupom pre deti aj rodi\u010dov. A\u00a0ka\u017ed\u00fd letn\u00fd piatok si deti bud\u00fa m\u00f4c\u0165 u\u017e\u00edva\u0165 rozpr\u00e1vkov\u00e9 bytosti v\u00a0kost\u00fdmoch, \u0161peci\u00e1lne osvetlen\u00e9 parky a pohybov\u00e9 a\u00a0vedomostn\u00e9 \u00falohy.<\/p>\n<p style=\"text-align: center;\"><em>\u00a0<img loading=\"lazy\" decoding=\"async\" class=\"alignnone size-full wp-image-94408\" src=\"https:\/\/www.slovaklinesmagazin.sk\/cms\/wp-content\/uploads\/2026\/04\/Den-zazitku_autor-Melori.jpg\" alt=\"\" width=\"850\" height=\"478\" srcset=\"https:\/\/www.slovaklinesmagazin.sk\/cms\/wp-content\/uploads\/2026\/04\/Den-zazitku_autor-Melori.jpg 850w, https:\/\/www.slovaklinesmagazin.sk\/cms\/wp-content\/uploads\/2026\/04\/Den-zazitku_autor-Melori-300x169.jpg 300w, https:\/\/www.slovaklinesmagazin.sk\/cms\/wp-content\/uploads\/2026\/04\/Den-zazitku_autor-Melori-768x432.jpg 768w\" sizes=\"auto, (max-width: 850px) 100vw, 850px\" \/><br \/>\n<\/em><em>Den za\u017eitku, autor Melori<\/em><\/p>\n<p><strong>Kr\u00e1lovohradeck\u00fd kraj bl\u00edzko, pestro a z\u00e1\u017eitkovo<\/strong><\/p>\n<p><a href=\"https:\/\/www.kudyznudy.cz\/kam-pojedete\/kralovehradecky-kraj\"><strong>Kr\u00e1lovohradeck\u00fd kraj<\/strong><\/a> vstupuje do turistickej sez\u00f3ny 2026 s ponukou, ktor\u00e1 sp\u00e1ja pr\u00edrodu, pamiatky, akt\u00edvnu dovolenku, filmov\u00e9 miesta aj ve\u013ek\u00e9 kult\u00farne a \u0161portov\u00e9 podujatia. Pre n\u00e1v\u0161tevn\u00edkov zo Slovenska je navy\u0161e dobre dostupn\u00fd nielen autom, ale aj vlakov\u00fdm spojen\u00edm.<\/p>\n<p>Regi\u00f3n l\u00e1ka na pr\u00edrodou vytvoren\u00e9 unik\u00e1ty, zn\u00e1me ako skaln\u00e9 mest\u00e1. N\u00e1jdete ich nielen v <a href=\"https:\/\/www.kudyznudy.cz\/aktivity\/skalni-mesto-u-adrspachu\"><strong>Adr\u0161pa\u0161sko-teplick\u00fdch skal\u00e1ch<\/strong><\/a><strong>,<\/strong> ale aj v\u00a0<a href=\"https:\/\/www.kudyznudy.cz\/aktivity\/broumovske-steny-v-chko-broumovsko\"><strong>Broumovsk\u00fdch sten\u00e1ch<\/strong><\/a> \u010di <a href=\"https:\/\/www.kudyznudy.cz\/aktivity\/nove-otevrena-naucna-stezka-v-prachovskych-skalach\"><strong>Prachovsk\u00fdch skal\u00e1ch<\/strong><\/a><strong>. <\/strong>L\u00e1kadlom s\u00fa, samozrejme, aj historick\u00e9 stavby hradov a\u00a0z\u00e1mkov. <a href=\"https:\/\/www.kudyznudy.cz\/aktivity\/hrad-kost-v-ceskem-raji\"><strong>Kost<\/strong><\/a><strong>, <\/strong><a href=\"https:\/\/www.kudyznudy.cz\/aktivity\/prohlidka-interieru-hradu-pecka-s-cernou-kuchyni-a\"><strong>Pecka<\/strong><\/a><strong>, <\/strong><a href=\"https:\/\/www.kudyznudy.cz\/aktivity\/za-povesti-o-pokladu-na-hrad-potstejn\"><strong>Pot\u0161tejn<\/strong><\/a><strong>, <\/strong><a href=\"https:\/\/www.kudyznudy.cz\/aktivity\/zamek-a-golf-v-hradku-u-nechanic\"><strong>Hr\u00e1dek u Nechanic<\/strong><\/a><strong>, <\/strong><a href=\"https:\/\/www.kudyznudy.cz\/aktivity\/bathory-na-zamku-doudleby\"><strong>Doudleby nad Orlic\u00ed<\/strong><\/a> alebo <a href=\"https:\/\/www.kudyznudy.cz\/aktivity\/barokni-zamek-v-detenicich-jedinecny-tip-na-vyle\"><strong>Detenice<\/strong><\/a> s\u00fa z\u00e1kladn\u00fdm v\u00fdberom toho, \u010do sa v\u00a0kraji n\u00e1v\u0161tevn\u00edkom pon\u00faka.<\/p>\n<p style=\"text-align: center;\"><img loading=\"lazy\" decoding=\"async\" class=\"alignnone size-full wp-image-94409\" src=\"https:\/\/www.slovaklinesmagazin.sk\/cms\/wp-content\/uploads\/2026\/04\/Adrspasske-skalni-mesto-Gerald-Blondy-3.jpg\" alt=\"\" width=\"850\" height=\"567\" srcset=\"https:\/\/www.slovaklinesmagazin.sk\/cms\/wp-content\/uploads\/2026\/04\/Adrspasske-skalni-mesto-Gerald-Blondy-3.jpg 850w, https:\/\/www.slovaklinesmagazin.sk\/cms\/wp-content\/uploads\/2026\/04\/Adrspasske-skalni-mesto-Gerald-Blondy-3-300x200.jpg 300w, https:\/\/www.slovaklinesmagazin.sk\/cms\/wp-content\/uploads\/2026\/04\/Adrspasske-skalni-mesto-Gerald-Blondy-3-768x512.jpg 768w\" sizes=\"auto, (max-width: 850px) 100vw, 850px\" \/><br \/>\n<em>Adr\u0161pa\u0161sk\u00e9 skaln\u00e9 mesto (Gerald Blondy)<\/em><\/p>\n<p>Kr\u00e1lovohradeck\u00fd kraj je z\u00e1rove\u0148 aj ob\u013e\u00faben\u00fdm miestom\u00a0 film\u00e1rov, nakr\u00facali sa tu tak\u00e9 skvosty ako <strong><em>Babi\u010dka, F. L. V\u011bk,<\/em> <\/strong>rozpr\u00e1vky<strong> <em>Tret\u00ed princ, Princ a\u00a0Ve\u010dernica, Princezn\u00e1 stokr\u00e1t inak<\/em><\/strong>, \u00a0z\u00a0t\u00fdch zahrani\u010dn\u00fdch napr\u00edklad <strong><em>Letopisy Narnie.<\/em><\/strong><\/p>\n<p>Sez\u00f3na 2026 prin\u00e1\u0161a nieko\u013eko noviniek. Pre turistov a\u00a0n\u00e1v\u0161tevn\u00edkov kraja je d\u00f4le\u017eit\u00e9 vedie\u0165, \u017ee si m\u00f4\u017eu zak\u00fapi\u0165 <a href=\"https:\/\/www.mojeorlickehory.cz\/karta-orlicka\"><strong>Kartu Orlicka,<\/strong><\/a> ktor\u00e1 im poskytne mnoh\u00e9 v\u00fdhody pri ubytovan\u00ed, region\u00e1lnej doprave alebo vstupnom do pamiatok. Bude sa s\u00fa\u0165a\u017ei\u0165 v\u00a0kv\u00edze o hradoch a\u00a0z\u00e1mkoch.<\/p>\n<p>Po rekon\u0161trukcii sa znovuotvor\u00ed <a href=\"https:\/\/www.kudyznudy.cz\/aktivity\/muzeum-prusko-rakouske-valky-pamatnik-bitvy-1866\"><strong>M\u00fazeum vojny 1866 na Chlumu<\/strong><\/a><strong>,<\/strong> ktor\u00e9 pripomenie prusko-rak\u00fasku vojnu a\u00a0sl\u00e1vnu bitku pri\u00a0Hradci Kr\u00e1lov\u00e9. \u010eal\u0161ou novinkou je expoz\u00edcia <a href=\"https:\/\/www.kudyznudy.cz\/aktivity\/svet-plazu\"><strong>Svet plazov v Hradci Kr\u00e1lov\u00e9<\/strong><\/a> a\u00a0pre milovn\u00edkov bicyklov nov\u00e1 cyklotrasa okolo priehrady <strong>Rozko\u0161.<\/strong><\/p>\n<p>Pozornos\u0165 n\u00e1v\u0161tevn\u00edkov tento rok ur\u010dite pritiahnu aj ve\u013ek\u00e9 podujatia ako s\u00fa hudobn\u00fd festival <a href=\"https:\/\/www.kudyznudy.cz\/akce\/rock-for-people-3\"><strong>Rock for People<\/strong><\/a><strong> (10. \u2013 14. 6.),<\/strong> vytrvalostn\u00e9 triatlonov\u00e9 preteky <a href=\"https:\/\/www.kudyznudy.cz\/akce\/ironman-v-hradci-kralove\"><strong>Ironman<\/strong><\/a><strong> (16. 8.),<\/strong> prehliadka amat\u00e9rskych divadiel <a href=\"https:\/\/www.kudyznudy.cz\/akce\/jiraskuv-hronov\"><strong>Jir\u00e1skov Hronov<\/strong><\/a><strong> (31. 7. \u2013 8. 8.)<\/strong> alebo <a href=\"https:\/\/www.kudyznudy.cz\/akce\/60-mezinarodni-folklorni-festival-cerveny-kostele\"><strong>Medzin\u00e1rodn\u00fd folkl\u00f3rny festival \u010cerven\u00fd Kostelec (19. \u2013 23. 8.).<\/strong><\/a><\/p>\n<p>Ak chcete kraj ochutna\u0165 aj in\u00fdmi zmyslami ako len o\u010dami, odpor\u00fa\u010dame v\u00e1m poctiv\u00e9 mieste lok\u00e1lne produkty. Patria k\u00a0nim <strong><em>Milet\u00ednske modlitbi\u010dky,<\/em><\/strong><em> <strong>Krkono\u0161sk\u00e9 kyselo,<\/strong><\/em> med a rozhodne si nenechajte ujs\u0165 ani ochutn\u00e1vku jednej z najzn\u00e1mej\u0161\u00edch tradi\u010dn\u00fdch \u0161pecial\u00edt \u2013 <a href=\"https:\/\/www.kudyznudy.cz\/aktivity\/horicke-trubicky-cukrovinky-s-vice-nez-dvousetle\"><strong>Ho\u0159ick\u00fdch trubi\u010diek<\/strong><\/a><strong>.<\/strong><\/p>\n<p style=\"text-align: center;\"><img loading=\"lazy\" decoding=\"async\" class=\"alignnone size-full wp-image-94410\" src=\"https:\/\/www.slovaklinesmagazin.sk\/cms\/wp-content\/uploads\/2026\/04\/Horicke-trubicky_Michal-Dedic.jpg\" alt=\"\" width=\"850\" height=\"566\" srcset=\"https:\/\/www.slovaklinesmagazin.sk\/cms\/wp-content\/uploads\/2026\/04\/Horicke-trubicky_Michal-Dedic.jpg 850w, https:\/\/www.slovaklinesmagazin.sk\/cms\/wp-content\/uploads\/2026\/04\/Horicke-trubicky_Michal-Dedic-300x200.jpg 300w, https:\/\/www.slovaklinesmagazin.sk\/cms\/wp-content\/uploads\/2026\/04\/Horicke-trubicky_Michal-Dedic-768x511.jpg 768w\" sizes=\"auto, (max-width: 850px) 100vw, 850px\" \/><br \/>\n<em>Ho\u0159ick\u00e9 trubi\u010dky, foto: Michal Dedic<\/em><\/p>\n<p><strong>V\u00fdlety po Pardubickom a\u00a0Kr\u00e1lovohradeckom kraji si pl\u00e1nujte s\u00a0port\u00e1lom <\/strong><a href=\"https:\/\/www.kudyznudy.cz\/vyhledavani?text=v%C3%BDchodn%C3%AD%20%C4%8Cechy\"><strong>kudyznudy.cz.<\/strong><\/a><\/p>\n<p><em>Na titulke: Hospit\u00e1l Kuks (Ladislav Renner)\u00a0<\/em><\/p>\n<p style=\"text-align: center;\"><strong>\u00a0<\/strong><\/p>\n<div id='gallery-1' class='gallery galleryid-94405 gallery-columns-2 gallery-size-full'><figure class='gallery-item'>\n\t\t\t<div class='gallery-icon landscape'>\n\t\t\t\t<a href='https:\/\/www.slovaklinesmagazin.sk\/cms\/wp-content\/uploads\/2026\/04\/Cyklostezka-z-HK-do-Kuksu-Ondrej-Littera-2.jpg'><img loading=\"lazy\" decoding=\"async\" width=\"850\" height=\"566\" src=\"https:\/\/www.slovaklinesmagazin.sk\/cms\/wp-content\/uploads\/2026\/04\/Cyklostezka-z-HK-do-Kuksu-Ondrej-Littera-2.jpg\" class=\"attachment-full size-full\" alt=\"\" srcset=\"https:\/\/www.slovaklinesmagazin.sk\/cms\/wp-content\/uploads\/2026\/04\/Cyklostezka-z-HK-do-Kuksu-Ondrej-Littera-2.jpg 850w, https:\/\/www.slovaklinesmagazin.sk\/cms\/wp-content\/uploads\/2026\/04\/Cyklostezka-z-HK-do-Kuksu-Ondrej-Littera-2-300x200.jpg 300w, https:\/\/www.slovaklinesmagazin.sk\/cms\/wp-content\/uploads\/2026\/04\/Cyklostezka-z-HK-do-Kuksu-Ondrej-Littera-2-768x511.jpg 768w\" sizes=\"auto, (max-width: 850px) 100vw, 850px\" \/><\/a>\n\t\t\t<\/div><\/figure><figure class='gallery-item'>\n\t\t\t<div class='gallery-icon landscape'>\n\t\t\t\t<a href='https:\/\/www.slovaklinesmagazin.sk\/cms\/wp-content\/uploads\/2026\/04\/Den-zazitku_autor-Melori-1.jpg'><img loading=\"lazy\" decoding=\"async\" width=\"850\" height=\"478\" src=\"https:\/\/www.slovaklinesmagazin.sk\/cms\/wp-content\/uploads\/2026\/04\/Den-zazitku_autor-Melori-1.jpg\" class=\"attachment-full size-full\" alt=\"\" srcset=\"https:\/\/www.slovaklinesmagazin.sk\/cms\/wp-content\/uploads\/2026\/04\/Den-zazitku_autor-Melori-1.jpg 850w, https:\/\/www.slovaklinesmagazin.sk\/cms\/wp-content\/uploads\/2026\/04\/Den-zazitku_autor-Melori-1-300x169.jpg 300w, https:\/\/www.slovaklinesmagazin.sk\/cms\/wp-content\/uploads\/2026\/04\/Den-zazitku_autor-Melori-1-768x432.jpg 768w\" sizes=\"auto, (max-width: 850px) 100vw, 850px\" \/><\/a>\n\t\t\t<\/div><\/figure><figure class='gallery-item'>\n\t\t\t<div class='gallery-icon landscape'>\n\t\t\t\t<a href='https:\/\/www.slovaklinesmagazin.sk\/cms\/wp-content\/uploads\/2026\/04\/destky-spray-park_autor-Melori.jpg'><img loading=\"lazy\" decoding=\"async\" width=\"850\" height=\"566\" src=\"https:\/\/www.slovaklinesmagazin.sk\/cms\/wp-content\/uploads\/2026\/04\/destky-spray-park_autor-Melori.jpg\" class=\"attachment-full size-full\" alt=\"\" srcset=\"https:\/\/www.slovaklinesmagazin.sk\/cms\/wp-content\/uploads\/2026\/04\/destky-spray-park_autor-Melori.jpg 850w, https:\/\/www.slovaklinesmagazin.sk\/cms\/wp-content\/uploads\/2026\/04\/destky-spray-park_autor-Melori-300x200.jpg 300w, https:\/\/www.slovaklinesmagazin.sk\/cms\/wp-content\/uploads\/2026\/04\/destky-spray-park_autor-Melori-768x511.jpg 768w\" sizes=\"auto, (max-width: 850px) 100vw, 850px\" \/><\/a>\n\t\t\t<\/div><\/figure><figure class='gallery-item'>\n\t\t\t<div class='gallery-icon landscape'>\n\t\t\t\t<a href='https:\/\/www.slovaklinesmagazin.sk\/cms\/wp-content\/uploads\/2026\/04\/Detenice-Jaroslav-Kocourek-1.jpg'><img loading=\"lazy\" decoding=\"async\" width=\"850\" height=\"550\" src=\"https:\/\/www.slovaklinesmagazin.sk\/cms\/wp-content\/uploads\/2026\/04\/Detenice-Jaroslav-Kocourek-1.jpg\" class=\"attachment-full size-full\" alt=\"\" srcset=\"https:\/\/www.slovaklinesmagazin.sk\/cms\/wp-content\/uploads\/2026\/04\/Detenice-Jaroslav-Kocourek-1.jpg 850w, https:\/\/www.slovaklinesmagazin.sk\/cms\/wp-content\/uploads\/2026\/04\/Detenice-Jaroslav-Kocourek-1-300x194.jpg 300w, https:\/\/www.slovaklinesmagazin.sk\/cms\/wp-content\/uploads\/2026\/04\/Detenice-Jaroslav-Kocourek-1-768x497.jpg 768w\" sizes=\"auto, (max-width: 850px) 100vw, 850px\" \/><\/a>\n\t\t\t<\/div><\/figure>\n\t\t<\/div>\n\n","protected":false},"excerpt":{"rendered":"<p>V\u00fdchodn\u00e9 \u010cechy za\u017e\u00edvaj\u00fa v posledn\u00fdch rokoch v\u00fdrazn\u00fd rozmach cestovn\u00e9ho ruchu, sp\u00e1jaj\u00faci trad\u00edcie s modern\u00fdmi z\u00e1\u017eitkami. Jedn\u00fdm z hlavn\u00fdch l\u00e1kadiel je v zozname UNESCO zap\u00edsan\u00e1 Litomy\u0161l s festivalom, ktor\u00fd ka\u017edoro\u010dne pri\u0165ahuje milovn\u00edkov klasickej hudby z celej Eur\u00f3py. Novinky v cestovan\u00ed v\u0161ak smeruj\u00fa aj k akt\u00edvnemu oddychu a relaxu v horskej oblasti Doln\u00ed Morava, ktor\u00e1 okrem visut\u00e9ho [&hellip;]<\/p>\n","protected":false},"author":10,"featured_media":94417,"comment_status":"closed","ping_status":"closed","sticky":false,"template":"","format":"standard","meta":{"footnotes":""},"categories":[13,46,45,52,53,321,48],"tags":[],"class_list":["post-94405","post","type-post","status-publish","format-standard","has-post-thumbnail","hentry","category-real-estate","category-gastronomia","category-nas-tip","category-outdoor","category-ponuky","category-tlacova-sprava","category-umenie-a-kultura","eq-blocks"],"_links":{"self":[{"href":"https:\/\/www.slovaklinesmagazin.sk\/cms\/wp-json\/wp\/v2\/posts\/94405","targetHints":{"allow":["GET"]}}],"collection":[{"href":"https:\/\/www.slovaklinesmagazin.sk\/cms\/wp-json\/wp\/v2\/posts"}],"about":[{"href":"https:\/\/www.slovaklinesmagazin.sk\/cms\/wp-json\/wp\/v2\/types\/post"}],"author":[{"embeddable":true,"href":"https:\/\/www.slovaklinesmagazin.sk\/cms\/wp-json\/wp\/v2\/users\/10"}],"replies":[{"embeddable":true,"href":"https:\/\/www.slovaklinesmagazin.sk\/cms\/wp-json\/wp\/v2\/comments?post=94405"}],"version-history":[{"count":3,"href":"https:\/\/www.slovaklinesmagazin.sk\/cms\/wp-json\/wp\/v2\/posts\/94405\/revisions"}],"predecessor-version":[{"id":94420,"href":"https:\/\/www.slovaklinesmagazin.sk\/cms\/wp-json\/wp\/v2\/posts\/94405\/revisions\/94420"}],"wp:featuredmedia":[{"embeddable":true,"href":"https:\/\/www.slovaklinesmagazin.sk\/cms\/wp-json\/wp\/v2\/media\/94417"}],"wp:attachment":[{"href":"https:\/\/www.slovaklinesmagazin.sk\/cms\/wp-json\/wp\/v2\/media?parent=94405"}],"wp:term":[{"taxonomy":"category","embeddable":true,"href":"https:\/\/www.slovaklinesmagazin.sk\/cms\/wp-json\/wp\/v2\/categories?post=94405"},{"taxonomy":"post_tag","embeddable":true,"href":"https:\/\/www.slovaklinesmagazin.sk\/cms\/wp-json\/wp\/v2\/tags?post=94405"}],"curies":[{"name":"wp","href":"https:\/\/api.w.org\/{rel}","templated":true}]}}